{"id":10599,"date":"2018-11-03T18:23:24","date_gmt":"2018-11-03T16:23:24","guid":{"rendered":"http:\/\/westwaerts-jakobsweg.at\/?p=10599"},"modified":"2019-12-05T00:26:10","modified_gmt":"2019-12-04T22:26:10","slug":"herbst-camino-tag-2","status":"publish","type":"post","link":"http:\/\/westwaerts-jakobsweg.at\/?p=10599","title":{"rendered":"Herbst Camino Tag 2"},"content":{"rendered":"<p>Saint-Jean-Pied-de-Port &#8211; Roncesvalles 25km<\/p>\n<p>Hola (in der Fr\u00fch noch Bonjour &#x1f60a; )<br \/>\nEs haben immerhin 18 Pilger in der \u00f6ffentlichen Herberge \u00fcbernachtet. Davon waren mehr als die H\u00e4lfte Asiaten, die heute alle um 5:00 aufstanden, um 6:00 sich wie zu Hause f\u00fchlten, um 7:00 noch immer alle Fr\u00fchst\u00fcckstische belagerten und um 7:30 zum Teil erst starteten &#x2639;&#xfe0f; . Ich seh schon, wir m\u00fcssen gelassener werden. Wir sind noch verw\u00f6hnt von der herrliche Ruhe der letzten zwei Wegen in Frankreich.<br \/>\nBeim Fotoapparat ist das Display hin\u00fcber??? Jetzt muss Otto durch den Sucher fotografieren, ich hoffe es kommt nicht noch etwas dazu.<br \/>\nUm 7:30 bei Nebel losgestapft. Die Route \u00fcber Valcarlos ist bis dorthin recht unspektakul\u00e4r. Fast immer durch den Wald, meist auf kleinen Landstra\u00dfen, durch D\u00f6rfer und Weiler.<br \/>\nIn Ventas, noch in Frankreich, gabs die erste Pause. In Arneguy befindet man sich kurz in Spanien, nach der Br\u00fccken\u00fcberquerung allerdings wieder in Frankreich.<br \/>\nKeine Ahnung wo wir dann die Grenze \u00fcberschritten, auf alle F\u00e4lle ist man ab Valcarlos fix in Spanien.<br \/>\nAb da erreicht man teils \u00fcber die Stra\u00dfe, teils \u00fcber sch\u00f6ne Waldpfade den Pass Iba\u00f1eta mit 1057m der h\u00f6chste Punkt dieser Etappe. St\u00e4ndig bergauf, zum Teil recht steil, die letzen 4km waren f\u00fcr mich sehr anstrengend.<br \/>\nAuf der Passh\u00f6he entspannten sich einige Pilger, wir wollten aber schnell hinunter zum Kloster Roncesvalles, wo sich die riesige Pilgerherberge befindet. Zwischen jeweils zwei Stockbetten gibt es eine Raumtrennung, wegen der Privatsph\u00e4re, nicht schlecht finden wir &#x1f44d;. Ha und bei uns haben sich zwei Asiaten einquartiert, wehe die stehen um 5:00 auf, achso wir m\u00fcssen ja gelassener werden &#x1f61c; .<br \/>\nEs ist wirklich sch\u00f6n da und warm, wieder juhu.<br \/>\nEinen sch\u00f6nen Abend w\u00fcnschen O + R<\/p>\n<p>Unterkunft: Kloster Roncesvalles, Fr\u00fchst\u00fcck und Abendessen extra<br \/>\nTel.: 948 760 000<\/p>\n<figure id=\"attachment_10604\" aria-describedby=\"caption-attachment-10604\" style=\"width: 507px\" class=\"wp-caption aligncenter\"><a href=\"http:\/\/westwaerts-jakobsweg.at\/wp-content\/uploads\/2018\/11\/26815CF7-DFDB-43A4-BCDC-33DD7B173C64-e1541268259614.jpeg\"><img loading=\"lazy\" decoding=\"async\" class=\"wp-image-10604 size-large\" src=\"http:\/\/westwaerts-jakobsweg.at\/wp-content\/uploads\/2018\/11\/26815CF7-DFDB-43A4-BCDC-33DD7B173C64-507x760.jpeg\" alt=\"\" width=\"507\" height=\"760\" \/><\/a><figcaption id=\"caption-attachment-10604\" class=\"wp-caption-text\">Start in Saint Jean Pied de Port im Nebel<\/figcaption><\/figure>\n<figure id=\"attachment_10608\" aria-describedby=\"caption-attachment-10608\" style=\"width: 640px\" class=\"wp-caption alignright\"><a href=\"http:\/\/westwaerts-jakobsweg.at\/wp-content\/uploads\/2018\/11\/64D73C07-5AA7-4D30-8A6B-C547DB55A5B2-e1541268400801.jpeg\"><img loading=\"lazy\" decoding=\"async\" class=\"wp-image-10608 size-large\" src=\"http:\/\/westwaerts-jakobsweg.at\/wp-content\/uploads\/2018\/11\/64D73C07-5AA7-4D30-8A6B-C547DB55A5B2-760x507.jpeg\" alt=\"\" width=\"640\" height=\"427\" \/><\/a><figcaption id=\"caption-attachment-10608\" class=\"wp-caption-text\">noch ist es d\u00e4mmrig, Br\u00fccke in S-J-P-d-P<\/figcaption><\/figure>\n<figure id=\"attachment_10605\" aria-describedby=\"caption-attachment-10605\" style=\"width: 507px\" class=\"wp-caption alignnone\"><a href=\"http:\/\/westwaerts-jakobsweg.at\/wp-content\/uploads\/2018\/11\/5B2A73A8-067F-48FF-845D-B6A21B969ECA-e1541268309773.jpeg\"><img loading=\"lazy\" decoding=\"async\" class=\"wp-image-10605 size-large\" src=\"http:\/\/westwaerts-jakobsweg.at\/wp-content\/uploads\/2018\/11\/5B2A73A8-067F-48FF-845D-B6A21B969ECA-507x760.jpeg\" alt=\"\" width=\"507\" height=\"760\" \/><\/a><figcaption id=\"caption-attachment-10605\" class=\"wp-caption-text\">Route \u00fcber Valcarlos nach Roncesvalles<\/figcaption><\/figure>\n<figure id=\"attachment_10606\" aria-describedby=\"caption-attachment-10606\" style=\"width: 640px\" class=\"wp-caption aligncenter\"><a href=\"http:\/\/westwaerts-jakobsweg.at\/wp-content\/uploads\/2018\/11\/282CDDA4-D52D-47D3-ABC0-22BE94D0F6F9-e1541268336226.jpeg\"><img loading=\"lazy\" decoding=\"async\" class=\"wp-image-10606 size-large\" src=\"http:\/\/westwaerts-jakobsweg.at\/wp-content\/uploads\/2018\/11\/282CDDA4-D52D-47D3-ABC0-22BE94D0F6F9-760x570.jpeg\" alt=\"\" width=\"640\" height=\"480\" \/><\/a><figcaption id=\"caption-attachment-10606\" class=\"wp-caption-text\">die Pyren\u00e4en im Nebel<\/figcaption><\/figure>\n<p><a href=\"http:\/\/westwaerts-jakobsweg.at\/wp-content\/uploads\/2018\/11\/38BDB2B0-05DF-4164-91C6-54F31BED38E9-e1541268369312.jpeg\"><img loading=\"lazy\" decoding=\"async\" class=\"size-large wp-image-10607 alignleft\" src=\"http:\/\/westwaerts-jakobsweg.at\/wp-content\/uploads\/2018\/11\/38BDB2B0-05DF-4164-91C6-54F31BED38E9-507x760.jpeg\" alt=\"\" width=\"507\" height=\"760\" \/><\/a><\/p>\n<figure id=\"attachment_10609\" aria-describedby=\"caption-attachment-10609\" style=\"width: 507px\" class=\"wp-caption aligncenter\"><a href=\"http:\/\/westwaerts-jakobsweg.at\/wp-content\/uploads\/2018\/11\/BE9395D3-EFC7-4F87-B8F4-2D4EB92A61DD-e1541268421138.jpeg\"><img loading=\"lazy\" decoding=\"async\" class=\"wp-image-10609 size-large\" src=\"http:\/\/westwaerts-jakobsweg.at\/wp-content\/uploads\/2018\/11\/BE9395D3-EFC7-4F87-B8F4-2D4EB92A61DD-507x760.jpeg\" alt=\"\" width=\"507\" height=\"760\" \/><\/a><figcaption id=\"caption-attachment-10609\" class=\"wp-caption-text\">anstrengende aber sch\u00f6ne Wanderung \u00fcber die Pyren\u00e4en nach Roncesvalles<\/figcaption><\/figure>\n<p><a href=\"http:\/\/westwaerts-jakobsweg.at\/wp-content\/uploads\/2018\/11\/C5307244-1303-4A6D-A932-46297074BFBC.jpeg\"><img loading=\"lazy\" decoding=\"async\" class=\"aligncenter size-large wp-image-10610\" src=\"http:\/\/westwaerts-jakobsweg.at\/wp-content\/uploads\/2018\/11\/C5307244-1303-4A6D-A932-46297074BFBC-760x179.jpeg\" alt=\"\" width=\"640\" height=\"151\" srcset=\"http:\/\/westwaerts-jakobsweg.at\/wp-content\/uploads\/2018\/11\/C5307244-1303-4A6D-A932-46297074BFBC-760x179.jpeg 760w, http:\/\/westwaerts-jakobsweg.at\/wp-content\/uploads\/2018\/11\/C5307244-1303-4A6D-A932-46297074BFBC-300x71.jpeg 300w, http:\/\/westwaerts-jakobsweg.at\/wp-content\/uploads\/2018\/11\/C5307244-1303-4A6D-A932-46297074BFBC-604x142.jpeg 604w, http:\/\/westwaerts-jakobsweg.at\/wp-content\/uploads\/2018\/11\/C5307244-1303-4A6D-A932-46297074BFBC.jpeg 1536w\" sizes=\"(max-width: 640px) 100vw, 640px\" \/><\/a><\/p>\n<figure id=\"attachment_10611\" aria-describedby=\"caption-attachment-10611\" style=\"width: 640px\" class=\"wp-caption alignright\"><a href=\"http:\/\/westwaerts-jakobsweg.at\/wp-content\/uploads\/2018\/11\/0CBD4809-2628-4488-BB31-0CB30287B6AD-e1541268457683.jpeg\"><img loading=\"lazy\" decoding=\"async\" class=\"wp-image-10611 size-large\" src=\"http:\/\/westwaerts-jakobsweg.at\/wp-content\/uploads\/2018\/11\/0CBD4809-2628-4488-BB31-0CB30287B6AD-760x507.jpeg\" alt=\"\" width=\"640\" height=\"427\" \/><\/a><figcaption id=\"caption-attachment-10611\" class=\"wp-caption-text\">Gedenkstein f\u00fcr Roland\u00a0am Pass Iba\u00f1eta..<\/figcaption><\/figure>\n<figure id=\"attachment_10612\" aria-describedby=\"caption-attachment-10612\" style=\"width: 640px\" class=\"wp-caption aligncenter\"><a href=\"http:\/\/westwaerts-jakobsweg.at\/wp-content\/uploads\/2018\/11\/1DA7A673-E715-48CB-8238-7CAE13486E88-e1541268489196.jpeg\"><img loading=\"lazy\" decoding=\"async\" class=\"wp-image-10612 size-large\" src=\"http:\/\/westwaerts-jakobsweg.at\/wp-content\/uploads\/2018\/11\/1DA7A673-E715-48CB-8238-7CAE13486E88-760x507.jpeg\" alt=\"\" width=\"640\" height=\"427\" \/><\/a><figcaption id=\"caption-attachment-10612\" class=\"wp-caption-text\">zum Kloster Roncesvalles mit der Pilgerherberge<\/figcaption><\/figure>\n","protected":false},"excerpt":{"rendered":"<p>Saint-Jean-Pied-de-Port &#8211; Roncesvalles 25km Hola (in der Fr\u00fch noch Bonjour &#x1f60a; ) Es haben immerhin 18 Pilger in der \u00f6ffentlichen Herberge \u00fcbernachtet. Davon waren mehr als die H\u00e4lfte Asiaten, die heute alle um 5:00 aufstanden, um 6:00 sich wie zu Hause f\u00fchlten, um 7:00 noch immer alle Fr\u00fchst\u00fcckstische belagerten und um 7:30 zum Teil erst starteten &#x2639;&#xfe0f; . Ich seh schon, wir m\u00fcssen gelassener werden. Wir sind noch verw\u00f6hnt von der herrliche Ruhe der letzten zwei Wegen in Frankreich. Beim&#8230;<\/p>\n<p class=\"read-more\"><a class=\"btn btn-default\" href=\"http:\/\/westwaerts-jakobsweg.at\/?p=10599\">Weiterlesen<span class=\"screen-reader-text\"> Weiterlesen<\/span><\/a><\/p>\n","protected":false},"author":1,"featured_media":0,"comment_status":"open","ping_status":"open","sticky":false,"template":"","format":"standard","meta":{"footnotes":""},"categories":[23,27],"tags":[],"_links":{"self":[{"href":"http:\/\/westwaerts-jakobsweg.at\/index.php?rest_route=\/wp\/v2\/posts\/10599"}],"collection":[{"href":"http:\/\/westwaerts-jakobsweg.at\/index.php?rest_route=\/wp\/v2\/posts"}],"about":[{"href":"http:\/\/westwaerts-jakobsweg.at\/index.php?rest_route=\/wp\/v2\/types\/post"}],"author":[{"embeddable":true,"href":"http:\/\/westwaerts-jakobsweg.at\/index.php?rest_route=\/wp\/v2\/users\/1"}],"replies":[{"embeddable":true,"href":"http:\/\/westwaerts-jakobsweg.at\/index.php?rest_route=%2Fwp%2Fv2%2Fcomments&post=10599"}],"version-history":[{"count":0,"href":"http:\/\/westwaerts-jakobsweg.at\/index.php?rest_route=\/wp\/v2\/posts\/10599\/revisions"}],"wp:attachment":[{"href":"http:\/\/westwaerts-jakobsweg.at\/index.php?rest_route=%2Fwp%2Fv2%2Fmedia&parent=10599"}],"wp:term":[{"taxonomy":"category","embeddable":true,"href":"http:\/\/westwaerts-jakobsweg.at\/index.php?rest_route=%2Fwp%2Fv2%2Fcategories&post=10599"},{"taxonomy":"post_tag","embeddable":true,"href":"http:\/\/westwaerts-jakobsweg.at\/index.php?rest_route=%2Fwp%2Fv2%2Ftags&post=10599"}],"curies":[{"name":"wp","href":"https:\/\/api.w.org\/{rel}","templated":true}]}}