{"id":10985,"date":"2018-11-28T20:05:11","date_gmt":"2018-11-28T18:05:11","guid":{"rendered":"http:\/\/westwaerts-jakobsweg.at\/?p=10985"},"modified":"2019-02-04T18:52:55","modified_gmt":"2019-02-04T16:52:55","slug":"herbst-camino-tag-26","status":"publish","type":"post","link":"http:\/\/westwaerts-jakobsweg.at\/?p=10985","title":{"rendered":"Herbst Camino Tag 27"},"content":{"rendered":"<p>Alto do Poio &#8211; Sarria 32.5km (681.8km)<\/p>\n<p>Die letzte Nacht war die Katastrophe pur. Nicht nur weil es so kalt war, da sind wir wohl selber Schuld, bei \u00dcbernachtung auf einem Pass &#x1f62c; . Ich war um 4:00 noch immer nicht m\u00fcde und alles war mir l\u00e4stig. Meine hei\u00dfgeliebten, extra f\u00fcr mich angefertigten Ohrst\u00f6psel, hab ich in Ponferrado vergessen. Der Polster hat nicht gepasst, die Matratzen haben durch ein dickes Plastik geraschelt, ich fesselte mich st\u00e4ndig in meinem Schlafsack&#8230;. Du meine G\u00fcte war ich froh als ich endlich aufstehen konnte.<br \/>\nIm Dunkeln zu starten und in den Tag hineinlaufen war echt sch\u00f6n und die K\u00e4lte verging durchs Gehen recht schnell. In Fonfria h\u00e4tten wir gestern gerne in der sch\u00f6nen Herberge geschlafen, leider zu. Dort w\u00fcrde der Hospitalero eine Queimada machen. Bissl wie bei uns die Feuerzangenbowle, nur kommen noch Kr\u00e4uter, Kaffeebohnen und Orangenschalen dazu.<br \/>\nDurch einige Kuhd\u00f6rfer, vis-a-vis in den Bergen gabs bereits Sonne. Eigentlich war bis jetzt die Landschaft \u00fcberraschend gr\u00fcn aber Galicien kann noch eins draufsetzen.<br \/>\nImmer gings abw\u00e4rts, bis Triacastela, der heftige R\u00fcckenwind trieb uns ordentlich voran. Im D\u00f6rfchen Ramil steht ein uralter, dicker Kastanienbaum. Vor lauter Ehrfurcht warf sich Otto in den Gatsch &#x1f92a; .<br \/>\nNach der Pause in Triacastela mussten wir uns wieder einmal zwischen zwei M\u00f6glichkeiten nach Sarria entscheiden. Wir w\u00e4hlten den Weg \u00fcber San Xil, den fanden wir vor sechs Jahren auch recht sch\u00f6n. Durch A Balsa, vorbei an Gertrudis Haus (ich hoffe ich hab das richtige fotografiert? \ud83d\ude09 ) . Ein Laubwald bringt einem zum Pass R\u00edocabo. Wandern wie bei uns in der Steiermark :-). Irgendwo in der \u201ePr\u00e4rie\u201c stand fr\u00fcher ein Getr\u00e4nkeautomat, den haben sie leider wegger\u00e4umt, schade, war eine nette Pause. Irgendwo am Weg bot ein Aussteiger aus Brasilien Kaffee, Obst, N\u00fcsse&#8230;.auf Spendenbasis an, war eben dort unsere Pause. Hinunter gings wieder durch einen Laubwald, sonnig und warm ist es in Sarria und ich denke heut sind wir m\u00fcde ;-).<br \/>\nFu\u00dfbodenheizung in der \u00f6ffentlichen, galicischen Herberge \u00a0\ud83d\ude42 , wie immer in der K\u00fcche kein Geschirr. Die Koreaner haben sich bei der Hospitalera eins ausgeborgt? Bei uns gibt es Empanadas, da brauchen wir kein Geschirr.<br \/>\nMahlzeit sagen O + R<\/p>\n<p>Unterkunft: \u00d6ffentliche, galicische Herberge<br \/>\nTel.: 660 396 813<\/p>\n<figure id=\"attachment_10988\" aria-describedby=\"caption-attachment-10988\" style=\"width: 640px\" class=\"wp-caption aligncenter\"><a href=\"http:\/\/westwaerts-jakobsweg.at\/wp-content\/uploads\/2018\/11\/12ECF043-9468-4E9F-81D2-68722B9A037F.jpeg\"><img loading=\"lazy\" decoding=\"async\" class=\"wp-image-10988 size-large\" src=\"http:\/\/westwaerts-jakobsweg.at\/wp-content\/uploads\/2018\/11\/12ECF043-9468-4E9F-81D2-68722B9A037F-760x507.jpeg\" alt=\"\" width=\"640\" height=\"427\" srcset=\"http:\/\/westwaerts-jakobsweg.at\/wp-content\/uploads\/2018\/11\/12ECF043-9468-4E9F-81D2-68722B9A037F-760x507.jpeg 760w, http:\/\/westwaerts-jakobsweg.at\/wp-content\/uploads\/2018\/11\/12ECF043-9468-4E9F-81D2-68722B9A037F-300x200.jpeg 300w, http:\/\/westwaerts-jakobsweg.at\/wp-content\/uploads\/2018\/11\/12ECF043-9468-4E9F-81D2-68722B9A037F-405x270.jpeg 405w, http:\/\/westwaerts-jakobsweg.at\/wp-content\/uploads\/2018\/11\/12ECF043-9468-4E9F-81D2-68722B9A037F.jpeg 1536w\" sizes=\"(max-width: 640px) 100vw, 640px\" \/><\/a><figcaption id=\"caption-attachment-10988\" class=\"wp-caption-text\">in der Dunkelheit starteten wir vom Alto do Poio&#8230;..<\/figcaption><\/figure>\n<figure id=\"attachment_10989\" aria-describedby=\"caption-attachment-10989\" style=\"width: 640px\" class=\"wp-caption aligncenter\"><a href=\"http:\/\/westwaerts-jakobsweg.at\/wp-content\/uploads\/2018\/11\/B06E2CDA-1FCE-451E-8392-7631293C9446.jpeg\"><img loading=\"lazy\" decoding=\"async\" class=\"wp-image-10989 size-large\" src=\"http:\/\/westwaerts-jakobsweg.at\/wp-content\/uploads\/2018\/11\/B06E2CDA-1FCE-451E-8392-7631293C9446-760x507.jpeg\" alt=\"\" width=\"640\" height=\"427\" srcset=\"http:\/\/westwaerts-jakobsweg.at\/wp-content\/uploads\/2018\/11\/B06E2CDA-1FCE-451E-8392-7631293C9446-760x507.jpeg 760w, http:\/\/westwaerts-jakobsweg.at\/wp-content\/uploads\/2018\/11\/B06E2CDA-1FCE-451E-8392-7631293C9446-300x200.jpeg 300w, http:\/\/westwaerts-jakobsweg.at\/wp-content\/uploads\/2018\/11\/B06E2CDA-1FCE-451E-8392-7631293C9446-405x270.jpeg 405w, http:\/\/westwaerts-jakobsweg.at\/wp-content\/uploads\/2018\/11\/B06E2CDA-1FCE-451E-8392-7631293C9446.jpeg 1536w\" sizes=\"(max-width: 640px) 100vw, 640px\" \/><\/a><figcaption id=\"caption-attachment-10989\" class=\"wp-caption-text\">&#8230;..Richtung Triacastela<\/figcaption><\/figure>\n<figure id=\"attachment_10990\" aria-describedby=\"caption-attachment-10990\" style=\"width: 640px\" class=\"wp-caption aligncenter\"><a href=\"http:\/\/westwaerts-jakobsweg.at\/wp-content\/uploads\/2018\/11\/1CDB4586-607E-46A8-9B29-EAC4D4B31A05.jpeg\"><img loading=\"lazy\" decoding=\"async\" class=\"wp-image-10990 size-large\" src=\"http:\/\/westwaerts-jakobsweg.at\/wp-content\/uploads\/2018\/11\/1CDB4586-607E-46A8-9B29-EAC4D4B31A05-760x507.jpeg\" alt=\"\" width=\"640\" height=\"427\" srcset=\"http:\/\/westwaerts-jakobsweg.at\/wp-content\/uploads\/2018\/11\/1CDB4586-607E-46A8-9B29-EAC4D4B31A05-760x507.jpeg 760w, http:\/\/westwaerts-jakobsweg.at\/wp-content\/uploads\/2018\/11\/1CDB4586-607E-46A8-9B29-EAC4D4B31A05-300x200.jpeg 300w, http:\/\/westwaerts-jakobsweg.at\/wp-content\/uploads\/2018\/11\/1CDB4586-607E-46A8-9B29-EAC4D4B31A05-405x270.jpeg 405w, http:\/\/westwaerts-jakobsweg.at\/wp-content\/uploads\/2018\/11\/1CDB4586-607E-46A8-9B29-EAC4D4B31A05.jpeg 1536w\" sizes=\"(max-width: 640px) 100vw, 640px\" \/><\/a><figcaption id=\"caption-attachment-10990\" class=\"wp-caption-text\">Kornspeicher (H\u00f3rreo)<\/figcaption><\/figure>\n<figure id=\"attachment_10991\" aria-describedby=\"caption-attachment-10991\" style=\"width: 507px\" class=\"wp-caption aligncenter\"><a href=\"http:\/\/westwaerts-jakobsweg.at\/wp-content\/uploads\/2018\/11\/73940E6A-E0A7-4031-9861-D118F0C74BCF.jpeg\"><img loading=\"lazy\" decoding=\"async\" class=\"wp-image-10991 size-large\" src=\"http:\/\/westwaerts-jakobsweg.at\/wp-content\/uploads\/2018\/11\/73940E6A-E0A7-4031-9861-D118F0C74BCF-507x760.jpeg\" alt=\"\" width=\"507\" height=\"760\" srcset=\"http:\/\/westwaerts-jakobsweg.at\/wp-content\/uploads\/2018\/11\/73940E6A-E0A7-4031-9861-D118F0C74BCF-507x760.jpeg 507w, http:\/\/westwaerts-jakobsweg.at\/wp-content\/uploads\/2018\/11\/73940E6A-E0A7-4031-9861-D118F0C74BCF-200x300.jpeg 200w, http:\/\/westwaerts-jakobsweg.at\/wp-content\/uploads\/2018\/11\/73940E6A-E0A7-4031-9861-D118F0C74BCF-180x270.jpeg 180w, http:\/\/westwaerts-jakobsweg.at\/wp-content\/uploads\/2018\/11\/73940E6A-E0A7-4031-9861-D118F0C74BCF.jpeg 1024w\" sizes=\"(max-width: 507px) 100vw, 507px\" \/><\/a><figcaption id=\"caption-attachment-10991\" class=\"wp-caption-text\">uralter Kastanienbaum im\u00a0D\u00f6rfchen Ramil<\/figcaption><\/figure>\n<figure id=\"attachment_10992\" aria-describedby=\"caption-attachment-10992\" style=\"width: 640px\" class=\"wp-caption aligncenter\"><a href=\"http:\/\/westwaerts-jakobsweg.at\/wp-content\/uploads\/2018\/11\/099BE7AD-442F-4F81-8C26-7E8E280A0B68.jpeg\"><img loading=\"lazy\" decoding=\"async\" class=\"wp-image-10992 size-large\" src=\"http:\/\/westwaerts-jakobsweg.at\/wp-content\/uploads\/2018\/11\/099BE7AD-442F-4F81-8C26-7E8E280A0B68-760x570.jpeg\" alt=\"\" width=\"640\" height=\"480\" srcset=\"http:\/\/westwaerts-jakobsweg.at\/wp-content\/uploads\/2018\/11\/099BE7AD-442F-4F81-8C26-7E8E280A0B68-760x570.jpeg 760w, http:\/\/westwaerts-jakobsweg.at\/wp-content\/uploads\/2018\/11\/099BE7AD-442F-4F81-8C26-7E8E280A0B68-300x225.jpeg 300w, http:\/\/westwaerts-jakobsweg.at\/wp-content\/uploads\/2018\/11\/099BE7AD-442F-4F81-8C26-7E8E280A0B68-360x270.jpeg 360w, http:\/\/westwaerts-jakobsweg.at\/wp-content\/uploads\/2018\/11\/099BE7AD-442F-4F81-8C26-7E8E280A0B68.jpeg 1536w\" sizes=\"(max-width: 640px) 100vw, 640px\" \/><\/a><figcaption id=\"caption-attachment-10992\" class=\"wp-caption-text\">Gertrudis Haus in\u00a0A Balsa<\/figcaption><\/figure>\n<p><a href=\"http:\/\/westwaerts-jakobsweg.at\/wp-content\/uploads\/2018\/11\/4DD0C7BB-D41E-41CE-A3C7-7695E6C7BB92.jpeg\"><img loading=\"lazy\" decoding=\"async\" class=\"aligncenter size-large wp-image-10993\" src=\"http:\/\/westwaerts-jakobsweg.at\/wp-content\/uploads\/2018\/11\/4DD0C7BB-D41E-41CE-A3C7-7695E6C7BB92-760x290.jpeg\" alt=\"\" width=\"640\" height=\"244\" srcset=\"http:\/\/westwaerts-jakobsweg.at\/wp-content\/uploads\/2018\/11\/4DD0C7BB-D41E-41CE-A3C7-7695E6C7BB92-760x290.jpeg 760w, http:\/\/westwaerts-jakobsweg.at\/wp-content\/uploads\/2018\/11\/4DD0C7BB-D41E-41CE-A3C7-7695E6C7BB92-300x115.jpeg 300w, http:\/\/westwaerts-jakobsweg.at\/wp-content\/uploads\/2018\/11\/4DD0C7BB-D41E-41CE-A3C7-7695E6C7BB92-604x231.jpeg 604w, http:\/\/westwaerts-jakobsweg.at\/wp-content\/uploads\/2018\/11\/4DD0C7BB-D41E-41CE-A3C7-7695E6C7BB92.jpeg 1536w\" sizes=\"(max-width: 640px) 100vw, 640px\" \/><\/a><\/p>\n<p><a href=\"http:\/\/westwaerts-jakobsweg.at\/wp-content\/uploads\/2018\/11\/B25B17AE-A049-4708-868A-73255DCB356B.jpeg\"><img loading=\"lazy\" decoding=\"async\" class=\"aligncenter size-large wp-image-10994\" src=\"http:\/\/westwaerts-jakobsweg.at\/wp-content\/uploads\/2018\/11\/B25B17AE-A049-4708-868A-73255DCB356B-760x507.jpeg\" alt=\"\" width=\"640\" height=\"427\" srcset=\"http:\/\/westwaerts-jakobsweg.at\/wp-content\/uploads\/2018\/11\/B25B17AE-A049-4708-868A-73255DCB356B-760x507.jpeg 760w, http:\/\/westwaerts-jakobsweg.at\/wp-content\/uploads\/2018\/11\/B25B17AE-A049-4708-868A-73255DCB356B-300x200.jpeg 300w, http:\/\/westwaerts-jakobsweg.at\/wp-content\/uploads\/2018\/11\/B25B17AE-A049-4708-868A-73255DCB356B-405x270.jpeg 405w, http:\/\/westwaerts-jakobsweg.at\/wp-content\/uploads\/2018\/11\/B25B17AE-A049-4708-868A-73255DCB356B.jpeg 1536w\" sizes=\"(max-width: 640px) 100vw, 640px\" \/><\/a><\/p>\n","protected":false},"excerpt":{"rendered":"<p>Alto do Poio &#8211; Sarria 32.5km (681.8km) Die letzte Nacht war die Katastrophe pur. Nicht nur weil es so kalt war, da sind wir wohl selber Schuld, bei \u00dcbernachtung auf einem Pass &#x1f62c; . Ich war um 4:00 noch immer nicht m\u00fcde und alles war mir l\u00e4stig. Meine hei\u00dfgeliebten, extra f\u00fcr mich angefertigten Ohrst\u00f6psel, hab ich in Ponferrado vergessen. Der Polster hat nicht gepasst, die Matratzen haben durch ein dickes Plastik geraschelt, ich fesselte mich st\u00e4ndig in meinem Schlafsack&#8230;. Du&#8230;<\/p>\n<p class=\"read-more\"><a class=\"btn btn-default\" href=\"http:\/\/westwaerts-jakobsweg.at\/?p=10985\">Weiterlesen<span class=\"screen-reader-text\"> Weiterlesen<\/span><\/a><\/p>\n","protected":false},"author":1,"featured_media":0,"comment_status":"open","ping_status":"open","sticky":false,"template":"","format":"standard","meta":{"footnotes":""},"categories":[23,27],"tags":[],"_links":{"self":[{"href":"http:\/\/westwaerts-jakobsweg.at\/index.php?rest_route=\/wp\/v2\/posts\/10985"}],"collection":[{"href":"http:\/\/westwaerts-jakobsweg.at\/index.php?rest_route=\/wp\/v2\/posts"}],"about":[{"href":"http:\/\/westwaerts-jakobsweg.at\/index.php?rest_route=\/wp\/v2\/types\/post"}],"author":[{"embeddable":true,"href":"http:\/\/westwaerts-jakobsweg.at\/index.php?rest_route=\/wp\/v2\/users\/1"}],"replies":[{"embeddable":true,"href":"http:\/\/westwaerts-jakobsweg.at\/index.php?rest_route=%2Fwp%2Fv2%2Fcomments&post=10985"}],"version-history":[{"count":0,"href":"http:\/\/westwaerts-jakobsweg.at\/index.php?rest_route=\/wp\/v2\/posts\/10985\/revisions"}],"wp:attachment":[{"href":"http:\/\/westwaerts-jakobsweg.at\/index.php?rest_route=%2Fwp%2Fv2%2Fmedia&parent=10985"}],"wp:term":[{"taxonomy":"category","embeddable":true,"href":"http:\/\/westwaerts-jakobsweg.at\/index.php?rest_route=%2Fwp%2Fv2%2Fcategories&post=10985"},{"taxonomy":"post_tag","embeddable":true,"href":"http:\/\/westwaerts-jakobsweg.at\/index.php?rest_route=%2Fwp%2Fv2%2Ftags&post=10985"}],"curies":[{"name":"wp","href":"https:\/\/api.w.org\/{rel}","templated":true}]}}