{"id":11976,"date":"2019-03-20T19:48:17","date_gmt":"2019-03-20T17:48:17","guid":{"rendered":"http:\/\/westwaerts-jakobsweg.at\/?p=11976"},"modified":"2023-10-11T18:08:17","modified_gmt":"2023-10-11T16:08:17","slug":"schwechat-stephansplatz-ca-18km","status":"publish","type":"post","link":"http:\/\/westwaerts-jakobsweg.at\/?p=11976","title":{"rendered":"Wolfsthal-Purkersdorf Tag 3"},"content":{"rendered":"<p>Schwechat &#8211; Stephansplatz. ca.18km (75.5km)<\/p>\n<p>Da zwischen Mannsw\u00f6rth und Schwechat nur die OMV Raffinerie liegt und man in Schwechat, entlang der Uferpromenade ankommt und die Stadt auf gleichem Wege wieder verl\u00e4sst, sind wir gleich da ausgestiegen und nicht nach Mannsw\u00f6rth gefahren.<br \/>\nSonnenschein bereits in der Fr\u00fch. Gutgelaunt gings zur Jakobskirche. Nach der Besichtigung, ja sie war tats\u00e4chlich offen, begann unsere gem\u00fctliche Wanderung entlang der Schwechat. Die B\u00e4ume bl\u00fchen zur Zeit, sch\u00f6n anzusehen aber hoffentlich schl\u00e4gt die Allergie nicht zu.<br \/>\nSchnell waren wir beim Alberner Hafen. Die alte Markierung vom ehemaligen Rundwanderweg Wien verl\u00e4uft zu Beginn gleich und ist \u00a0immer noch gut zu sehen.<br \/>\nDen Friedhof der Namenlosen l\u00e4sst man rechts liegen, der Jakobsweg geht links zum Donaukraftwerk Freudenau. Kurz begleitet uns der rundumadum-Weg-Wien, vor gar nicht langer Zeit haben wir diesen &#8222;unsicher&#8220; gemacht, auch sehr empfehlenswert \u00a0:-).<br \/>\nNach einer kurzen Sonnenpause gings weiter \u00fcber die Donauinsel bis zur Donaustadtbr\u00fccke, wo man nach Kaiserm\u00fchlen zur Herz Jesu Kirche abbiegt.<br \/>\nVerdient man sich nach nur 13km ein Eis? Klar doch, nix wie rein zum Trento und genie\u00dfen :-). Naja, doch noch nicht ganz die richtige Zeit daf\u00fcr sp\u00fcrte ich, nachdem sich die Sonne auch noch verabschiedete.<br \/>\nStatt der Sch\u00fcttaustra\u00dfe w\u00e4hlten wir die Donauinsel, um \u00fcber die Reichsbr\u00fccke den 2.Bezirk zu erreichen. Dort begr\u00fc\u00dft einem meine Lieblingskirche, \u00a0Franz-von-Assisi, bekannter unter Mexikokirche.<br \/>\nNun gehts die Lassalestra\u00dfe hinauf wo am Praterstern das riesige Tegetthoff-Denkmal die Praterstra\u00dfe &#8222;\u00fcberwacht&#8220;. Bei der Marienbr\u00fccke biegt man ein und gelangt in den 1.Bezirk. Noch entlang der Rotenturmstra\u00dfe, zur Zeit eine einzige Baustelle und wir waren am Stephansplatz. Wie immer war er mit einer Menge Besuchern belagert. Wir zw\u00e4ngten uns trotzdem in den Dom und staunten nicht schlecht \u00fcber die rosa Kunst die zur Zeit da drinnen h\u00e4ngt?<br \/>\nObwohl heute nur Asphalt war, fanden wir den Weg wundersch\u00f6n. Ein gro\u00dfes Lob an Quo vadis und den flei\u00dfigen Helferleins. Die Markierung ist durchgehend hervorragend, vielen Dank daf\u00fcr \ud83d\ude42 .<br \/>\nN\u00e4chste Woche gehts nach Purkersdorf, darauf freuen sich O + R<\/p>\n<div id='gallery-1' class='gallery galleryid-11976 gallery-columns-3 gallery-size-thumbnail'><figure class='gallery-item'>\n\t\t\t<div class='gallery-icon landscape'>\n\t\t\t\t<a href='http:\/\/westwaerts-jakobsweg.at\/?attachment_id=12012'><img loading=\"lazy\" decoding=\"async\" width=\"150\" height=\"150\" src=\"http:\/\/westwaerts-jakobsweg.at\/wp-content\/uploads\/2019\/03\/P3192692-150x150.jpg\" class=\"attachment-thumbnail size-thumbnail\" alt=\"\" \/><\/a>\n\t\t\t<\/div><\/figure><figure class='gallery-item'>\n\t\t\t<div class='gallery-icon portrait'>\n\t\t\t\t<a href='http:\/\/westwaerts-jakobsweg.at\/?attachment_id=12016'><img loading=\"lazy\" decoding=\"async\" width=\"150\" height=\"150\" src=\"http:\/\/westwaerts-jakobsweg.at\/wp-content\/uploads\/2019\/03\/P1030463-150x150.jpg\" class=\"attachment-thumbnail size-thumbnail\" alt=\"\" aria-describedby=\"gallery-1-12016\" \/><\/a>\n\t\t\t<\/div>\n\t\t\t\t<figcaption class='wp-caption-text gallery-caption' id='gallery-1-12016'>\n\t\t\t\tJakobskirche in Schwechat\n\t\t\t\t<\/figcaption><\/figure><figure class='gallery-item'>\n\t\t\t<div class='gallery-icon landscape'>\n\t\t\t\t<a href='http:\/\/westwaerts-jakobsweg.at\/?attachment_id=12013'><img loading=\"lazy\" decoding=\"async\" width=\"150\" height=\"150\" src=\"http:\/\/westwaerts-jakobsweg.at\/wp-content\/uploads\/2019\/03\/P3202696-150x150.jpg\" class=\"attachment-thumbnail size-thumbnail\" alt=\"\" aria-describedby=\"gallery-1-12013\" \/><\/a>\n\t\t\t<\/div>\n\t\t\t\t<figcaption class='wp-caption-text gallery-caption' id='gallery-1-12013'>\n\t\t\t\tbeim Donaukraftwerk Freudenau\n\t\t\t\t<\/figcaption><\/figure><figure class='gallery-item'>\n\t\t\t<div class='gallery-icon landscape'>\n\t\t\t\t<a href='http:\/\/westwaerts-jakobsweg.at\/?attachment_id=12014'><img loading=\"lazy\" decoding=\"async\" width=\"150\" height=\"150\" src=\"http:\/\/westwaerts-jakobsweg.at\/wp-content\/uploads\/2019\/03\/P3202700-150x150.jpg\" class=\"attachment-thumbnail size-thumbnail\" alt=\"\" \/><\/a>\n\t\t\t<\/div><\/figure><figure class='gallery-item'>\n\t\t\t<div class='gallery-icon portrait'>\n\t\t\t\t<a href='http:\/\/westwaerts-jakobsweg.at\/?attachment_id=12015'><img loading=\"lazy\" decoding=\"async\" width=\"150\" height=\"150\" src=\"http:\/\/westwaerts-jakobsweg.at\/wp-content\/uploads\/2019\/03\/P3202701-150x150.jpg\" class=\"attachment-thumbnail size-thumbnail\" alt=\"\" aria-describedby=\"gallery-1-12015\" \/><\/a>\n\t\t\t<\/div>\n\t\t\t\t<figcaption class='wp-caption-text gallery-caption' id='gallery-1-12015'>\n\t\t\t\tzwei auf der Donauinsel\n\t\t\t\t<\/figcaption><\/figure><figure class='gallery-item'>\n\t\t\t<div class='gallery-icon landscape'>\n\t\t\t\t<a href='http:\/\/westwaerts-jakobsweg.at\/?attachment_id=12017'><img loading=\"lazy\" decoding=\"async\" width=\"150\" height=\"150\" src=\"http:\/\/westwaerts-jakobsweg.at\/wp-content\/uploads\/2019\/03\/P1030477-150x150.jpg\" class=\"attachment-thumbnail size-thumbnail\" alt=\"\" aria-describedby=\"gallery-1-12017\" \/><\/a>\n\t\t\t<\/div>\n\t\t\t\t<figcaption class='wp-caption-text gallery-caption' id='gallery-1-12017'>\n\t\t\t\tHerz Jesu Kirche in Kaiserm\u00fchlen\n\t\t\t\t<\/figcaption><\/figure><figure class='gallery-item'>\n\t\t\t<div class='gallery-icon portrait'>\n\t\t\t\t<a href='http:\/\/westwaerts-jakobsweg.at\/?attachment_id=12018'><img loading=\"lazy\" decoding=\"async\" width=\"150\" height=\"150\" src=\"http:\/\/westwaerts-jakobsweg.at\/wp-content\/uploads\/2019\/03\/P1030479-150x150.jpg\" class=\"attachment-thumbnail size-thumbnail\" alt=\"\" aria-describedby=\"gallery-1-12018\" \/><\/a>\n\t\t\t<\/div>\n\t\t\t\t<figcaption class='wp-caption-text gallery-caption' id='gallery-1-12018'>\n\t\t\t\tFranz-von-Assisi-Kirche (Mexikokirche) im 2.Bez. \n\t\t\t\t<\/figcaption><\/figure><figure class='gallery-item'>\n\t\t\t<div class='gallery-icon portrait'>\n\t\t\t\t<a href='http:\/\/westwaerts-jakobsweg.at\/?attachment_id=12019'><img loading=\"lazy\" decoding=\"async\" width=\"150\" height=\"150\" src=\"http:\/\/westwaerts-jakobsweg.at\/wp-content\/uploads\/2019\/03\/P1030481-150x150.jpg\" class=\"attachment-thumbnail size-thumbnail\" alt=\"\" aria-describedby=\"gallery-1-12019\" \/><\/a>\n\t\t\t<\/div>\n\t\t\t\t<figcaption class='wp-caption-text gallery-caption' id='gallery-1-12019'>\n\t\t\t\tTegetthoff-Denkmal am Praterstern\n\t\t\t\t<\/figcaption><\/figure><figure class='gallery-item'>\n\t\t\t<div class='gallery-icon portrait'>\n\t\t\t\t<a href='http:\/\/westwaerts-jakobsweg.at\/?attachment_id=12020'><img loading=\"lazy\" decoding=\"async\" width=\"150\" height=\"150\" src=\"http:\/\/westwaerts-jakobsweg.at\/wp-content\/uploads\/2019\/03\/P1030485-150x150.jpg\" class=\"attachment-thumbnail size-thumbnail\" alt=\"\" aria-describedby=\"gallery-1-12020\" \/><\/a>\n\t\t\t<\/div>\n\t\t\t\t<figcaption class='wp-caption-text gallery-caption' id='gallery-1-12020'>\n\t\t\t\tStephansdom am Wiener Stephansplatz\n\t\t\t\t<\/figcaption><\/figure>\n\t\t<\/div>\n\n<p>&nbsp;<\/p>\n","protected":false},"excerpt":{"rendered":"<p>Schwechat &#8211; Stephansplatz. ca.18km (75.5km) Da zwischen Mannsw\u00f6rth und Schwechat nur die OMV Raffinerie liegt und man in Schwechat, entlang der Uferpromenade ankommt und die Stadt auf gleichem Wege wieder verl\u00e4sst, sind wir gleich da ausgestiegen und nicht nach Mannsw\u00f6rth gefahren. Sonnenschein bereits in der Fr\u00fch. Gutgelaunt gings zur Jakobskirche. Nach der Besichtigung, ja sie war tats\u00e4chlich offen, begann unsere gem\u00fctliche Wanderung entlang der Schwechat. Die B\u00e4ume bl\u00fchen zur Zeit, sch\u00f6n anzusehen aber hoffentlich schl\u00e4gt die Allergie nicht zu. Schnell&#8230;<\/p>\n<p class=\"read-more\"><a class=\"btn btn-default\" href=\"http:\/\/westwaerts-jakobsweg.at\/?p=11976\">Weiterlesen<span class=\"screen-reader-text\"> Weiterlesen<\/span><\/a><\/p>\n","protected":false},"author":1,"featured_media":0,"comment_status":"open","ping_status":"open","sticky":false,"template":"","format":"standard","meta":{"footnotes":""},"categories":[30,31],"tags":[],"_links":{"self":[{"href":"http:\/\/westwaerts-jakobsweg.at\/index.php?rest_route=\/wp\/v2\/posts\/11976"}],"collection":[{"href":"http:\/\/westwaerts-jakobsweg.at\/index.php?rest_route=\/wp\/v2\/posts"}],"about":[{"href":"http:\/\/westwaerts-jakobsweg.at\/index.php?rest_route=\/wp\/v2\/types\/post"}],"author":[{"embeddable":true,"href":"http:\/\/westwaerts-jakobsweg.at\/index.php?rest_route=\/wp\/v2\/users\/1"}],"replies":[{"embeddable":true,"href":"http:\/\/westwaerts-jakobsweg.at\/index.php?rest_route=%2Fwp%2Fv2%2Fcomments&post=11976"}],"version-history":[{"count":0,"href":"http:\/\/westwaerts-jakobsweg.at\/index.php?rest_route=\/wp\/v2\/posts\/11976\/revisions"}],"wp:attachment":[{"href":"http:\/\/westwaerts-jakobsweg.at\/index.php?rest_route=%2Fwp%2Fv2%2Fmedia&parent=11976"}],"wp:term":[{"taxonomy":"category","embeddable":true,"href":"http:\/\/westwaerts-jakobsweg.at\/index.php?rest_route=%2Fwp%2Fv2%2Fcategories&post=11976"},{"taxonomy":"post_tag","embeddable":true,"href":"http:\/\/westwaerts-jakobsweg.at\/index.php?rest_route=%2Fwp%2Fv2%2Ftags&post=11976"}],"curies":[{"name":"wp","href":"https:\/\/api.w.org\/{rel}","templated":true}]}}