{"id":12155,"date":"2019-03-31T17:35:51","date_gmt":"2019-03-31T15:35:51","guid":{"rendered":"http:\/\/westwaerts-jakobsweg.at\/?p=12155"},"modified":"2019-11-10T16:12:03","modified_gmt":"2019-11-10T14:12:03","slug":"via-lusitana-tag-1","status":"publish","type":"post","link":"http:\/\/westwaerts-jakobsweg.at\/?p=12155","title":{"rendered":"Via  Lusitana Tag 1"},"content":{"rendered":"<p>Wien &#8211; Faro &#8211; Vila Real de Santo Ant\u00f3nio \u00a0(Flug und Bus)<\/p>\n<p>Uff, aufgestanden um 2:30 f\u00fcr den Flug um 5:30.<br \/>\nWir waren echt erstaunt wie voll der Flughafen Schwechat um diese Zeit war. Viele haben dort geschlafen, haha, das kennen wir ja auch schon.<br \/>\nP\u00fcnktlich um 8:00 in Faro gelandet. Verwirrend, die Uhren haben wir zu Hause 1Stunde vorgestellt, in Portugal wieder 1 Stunde zur\u00fcckgestellt &#x1f644; . Mit dem Bus ging es vom Flughafen in die Stadt, dort hatten wir sofort Anschluss f\u00fcr den n\u00e4chsten Bus, nach Vila Real de Santo Ant\u00f3nio.<br \/>\nVom Busbahnhof war es nicht weit zu unserem netten Hotel.<br \/>\nAn einem Sonntag herrscht dort in der Fu\u00dfgeherzone Hochbetrieb. Alle Gesch\u00e4fte waren ge\u00f6ffnet, auch ein gro\u00dfer Supermarkt. Da haben wir gleich f\u00fcrs Abendessen und Fr\u00fchst\u00fcck zugeschlagen. Unser Hotel hat eine Dachterasse mit Aufenthaltsraum und eine K\u00fcche zur Selbstversorgung, genau das haben wir vor. Kein Restaurant kann diesen sensationellen Blick von der Dachterasse dopen. \u00dcber den D\u00e4chern der Stadt sieht man zum Hafen mit dem Fluss Guadiana, auf der anderen Seite liegt Spanien &#x1f917; .<br \/>\nNach einem Kaffee mit s\u00fc\u00dfen Puddingteilchen war eine Stadtbesichtigung angesagt. Viel sch\u00f6ner war dann eigentlich der Spaziergang, entlang der sonnigen Uferpromenade. Noch einen Schwenk zum Leuchtturm den wir von unserer Terrasse aus bereits sahen, der Arme muss v\u00f6llig im Trockenen stehen? &#x1f644; .<br \/>\nJetzt knotzen wir \u201eam Dach\u201c herum und lassen die Seele baumeln.<br \/>\nGut essen und noch besser schlafen werden heut O + R<\/p>\n<p>Unterkunft: Hospedaria Villa Marquez (mit K\u00fcche)<br \/>\nJos\u00e9 Bar\u00e3o 61 Tel.: 281 530 420<\/p>\n<div id='gallery-1' class='gallery galleryid-12155 gallery-columns-3 gallery-size-thumbnail'><figure class='gallery-item'>\n\t\t\t<div class='gallery-icon landscape'>\n\t\t\t\t<a href='http:\/\/westwaerts-jakobsweg.at\/?attachment_id=12162'><img loading=\"lazy\" decoding=\"async\" width=\"150\" height=\"150\" src=\"http:\/\/westwaerts-jakobsweg.at\/wp-content\/uploads\/2019\/03\/D73108B0-3400-4354-B110-0DFD24E241CD-150x150.jpeg\" class=\"attachment-thumbnail size-thumbnail\" alt=\"\" aria-describedby=\"gallery-1-12162\" \/><\/a>\n\t\t\t<\/div>\n\t\t\t\t<figcaption class='wp-caption-text gallery-caption' id='gallery-1-12162'>\n\t\t\t\tLeuchtturm in Vila Real de S.A.\n\t\t\t\t<\/figcaption><\/figure><figure class='gallery-item'>\n\t\t\t<div class='gallery-icon landscape'>\n\t\t\t\t<a href='http:\/\/westwaerts-jakobsweg.at\/?attachment_id=12163'><img loading=\"lazy\" decoding=\"async\" width=\"150\" height=\"150\" src=\"http:\/\/westwaerts-jakobsweg.at\/wp-content\/uploads\/2019\/03\/F1B5D4F0-B9E9-45A3-A024-73090CCBE49D-150x150.jpeg\" class=\"attachment-thumbnail size-thumbnail\" alt=\"\" aria-describedby=\"gallery-1-12163\" \/><\/a>\n\t\t\t<\/div>\n\t\t\t\t<figcaption class='wp-caption-text gallery-caption' id='gallery-1-12163'>\n\t\t\t\t Fiat 500 Oldtimer-Treffen \n\t\t\t\t<\/figcaption><\/figure><figure class='gallery-item'>\n\t\t\t<div class='gallery-icon portrait'>\n\t\t\t\t<a href='http:\/\/westwaerts-jakobsweg.at\/?attachment_id=12168'><img loading=\"lazy\" decoding=\"async\" width=\"150\" height=\"150\" src=\"http:\/\/westwaerts-jakobsweg.at\/wp-content\/uploads\/2019\/03\/75EBD01D-49CE-483F-953A-76720E7A77B5-150x150.jpeg\" class=\"attachment-thumbnail size-thumbnail\" alt=\"\" aria-describedby=\"gallery-1-12168\" \/><\/a>\n\t\t\t<\/div>\n\t\t\t\t<figcaption class='wp-caption-text gallery-caption' id='gallery-1-12168'>\n\t\t\t\tFu\u00dfgeherzone in Vila Real \n\t\t\t\t<\/figcaption><\/figure><figure class='gallery-item'>\n\t\t\t<div class='gallery-icon landscape'>\n\t\t\t\t<a href='http:\/\/westwaerts-jakobsweg.at\/?attachment_id=12164'><img loading=\"lazy\" decoding=\"async\" width=\"150\" height=\"150\" src=\"http:\/\/westwaerts-jakobsweg.at\/wp-content\/uploads\/2019\/03\/97194BD7-AB85-425D-9677-F43FDBC075CF-150x150.jpeg\" class=\"attachment-thumbnail size-thumbnail\" alt=\"\" aria-describedby=\"gallery-1-12164\" \/><\/a>\n\t\t\t<\/div>\n\t\t\t\t<figcaption class='wp-caption-text gallery-caption' id='gallery-1-12164'>\n\t\t\t\tUferPromenade in Vila Real \n\t\t\t\t<\/figcaption><\/figure><figure class='gallery-item'>\n\t\t\t<div class='gallery-icon portrait'>\n\t\t\t\t<a href='http:\/\/westwaerts-jakobsweg.at\/?attachment_id=12165'><img loading=\"lazy\" decoding=\"async\" width=\"150\" height=\"150\" src=\"http:\/\/westwaerts-jakobsweg.at\/wp-content\/uploads\/2019\/03\/583F958F-82EB-478C-96A3-F1F083722C4B-150x150.jpeg\" class=\"attachment-thumbnail size-thumbnail\" alt=\"\" \/><\/a>\n\t\t\t<\/div><\/figure><figure class='gallery-item'>\n\t\t\t<div class='gallery-icon landscape'>\n\t\t\t\t<a href='http:\/\/westwaerts-jakobsweg.at\/?attachment_id=12166'><img loading=\"lazy\" decoding=\"async\" width=\"150\" height=\"150\" src=\"http:\/\/westwaerts-jakobsweg.at\/wp-content\/uploads\/2019\/03\/54CC033A-F4D2-4469-8D87-115E1ECD3DF1-150x150.jpeg\" class=\"attachment-thumbnail size-thumbnail\" alt=\"\" aria-describedby=\"gallery-1-12166\" \/><\/a>\n\t\t\t<\/div>\n\t\t\t\t<figcaption class='wp-caption-text gallery-caption' id='gallery-1-12166'>\n\t\t\t\tSpanien auf der anderen Seite\n\t\t\t\t<\/figcaption><\/figure><figure class='gallery-item'>\n\t\t\t<div class='gallery-icon landscape'>\n\t\t\t\t<a href='http:\/\/westwaerts-jakobsweg.at\/?attachment_id=12167'><img loading=\"lazy\" decoding=\"async\" width=\"150\" height=\"150\" src=\"http:\/\/westwaerts-jakobsweg.at\/wp-content\/uploads\/2019\/03\/17CAECED-434F-4FE6-A081-0032728E253F-150x150.jpeg\" class=\"attachment-thumbnail size-thumbnail\" alt=\"\" aria-describedby=\"gallery-1-12167\" \/><\/a>\n\t\t\t<\/div>\n\t\t\t\t<figcaption class='wp-caption-text gallery-caption' id='gallery-1-12167'>\n\t\t\t\tHafen beim Fluss Guadiana\n\t\t\t\t<\/figcaption><\/figure>\n\t\t<\/div>\n\n<p>&nbsp;<\/p>\n<p>&nbsp;<\/p>\n<p>&nbsp;<\/p>\n<p>&nbsp;<\/p>\n<p>&nbsp;<\/p>\n<p>&nbsp;<\/p>\n","protected":false},"excerpt":{"rendered":"<p>Wien &#8211; Faro &#8211; Vila Real de Santo Ant\u00f3nio \u00a0(Flug und Bus) Uff, aufgestanden um 2:30 f\u00fcr den Flug um 5:30. Wir waren echt erstaunt wie voll der Flughafen Schwechat um diese Zeit war. Viele haben dort geschlafen, haha, das kennen wir ja auch schon. P\u00fcnktlich um 8:00 in Faro gelandet. Verwirrend, die Uhren haben wir zu Hause 1Stunde vorgestellt, in Portugal wieder 1 Stunde zur\u00fcckgestellt &#x1f644; . Mit dem Bus ging es vom Flughafen in die Stadt, dort hatten&#8230;<\/p>\n<p class=\"read-more\"><a class=\"btn btn-default\" href=\"http:\/\/westwaerts-jakobsweg.at\/?p=12155\">Weiterlesen<span class=\"screen-reader-text\"> Weiterlesen<\/span><\/a><\/p>\n","protected":false},"author":1,"featured_media":0,"comment_status":"open","ping_status":"open","sticky":false,"template":"","format":"standard","meta":{"footnotes":""},"categories":[30,29],"tags":[],"_links":{"self":[{"href":"http:\/\/westwaerts-jakobsweg.at\/index.php?rest_route=\/wp\/v2\/posts\/12155"}],"collection":[{"href":"http:\/\/westwaerts-jakobsweg.at\/index.php?rest_route=\/wp\/v2\/posts"}],"about":[{"href":"http:\/\/westwaerts-jakobsweg.at\/index.php?rest_route=\/wp\/v2\/types\/post"}],"author":[{"embeddable":true,"href":"http:\/\/westwaerts-jakobsweg.at\/index.php?rest_route=\/wp\/v2\/users\/1"}],"replies":[{"embeddable":true,"href":"http:\/\/westwaerts-jakobsweg.at\/index.php?rest_route=%2Fwp%2Fv2%2Fcomments&post=12155"}],"version-history":[{"count":0,"href":"http:\/\/westwaerts-jakobsweg.at\/index.php?rest_route=\/wp\/v2\/posts\/12155\/revisions"}],"wp:attachment":[{"href":"http:\/\/westwaerts-jakobsweg.at\/index.php?rest_route=%2Fwp%2Fv2%2Fmedia&parent=12155"}],"wp:term":[{"taxonomy":"category","embeddable":true,"href":"http:\/\/westwaerts-jakobsweg.at\/index.php?rest_route=%2Fwp%2Fv2%2Fcategories&post=12155"},{"taxonomy":"post_tag","embeddable":true,"href":"http:\/\/westwaerts-jakobsweg.at\/index.php?rest_route=%2Fwp%2Fv2%2Ftags&post=12155"}],"curies":[{"name":"wp","href":"https:\/\/api.w.org\/{rel}","templated":true}]}}