{"id":12176,"date":"2019-04-01T19:40:40","date_gmt":"2019-04-01T17:40:40","guid":{"rendered":"http:\/\/westwaerts-jakobsweg.at\/?p=12176"},"modified":"2019-11-23T14:36:13","modified_gmt":"2019-11-23T12:36:13","slug":"via-lusitana-tag-2","status":"publish","type":"post","link":"http:\/\/westwaerts-jakobsweg.at\/?p=12176","title":{"rendered":"Via Lusitana Tag 2"},"content":{"rendered":"<p>Vila Real de Santo Anr\u00f3nio &#8211; Odeleite \u00a029.9km<\/p>\n<p>Herrlich haben wir geschlafen. Ja heut geht\u2019s los, unsere Wanderung durch ganz Portugal, kein Aprilscherz &#x1f92a; .<br \/>\nDa die Stadt gestern von uns besichtigt wurde, starteten wir gleich hinunter zum Hafen, wo wir bereits gestern die Markierung vom GR15 sahen. Dieser sollen wir n\u00e4mlich laut Buch folgen.<br \/>\nEntlang einer sch\u00f6n angelegten Allee begleitete uns ein St\u00fcck der Rio Guadiana, mit einem sch\u00f6nen Blick auf Spanien. Nach 2km dann die Entscheidung. Ein neuer Weg, angeblich sch\u00f6ner aber ca. 5km l\u00e4nger oder 2.5km entlang der N122. Wir w\u00e4hlten den k\u00fcrzeren Weg. Castro Marim fast vor der Nase, war zu verlockend und gleich am ersten Tag 35km wieder gar nicht.<br \/>\nSalzwiesen am Wasserlauf, noch nie zuvor gesehen, St\u00f6rche die flei\u00dfig am Nestbauen waren und immer die zwei sehr alten Burgen sehend, schnell waren wir im Ort.<br \/>\nEine Menge Stra\u00dfencaf\u00e9s gibt es da aber wir haben gut gefr\u00fchst\u00fcckt und noch kein Verlangen.<br \/>\nEin wundersch\u00f6ner Wanderweg begann durch eine h\u00fcgelige Landschaft, begleitet von Unmengen Zistrosen, Kakteen, Lavendel und anderen Bl\u00fcmchen. Die wei\u00dfen H\u00e4user der Orte erinnerten uns an die Via de la Plata. Ja und die Golfspieler haben in dieser Gegend auch ihren Spa\u00df.<br \/>\nBei einem \u00dcberschwemmungsgebiet k\u00e4mpften wir uns erfolgreich durchs Gestr\u00fcpp, tja, bis es nicht mehr weiter ging. Alles wieder zur\u00fcck, eine schmale Wasserstelle gesucht, wo man m\u00f6glichst zum Grund sieht, Schuhe aus und durchwaten. Schatzi musste seine Sportlichkeit beweisen, von Stein zu Stein, wie eine G\u00e4mse, beides gut gelungen \ud83d\ude42 .<br \/>\nDurch meterhohes Gras, vorbei an Orangenb\u00e4umen kamen wir wieder zur roten Markierung vom GR15. Die Orangen sind grad reif und schmecken hervorragend, so saftig &#x1f60b; .<br \/>\nDer Weg wurde deutlich h\u00fcgeliger, dazu kamen riesige Agaven und meine hei\u00dfgeliebten Weitsichten.<br \/>\nBei einem steilen Aufstieg pl\u00f6tzlich schwarzer Himmel, Blitz und Donner. Auf der Anh\u00f6he dann ein Wolkenbruch, 10 Minuten sp\u00e4ter erwartete uns in Azinhal die \u201eSintflut\u201c. So gemein, h\u00e4tte der Wettergott nicht a bissi warten k\u00f6nnen?<br \/>\nIm Ort in die erste Bar gefallen, die Wirtin war nicht entz\u00fcckt vom \u201eSee\u201c der sich um uns bildete. Als sie allerdings h\u00f6rte, dass wir nach Santiago gehen begann sie auf einmal zu strahlen. Ein nettes Gespr\u00e4ch entstand mit einer Einheimischen die etwas deutsch und einem Matrosen der etwas englisch konnte.<br \/>\nNach kurzer Zeit war das Gewitter vorbei, die Sonne kam wieder zur\u00fcck und gest\u00e4rkt gings weiter. Von einer Kuppel ein herrlicher Blick auf das Flusstal des Guadiana.<br \/>\nIn Almada de Ouro dann wie jedes Jahr die Katastrophe. Ein Hund der wieder einmal Otto ganz lieb anschaute und sich nicht mehr abwimmeln lie\u00df. Zu dritt gings weiter, entlang vom Flussufer.<br \/>\nIm n\u00e4chstem Ort war die Hoffnung gro\u00df den Hund anzubringen, letztendlich blieb er uns aber bis zum Ziel erhalten und war dann auf einmal verschwunden.<br \/>\nSind in einer netten Unterkunft mit Restaurant, also ums Essen brauchen wir uns heute nicht k\u00fcmmern.<br \/>\nB\u00e4uche sind mit Gem\u00fcsesuppe, Fisch und Erd\u00e4pfel gut gef\u00fcllt, nur das viele Oliven\u00f6l ist f\u00fcr uns gew\u00f6hnungsbed\u00fcrftig &#x1f62c; .<br \/>\nZufrieden mit dem ersten Tag sind O + R<\/p>\n<p>Unterkunft: Restaurante \u201eO Campones\u201c (mit Fr\u00fchst\u00fcck)<br \/>\nRua do Centro de Sa\u00fade 12 Tel.: 281 495 826<\/p>\n<div id='gallery-1' class='gallery galleryid-12176 gallery-columns-3 gallery-size-thumbnail'><figure class='gallery-item'>\n\t\t\t<div class='gallery-icon landscape'>\n\t\t\t\t<a href='http:\/\/westwaerts-jakobsweg.at\/?attachment_id=12181'><img loading=\"lazy\" decoding=\"async\" width=\"150\" height=\"150\" src=\"http:\/\/westwaerts-jakobsweg.at\/wp-content\/uploads\/2019\/04\/CEB4D437-897E-4A0F-9B27-73EABD6C800A-150x150.jpeg\" class=\"attachment-thumbnail size-thumbnail\" alt=\"\" aria-describedby=\"gallery-1-12181\" \/><\/a>\n\t\t\t<\/div>\n\t\t\t\t<figcaption class='wp-caption-text gallery-caption' id='gallery-1-12181'>\n\t\t\t\tRio Guadiana\n\t\t\t\t<\/figcaption><\/figure><figure class='gallery-item'>\n\t\t\t<div class='gallery-icon portrait'>\n\t\t\t\t<a href='http:\/\/westwaerts-jakobsweg.at\/?attachment_id=12187'><img loading=\"lazy\" decoding=\"async\" width=\"150\" height=\"150\" src=\"http:\/\/westwaerts-jakobsweg.at\/wp-content\/uploads\/2019\/04\/EFDA89BE-4D47-4675-8755-C703A9AA6E75-150x150.jpeg\" class=\"attachment-thumbnail size-thumbnail\" alt=\"\" aria-describedby=\"gallery-1-12187\" \/><\/a>\n\t\t\t<\/div>\n\t\t\t\t<figcaption class='wp-caption-text gallery-caption' id='gallery-1-12187'>\n\t\t\t\tWegmarkierung zu Beginn\n\t\t\t\t<\/figcaption><\/figure><figure class='gallery-item'>\n\t\t\t<div class='gallery-icon landscape'>\n\t\t\t\t<a href='http:\/\/westwaerts-jakobsweg.at\/?attachment_id=12209'><img loading=\"lazy\" decoding=\"async\" width=\"150\" height=\"150\" src=\"http:\/\/westwaerts-jakobsweg.at\/wp-content\/uploads\/2019\/04\/BE583DA2-CE90-47B6-9776-7EBCB37556B1-150x150.jpeg\" class=\"attachment-thumbnail size-thumbnail\" alt=\"\" \/><\/a>\n\t\t\t<\/div><\/figure><figure class='gallery-item'>\n\t\t\t<div class='gallery-icon landscape'>\n\t\t\t\t<a href='http:\/\/westwaerts-jakobsweg.at\/?attachment_id=12182'><img loading=\"lazy\" decoding=\"async\" width=\"150\" height=\"150\" src=\"http:\/\/westwaerts-jakobsweg.at\/wp-content\/uploads\/2019\/04\/C3F7516F-1F10-4CE0-9A2D-B3D5E8D129E0-150x150.jpeg\" class=\"attachment-thumbnail size-thumbnail\" alt=\"\" aria-describedby=\"gallery-1-12182\" \/><\/a>\n\t\t\t<\/div>\n\t\t\t\t<figcaption class='wp-caption-text gallery-caption' id='gallery-1-12182'>\n\t\t\t\tSalzwiesen vor Castro Marim\n\t\t\t\t<\/figcaption><\/figure><figure class='gallery-item'>\n\t\t\t<div class='gallery-icon landscape'>\n\t\t\t\t<a href='http:\/\/westwaerts-jakobsweg.at\/?attachment_id=12183'><img loading=\"lazy\" decoding=\"async\" width=\"150\" height=\"150\" src=\"http:\/\/westwaerts-jakobsweg.at\/wp-content\/uploads\/2019\/04\/1ACE4260-8A3F-4D22-BAB5-58686BA17F5C-150x150.jpeg\" class=\"attachment-thumbnail size-thumbnail\" alt=\"\" \/><\/a>\n\t\t\t<\/div><\/figure><figure class='gallery-item'>\n\t\t\t<div class='gallery-icon landscape'>\n\t\t\t\t<a href='http:\/\/westwaerts-jakobsweg.at\/?attachment_id=12184'><img loading=\"lazy\" decoding=\"async\" width=\"150\" height=\"150\" src=\"http:\/\/westwaerts-jakobsweg.at\/wp-content\/uploads\/2019\/04\/A9B616A2-6CDF-40C5-B24C-ECDDF11349BD-150x150.jpeg\" class=\"attachment-thumbnail size-thumbnail\" alt=\"\" aria-describedby=\"gallery-1-12184\" \/><\/a>\n\t\t\t<\/div>\n\t\t\t\t<figcaption class='wp-caption-text gallery-caption' id='gallery-1-12184'>\n\t\t\t\tauch das ist der Weg \n\t\t\t\t<\/figcaption><\/figure><figure class='gallery-item'>\n\t\t\t<div class='gallery-icon landscape'>\n\t\t\t\t<a href='http:\/\/westwaerts-jakobsweg.at\/?attachment_id=12185'><img loading=\"lazy\" decoding=\"async\" width=\"150\" height=\"150\" src=\"http:\/\/westwaerts-jakobsweg.at\/wp-content\/uploads\/2019\/04\/E89CF065-A25A-49A5-87C7-3D508F80ADBE-150x150.jpeg\" class=\"attachment-thumbnail size-thumbnail\" alt=\"\" aria-describedby=\"gallery-1-12185\" \/><\/a>\n\t\t\t<\/div>\n\t\t\t\t<figcaption class='wp-caption-text gallery-caption' id='gallery-1-12185'>\n\t\t\t\tOtto zieht die Hunde an?\n\t\t\t\t<\/figcaption><\/figure><figure class='gallery-item'>\n\t\t\t<div class='gallery-icon landscape'>\n\t\t\t\t<a href='http:\/\/westwaerts-jakobsweg.at\/?attachment_id=12186'><img loading=\"lazy\" decoding=\"async\" width=\"150\" height=\"150\" src=\"http:\/\/westwaerts-jakobsweg.at\/wp-content\/uploads\/2019\/04\/8BAD6008-8774-48F1-8EEA-3CA839D1303E-150x150.jpeg\" class=\"attachment-thumbnail size-thumbnail\" alt=\"\" \/><\/a>\n\t\t\t<\/div><\/figure>\n\t\t<\/div>\n\n","protected":false},"excerpt":{"rendered":"<p>Vila Real de Santo Anr\u00f3nio &#8211; Odeleite \u00a029.9km Herrlich haben wir geschlafen. Ja heut geht\u2019s los, unsere Wanderung durch ganz Portugal, kein Aprilscherz &#x1f92a; . Da die Stadt gestern von uns besichtigt wurde, starteten wir gleich hinunter zum Hafen, wo wir bereits gestern die Markierung vom GR15 sahen. Dieser sollen wir n\u00e4mlich laut Buch folgen. Entlang einer sch\u00f6n angelegten Allee begleitete uns ein St\u00fcck der Rio Guadiana, mit einem sch\u00f6nen Blick auf Spanien. Nach 2km dann die Entscheidung. Ein neuer&#8230;<\/p>\n<p class=\"read-more\"><a class=\"btn btn-default\" href=\"http:\/\/westwaerts-jakobsweg.at\/?p=12176\">Weiterlesen<span class=\"screen-reader-text\"> Weiterlesen<\/span><\/a><\/p>\n","protected":false},"author":1,"featured_media":0,"comment_status":"open","ping_status":"open","sticky":false,"template":"","format":"standard","meta":{"footnotes":""},"categories":[30,29],"tags":[],"_links":{"self":[{"href":"http:\/\/westwaerts-jakobsweg.at\/index.php?rest_route=\/wp\/v2\/posts\/12176"}],"collection":[{"href":"http:\/\/westwaerts-jakobsweg.at\/index.php?rest_route=\/wp\/v2\/posts"}],"about":[{"href":"http:\/\/westwaerts-jakobsweg.at\/index.php?rest_route=\/wp\/v2\/types\/post"}],"author":[{"embeddable":true,"href":"http:\/\/westwaerts-jakobsweg.at\/index.php?rest_route=\/wp\/v2\/users\/1"}],"replies":[{"embeddable":true,"href":"http:\/\/westwaerts-jakobsweg.at\/index.php?rest_route=%2Fwp%2Fv2%2Fcomments&post=12176"}],"version-history":[{"count":0,"href":"http:\/\/westwaerts-jakobsweg.at\/index.php?rest_route=\/wp\/v2\/posts\/12176\/revisions"}],"wp:attachment":[{"href":"http:\/\/westwaerts-jakobsweg.at\/index.php?rest_route=%2Fwp%2Fv2%2Fmedia&parent=12176"}],"wp:term":[{"taxonomy":"category","embeddable":true,"href":"http:\/\/westwaerts-jakobsweg.at\/index.php?rest_route=%2Fwp%2Fv2%2Fcategories&post=12176"},{"taxonomy":"post_tag","embeddable":true,"href":"http:\/\/westwaerts-jakobsweg.at\/index.php?rest_route=%2Fwp%2Fv2%2Ftags&post=12176"}],"curies":[{"name":"wp","href":"https:\/\/api.w.org\/{rel}","templated":true}]}}