{"id":1218,"date":"2015-05-07T15:38:36","date_gmt":"2015-05-07T13:38:36","guid":{"rendered":"http:\/\/westwaerts-jakobsweg.at\/?p=1218"},"modified":"2017-02-15T11:19:28","modified_gmt":"2017-02-15T09:19:28","slug":"tag-23-3","status":"publish","type":"post","link":"http:\/\/westwaerts-jakobsweg.at\/?p=1218","title":{"rendered":"Tag 23"},"content":{"rendered":"<p>Calzada de Valdunciel &#8211; El Cubo de la Tierra del Vino 19,7 km (552,6) 26226<\/p>\n<p>Gestern kamen doch noch zwei Spanier daher, leider. Gingen sp\u00e4ter auf &#8222;Lepschi&#8220;, weckten alle um Mitternacht auf und schnarchten dass die W\u00e4nde zitterten. Unsere Ohrst\u00f6psel waren dem nicht gewachsen.<br \/>\nOtto geht&#8217;s zwar a bissi besser (sagt er) aber nachdem er seit zwei Tagen nur Zwieback, Soletti&#8230;&#8230;.,seit heute auch Bananen i\u00dft, ist er durch den Wasserverlust ziemlich kraftlos. Wir haben eh allerhand in der Apotheke besorgt aber die n\u00f6tige Pause will er nicht, was soll ich machen mit so einem Dickkopf?<br \/>\nBlauer Himmel heute, leider ein &#8222;bescheidener&#8220; Weg. Das Paradies hat uns vor\u00fcbergehend verlassen. Nach einem kurzen St\u00fcck Feldweg ging&#8217;s ausschlie\u00dflich neben einer Autobahn entlang. Man bekommt da so einen Tunnelblick, will nur auf den Boden schaun, damit man die stets gerade, nicht enden wollende Autobahn und den Weg nicht mehr sehen muss. Keine Bar, keine gem\u00fctliche Rast, keine Anhaltspunkte wo man sich gerade befindet, zum Gl\u00fcck ist der Weg nicht auf Asphalt.<br \/>\nEine gef\u00fchlte Ewigkeit sp\u00e4ter wurde es h\u00fcgelig. Bei jedem Bergauf erhoffte man sich, oben angelangt, den Ort zu sehen. Naja, irgendwann war es so weit und heute waren sie lieb und haben ihn nicht weggezogen :-).<br \/>\nUnser Zielort hei\u00dft \u00fcbersetzt &#8222;Der Eimer des Weinlandes&#8220;. Fr\u00fcher lebte der Ort vom Weinbau. Im 19. Jh. zerst\u00f6rte eine Reblausplage die Weinst\u00f6cke. Seither konzentriert sich die Landwirtschaft auf Getreideanbau.<br \/>\nSind heut wieder in einer sehr sch\u00f6nen, sauberen Herberge. Wurden nett mit Getr\u00e4nken und Tapas empfangen (leider nur f\u00fcr mich). Schade, es gibt keinen Garten, na gut dann hau ich mich drau\u00dfen auf den Gehsteig in die Sonne. Otto schl\u00e4ft sich einstweilen hoffentlich gesund.<br \/>\nTsch\u00fcss sagen O + R<\/p>\n<p><a href=\"http:\/\/westwaerts-jakobsweg.at\/wp-content\/uploads\/2015\/05\/IMG_0665.jpg\"><img decoding=\"async\" src=\"http:\/\/westwaerts-jakobsweg.at\/wp-content\/uploads\/2015\/05\/IMG_0665.jpg\" alt=\"\" \/><\/a>\u00a0\u00a0<a href=\"http:\/\/westwaerts-jakobsweg.at\/wp-content\/uploads\/2015\/05\/IMG_0666.jpg\"><img decoding=\"async\" src=\"http:\/\/westwaerts-jakobsweg.at\/wp-content\/uploads\/2015\/05\/IMG_0666.jpg\" alt=\"\" \/><\/a>\u00a0\u00a0<a href=\"http:\/\/westwaerts-jakobsweg.at\/wp-content\/uploads\/2015\/05\/IMG_0667.jpg\"><img decoding=\"async\" src=\"http:\/\/westwaerts-jakobsweg.at\/wp-content\/uploads\/2015\/05\/IMG_0667.jpg\" alt=\"\" \/><\/a><\/p>\n","protected":false},"excerpt":{"rendered":"<p>Calzada de Valdunciel &#8211; El Cubo de la Tierra del Vino 19,7 km (552,6) 26226 Gestern kamen doch noch zwei Spanier daher, leider. Gingen sp\u00e4ter auf &#8222;Lepschi&#8220;, weckten alle um Mitternacht auf und schnarchten dass die W\u00e4nde zitterten. Unsere Ohrst\u00f6psel waren dem nicht gewachsen. Otto geht&#8217;s zwar a bissi besser (sagt er) aber nachdem er seit zwei Tagen nur Zwieback, Soletti&#8230;&#8230;.,seit heute auch Bananen i\u00dft, ist er durch den Wasserverlust ziemlich kraftlos. Wir haben eh allerhand in der Apotheke besorgt&#8230;<\/p>\n<p class=\"read-more\"><a class=\"btn btn-default\" href=\"http:\/\/westwaerts-jakobsweg.at\/?p=1218\">Weiterlesen<span class=\"screen-reader-text\"> Weiterlesen<\/span><\/a><\/p>\n","protected":false},"author":1,"featured_media":0,"comment_status":"open","ping_status":"open","sticky":false,"template":"","format":"standard","meta":{"footnotes":""},"categories":[8,15],"tags":[],"_links":{"self":[{"href":"http:\/\/westwaerts-jakobsweg.at\/index.php?rest_route=\/wp\/v2\/posts\/1218"}],"collection":[{"href":"http:\/\/westwaerts-jakobsweg.at\/index.php?rest_route=\/wp\/v2\/posts"}],"about":[{"href":"http:\/\/westwaerts-jakobsweg.at\/index.php?rest_route=\/wp\/v2\/types\/post"}],"author":[{"embeddable":true,"href":"http:\/\/westwaerts-jakobsweg.at\/index.php?rest_route=\/wp\/v2\/users\/1"}],"replies":[{"embeddable":true,"href":"http:\/\/westwaerts-jakobsweg.at\/index.php?rest_route=%2Fwp%2Fv2%2Fcomments&post=1218"}],"version-history":[{"count":0,"href":"http:\/\/westwaerts-jakobsweg.at\/index.php?rest_route=\/wp\/v2\/posts\/1218\/revisions"}],"wp:attachment":[{"href":"http:\/\/westwaerts-jakobsweg.at\/index.php?rest_route=%2Fwp%2Fv2%2Fmedia&parent=1218"}],"wp:term":[{"taxonomy":"category","embeddable":true,"href":"http:\/\/westwaerts-jakobsweg.at\/index.php?rest_route=%2Fwp%2Fv2%2Fcategories&post=1218"},{"taxonomy":"post_tag","embeddable":true,"href":"http:\/\/westwaerts-jakobsweg.at\/index.php?rest_route=%2Fwp%2Fv2%2Ftags&post=1218"}],"curies":[{"name":"wp","href":"https:\/\/api.w.org\/{rel}","templated":true}]}}