{"id":12470,"date":"2019-04-16T19:18:38","date_gmt":"2019-04-16T17:18:38","guid":{"rendered":"http:\/\/westwaerts-jakobsweg.at\/?p=12470"},"modified":"2020-01-04T17:46:36","modified_gmt":"2020-01-04T15:46:36","slug":"via-lusitana-tag-17","status":"publish","type":"post","link":"http:\/\/westwaerts-jakobsweg.at\/?p=12470","title":{"rendered":"Via Lusitana Tag 17"},"content":{"rendered":"<p>Vila Velha de R\u00f3d\u00e3o &#8211; Castelo Branco 33.8km (427.4km)<\/p>\n<p>Gefr\u00fchst\u00fcckt haben wir in der Unterkunft, so konnten wir bereits vor 7:00 losstapfen. Nebelig und k\u00fchl wars. Nach der N18 zweigt der Weg ab in eine Teerstra\u00dfe. Oliven, Steineichen, Ackerbau begleiten. Von einer Schafherde wurden wir lautstark begr\u00fc\u00dft. Wir gr\u00fc\u00dften zur\u00fcck denn Menschen treffen wir nur selten und Pilger schon gar nicht.<br \/>\nPause in Vale de Pousadas, der Nebel verschwand und die Sonne kam. Gleich nach dem Dorf beginnt ein Wanderweg mit einer herrlichen Umgebung, so viele Blumen &#x1f917; . Ein saftiger Aufstieg wartete auf uns, uff. Da oben dann die Belohnung mit einem sagenhaften Ausblick ins Land hinein.<br \/>\nDurch Kiefergruppen aber haupts\u00e4chlich wieder Eukalyptus geht\u2019s plateaum\u00e4\u00dfig weiter. Ein nettes Geplauder mit einem Sch\u00e4fer. Schon lustig dass man sich unterhalten kann, obwohl man die Sprache nicht kennt &#x1f60a; . Er zeigte auf sein Haus, wo er mit seiner Frau, den Schafen und den Ziegen wohnt. Ein paar Schritte weiter stehen wir vor dem \u00fcberraschend gro\u00dfen Ort Cebolais de Cima. Zwei Welten nebeneinander, wobei der Sch\u00e4fer sehr zufrieden wirkte.<br \/>\nIn der Bar sahen wir im Fernsehn den Wahnsinn, die Notre-Dame brennt, echt arg &#x1f633; .<br \/>\nDer weiterf\u00fchrende Weg entlang der Stra\u00dfe, in weiter Ferne eine Bergkette, zum Teil schneebedeckt. Ob das die Grenze zu Spanien ist?<br \/>\nCastelo Branco erreicht man \u00fcber eine alte Stra\u00dfe, zwischen Bahngleise und der N3. Es war hei\u00df und der Weg zog sich wie ein Strudelteig. Noch ein langer Hatscher zur Stadt hinein und geschafft, heut bin ich echt froh dar\u00fcber.<br \/>\nDie JH ist sehr empfehlenswert. Sie ist heute tats\u00e4chlich mit Jugend gef\u00fcllt, bisher waren es meist \u00e4ltere Semester, wie wir &#x1f92a; .<br \/>\nAuf Futtersuche gehen O + R<\/p>\n<p>Unterkunft: Pousada de Juventude (mit Fr\u00fchst\u00fcck)<br \/>\nRua Dr. Francisco Jos\u00e9 Palmeira<br \/>\nTel.: 272 321 363<\/p>\n<div id='gallery-1' class='gallery galleryid-12470 gallery-columns-3 gallery-size-thumbnail'><figure class='gallery-item'>\n\t\t\t<div class='gallery-icon landscape'>\n\t\t\t\t<a href='http:\/\/westwaerts-jakobsweg.at\/?attachment_id=12481'><img loading=\"lazy\" decoding=\"async\" width=\"150\" height=\"150\" src=\"http:\/\/westwaerts-jakobsweg.at\/wp-content\/uploads\/2019\/04\/6587C483-FFB6-44B2-A480-C795678BFCF2-150x150.jpeg\" class=\"attachment-thumbnail size-thumbnail\" alt=\"\" aria-describedby=\"gallery-1-12481\" \/><\/a>\n\t\t\t<\/div>\n\t\t\t\t<figcaption class='wp-caption-text gallery-caption' id='gallery-1-12481'>\n\t\t\t\tRichtung Vale de Pousadas\n\t\t\t\t<\/figcaption><\/figure><figure class='gallery-item'>\n\t\t\t<div class='gallery-icon landscape'>\n\t\t\t\t<a href='http:\/\/westwaerts-jakobsweg.at\/?attachment_id=12474'><img loading=\"lazy\" decoding=\"async\" width=\"150\" height=\"150\" src=\"http:\/\/westwaerts-jakobsweg.at\/wp-content\/uploads\/2019\/04\/EB0A0AE2-C5D0-425F-AFDC-A6231E742BF3-150x150.jpeg\" class=\"attachment-thumbnail size-thumbnail\" alt=\"\" aria-describedby=\"gallery-1-12474\" \/><\/a>\n\t\t\t<\/div>\n\t\t\t\t<figcaption class='wp-caption-text gallery-caption' id='gallery-1-12474'>\n\t\t\t\tlautstarke Begr\u00fc\u00dfung \ud83d\ude42\n\t\t\t\t<\/figcaption><\/figure><figure class='gallery-item'>\n\t\t\t<div class='gallery-icon landscape'>\n\t\t\t\t<a href='http:\/\/westwaerts-jakobsweg.at\/?attachment_id=12475'><img loading=\"lazy\" decoding=\"async\" width=\"150\" height=\"150\" src=\"http:\/\/westwaerts-jakobsweg.at\/wp-content\/uploads\/2019\/04\/12812739-323A-4C00-981A-E876FB5FA3F7-150x150.jpeg\" class=\"attachment-thumbnail size-thumbnail\" alt=\"\" \/><\/a>\n\t\t\t<\/div><\/figure><figure class='gallery-item'>\n\t\t\t<div class='gallery-icon landscape'>\n\t\t\t\t<a href='http:\/\/westwaerts-jakobsweg.at\/?attachment_id=12476'><img loading=\"lazy\" decoding=\"async\" width=\"150\" height=\"150\" src=\"http:\/\/westwaerts-jakobsweg.at\/wp-content\/uploads\/2019\/04\/98A2080A-7B74-4A2D-AC40-F61793206BDC-150x150.jpeg\" class=\"attachment-thumbnail size-thumbnail\" alt=\"\" aria-describedby=\"gallery-1-12476\" \/><\/a>\n\t\t\t<\/div>\n\t\t\t\t<figcaption class='wp-caption-text gallery-caption' id='gallery-1-12476'>\n\t\t\t\tRichtung Cebolais de Cima\n\t\t\t\t<\/figcaption><\/figure><figure class='gallery-item'>\n\t\t\t<div class='gallery-icon landscape'>\n\t\t\t\t<a href='http:\/\/westwaerts-jakobsweg.at\/?attachment_id=12477'><img loading=\"lazy\" decoding=\"async\" width=\"150\" height=\"150\" src=\"http:\/\/westwaerts-jakobsweg.at\/wp-content\/uploads\/2019\/04\/8FB3A3C5-5E3C-410B-B9A6-424FACEA38DB-150x150.jpeg\" class=\"attachment-thumbnail size-thumbnail\" alt=\"\" \/><\/a>\n\t\t\t<\/div><\/figure><figure class='gallery-item'>\n\t\t\t<div class='gallery-icon landscape'>\n\t\t\t\t<a href='http:\/\/westwaerts-jakobsweg.at\/?attachment_id=12478'><img loading=\"lazy\" decoding=\"async\" width=\"150\" height=\"150\" src=\"http:\/\/westwaerts-jakobsweg.at\/wp-content\/uploads\/2019\/04\/766BDFB9-497A-4EE1-A8E5-1724FE21ACFA-150x150.jpeg\" class=\"attachment-thumbnail size-thumbnail\" alt=\"\" aria-describedby=\"gallery-1-12478\" \/><\/a>\n\t\t\t<\/div>\n\t\t\t\t<figcaption class='wp-caption-text gallery-caption' id='gallery-1-12478'>\n\t\t\t\tKirche in Cebolais de Cima\n\t\t\t\t<\/figcaption><\/figure><figure class='gallery-item'>\n\t\t\t<div class='gallery-icon portrait'>\n\t\t\t\t<a href='http:\/\/westwaerts-jakobsweg.at\/?attachment_id=12479'><img loading=\"lazy\" decoding=\"async\" width=\"150\" height=\"150\" src=\"http:\/\/westwaerts-jakobsweg.at\/wp-content\/uploads\/2019\/04\/A535BA1F-07E3-4CC4-AC5A-F86743B8FEEE-150x150.jpeg\" class=\"attachment-thumbnail size-thumbnail\" alt=\"\" aria-describedby=\"gallery-1-12479\" \/><\/a>\n\t\t\t<\/div>\n\t\t\t\t<figcaption class='wp-caption-text gallery-caption' id='gallery-1-12479'>\n\t\t\t\tin Cebolais de Cima\n\t\t\t\t<\/figcaption><\/figure><figure class='gallery-item'>\n\t\t\t<div class='gallery-icon landscape'>\n\t\t\t\t<a href='http:\/\/westwaerts-jakobsweg.at\/?attachment_id=12480'><img loading=\"lazy\" decoding=\"async\" width=\"150\" height=\"150\" src=\"http:\/\/westwaerts-jakobsweg.at\/wp-content\/uploads\/2019\/04\/A9037453-BCDD-4672-9556-2243C04F48F8-150x150.jpeg\" class=\"attachment-thumbnail size-thumbnail\" alt=\"\" aria-describedby=\"gallery-1-12480\" \/><\/a>\n\t\t\t<\/div>\n\t\t\t\t<figcaption class='wp-caption-text gallery-caption' id='gallery-1-12480'>\n\t\t\t\tschneebedeckte Berge in Spanien?\n\t\t\t\t<\/figcaption><\/figure>\n\t\t<\/div>\n\n","protected":false},"excerpt":{"rendered":"<p>Vila Velha de R\u00f3d\u00e3o &#8211; Castelo Branco 33.8km (427.4km) Gefr\u00fchst\u00fcckt haben wir in der Unterkunft, so konnten wir bereits vor 7:00 losstapfen. Nebelig und k\u00fchl wars. Nach der N18 zweigt der Weg ab in eine Teerstra\u00dfe. Oliven, Steineichen, Ackerbau begleiten. Von einer Schafherde wurden wir lautstark begr\u00fc\u00dft. Wir gr\u00fc\u00dften zur\u00fcck denn Menschen treffen wir nur selten und Pilger schon gar nicht. Pause in Vale de Pousadas, der Nebel verschwand und die Sonne kam. Gleich nach dem Dorf beginnt ein Wanderweg&#8230;<\/p>\n<p class=\"read-more\"><a class=\"btn btn-default\" href=\"http:\/\/westwaerts-jakobsweg.at\/?p=12470\">Weiterlesen<span class=\"screen-reader-text\"> Weiterlesen<\/span><\/a><\/p>\n","protected":false},"author":1,"featured_media":0,"comment_status":"open","ping_status":"open","sticky":false,"template":"","format":"standard","meta":{"footnotes":""},"categories":[30,29],"tags":[],"_links":{"self":[{"href":"http:\/\/westwaerts-jakobsweg.at\/index.php?rest_route=\/wp\/v2\/posts\/12470"}],"collection":[{"href":"http:\/\/westwaerts-jakobsweg.at\/index.php?rest_route=\/wp\/v2\/posts"}],"about":[{"href":"http:\/\/westwaerts-jakobsweg.at\/index.php?rest_route=\/wp\/v2\/types\/post"}],"author":[{"embeddable":true,"href":"http:\/\/westwaerts-jakobsweg.at\/index.php?rest_route=\/wp\/v2\/users\/1"}],"replies":[{"embeddable":true,"href":"http:\/\/westwaerts-jakobsweg.at\/index.php?rest_route=%2Fwp%2Fv2%2Fcomments&post=12470"}],"version-history":[{"count":0,"href":"http:\/\/westwaerts-jakobsweg.at\/index.php?rest_route=\/wp\/v2\/posts\/12470\/revisions"}],"wp:attachment":[{"href":"http:\/\/westwaerts-jakobsweg.at\/index.php?rest_route=%2Fwp%2Fv2%2Fmedia&parent=12470"}],"wp:term":[{"taxonomy":"category","embeddable":true,"href":"http:\/\/westwaerts-jakobsweg.at\/index.php?rest_route=%2Fwp%2Fv2%2Fcategories&post=12470"},{"taxonomy":"post_tag","embeddable":true,"href":"http:\/\/westwaerts-jakobsweg.at\/index.php?rest_route=%2Fwp%2Fv2%2Ftags&post=12470"}],"curies":[{"name":"wp","href":"https:\/\/api.w.org\/{rel}","templated":true}]}}