{"id":1253,"date":"2015-05-12T10:34:22","date_gmt":"2015-05-12T08:34:22","guid":{"rendered":"http:\/\/westwaerts-jakobsweg.at\/?p=1253"},"modified":"2018-10-12T22:18:11","modified_gmt":"2018-10-12T20:18:11","slug":"tag-27-3","status":"publish","type":"post","link":"http:\/\/westwaerts-jakobsweg.at\/?p=1253","title":{"rendered":"Tag 27"},"content":{"rendered":"<p>Riego del Camino &#8211; T\u00e1bara 33,1 km (655,5 km) 44.023<\/p>\n<p>Hallo liebe Monika und lieber Carsten, ein Treffen w\u00e4re echt lustig und nicht unwahrscheinlich :-). Auf jeden Fall w\u00fcnschen wir euch buen camino.<\/p>\n<p>Gestern hab ich ganz vergessen, die Kr\u00f6nung des Tages zu erz\u00e4hlen. Bin fast auf eine 1m lange Schlange getreten, Otto hat mich gerettet.<br \/>\nIn der Herberge war es zu f\u00fcnft noch richtig gem\u00fctlich. Haben Tisch und Sesseln in den Garten gestellt und lange getratscht.<br \/>\nDer Beginn heute war Fortsetzung von gestern. Wir waren fit und echt gut drauf. In Granja de Moreruela, unserer ersten Pause, erhofften wir uns ein Fr\u00fchst\u00fcck. Gab aber nur Caf\u00e9 und Getr\u00e4nke, machte nix, wir hatten noch Kekse.<br \/>\nAb da trennen sich die Wege. Ein Weg geht die Via de La Plata weiter nach Astorga, wir gehen allerdings ab da den Camino Sanabr\u00e9s.<br \/>\nNach der Pause \u00e4nderte sich die Natur, es wurde h\u00fcgelig, es gab wieder viele Blumen und Steineichenw\u00e4lder. Die spendeten zwar keinen Schatten am Weg aber schon der Gedanke, man k\u00f6nnte eine Rast unter einen Baum machen war gut.<br \/>\nWir kamen zur Schlucht Talschluss, ein echtes Naturparadies. Zuerst dachten wir an einen See aber es war der Fluss Esla, stilles Wasser, zwischen Felsw\u00e4nden, so sch\u00f6n. Nach der \u00dcberquerung einer Br\u00fccke, f\u00fchrte ein schmaler, manchmal unsichtbarer felsiger Weg zwischen den Fluss und den Felsen. Eine sehr willkommene Abwechslung :-).<br \/>\nPause unter einem Baum mit Blick auf den Fluss, wir wollten bleiben. Geht ja nicht, also weiter mit uns, steil hinauf, oben konnte man in die Felsen hineinbr\u00fcllen und aufs Echo warten.<br \/>\nDer Weg wurde breiter, vorbei an einem Windpark, wie sahen bereits das n\u00e4chste Dorf, wo wir uns Futter erhofften. Unglaublich, so ein gerader, flacher Weg durch 8 km und das Gef\u00fchl, nie anzukommen. Aber doch geschafft und gute Bocadillos bekommen, bei einer freundlichen Wirtin. Die weiteren 8 km das selbe Spiel nocheinmal.<br \/>\nWieder einmal die letzten zwei Betten ergattert. Wurden vom Hospitalero bekocht, Nudelsuppe und Paela, mmmhhhh. Die W\u00e4sche wurde uns gewaschen, wir durften bei nix helfen, volles Verw\u00f6hnprogramm auf freiwilliger Spende.<br \/>\nSp\u00e4ter kam noch Tomas, ein spanischer Profi auf der Gitarre. Es sorgte noch f\u00fcr eine perfekte Abendstimmung :-).<br \/>\nAlles Liebe von O + R<\/p>\n<figure style=\"width: 640px\" class=\"wp-caption alignnone\"><a href=\"http:\/\/westwaerts-jakobsweg.at\/wp-content\/uploads\/2015\/05\/IMG_0693.jpg\"><img loading=\"lazy\" decoding=\"async\" src=\"http:\/\/westwaerts-jakobsweg.at\/wp-content\/uploads\/2015\/05\/IMG_0693.jpg\" alt=\"\" width=\"640\" height=\"480\" \/><\/a><figcaption class=\"wp-caption-text\">\u00fcber den Fluss Elsa&#8230;<\/figcaption><\/figure>\n<figure style=\"width: 640px\" class=\"wp-caption alignnone\"><a href=\"http:\/\/westwaerts-jakobsweg.at\/wp-content\/uploads\/2015\/05\/IMG_0694.jpg\"><img loading=\"lazy\" decoding=\"async\" src=\"http:\/\/westwaerts-jakobsweg.at\/wp-content\/uploads\/2015\/05\/IMG_0694.jpg\" alt=\"\" width=\"640\" height=\"480\" \/><\/a><figcaption class=\"wp-caption-text\">\u2026zur Schlucht Talschlucht<\/figcaption><\/figure>\n<figure style=\"width: 640px\" class=\"wp-caption alignnone\"><a href=\"http:\/\/westwaerts-jakobsweg.at\/wp-content\/uploads\/2015\/05\/IMG_0695.jpg\"><img loading=\"lazy\" decoding=\"async\" src=\"http:\/\/westwaerts-jakobsweg.at\/wp-content\/uploads\/2015\/05\/IMG_0695.jpg\" alt=\"\" width=\"640\" height=\"480\" \/><\/a><figcaption class=\"wp-caption-text\">Verw\u00f6hn-Herberge in T\u00e1bara<\/figcaption><\/figure>\n<p>&nbsp;<\/p>\n","protected":false},"excerpt":{"rendered":"<p>Riego del Camino &#8211; T\u00e1bara 33,1 km (655,5 km) 44.023 Hallo liebe Monika und lieber Carsten, ein Treffen w\u00e4re echt lustig und nicht unwahrscheinlich :-). Auf jeden Fall w\u00fcnschen wir euch buen camino. Gestern hab ich ganz vergessen, die Kr\u00f6nung des Tages zu erz\u00e4hlen. Bin fast auf eine 1m lange Schlange getreten, Otto hat mich gerettet. In der Herberge war es zu f\u00fcnft noch richtig gem\u00fctlich. Haben Tisch und Sesseln in den Garten gestellt und lange getratscht. Der Beginn heute&#8230;<\/p>\n<p class=\"read-more\"><a class=\"btn btn-default\" href=\"http:\/\/westwaerts-jakobsweg.at\/?p=1253\">Weiterlesen<span class=\"screen-reader-text\"> Weiterlesen<\/span><\/a><\/p>\n","protected":false},"author":1,"featured_media":0,"comment_status":"open","ping_status":"open","sticky":false,"template":"","format":"standard","meta":{"footnotes":""},"categories":[8,15],"tags":[],"_links":{"self":[{"href":"http:\/\/westwaerts-jakobsweg.at\/index.php?rest_route=\/wp\/v2\/posts\/1253"}],"collection":[{"href":"http:\/\/westwaerts-jakobsweg.at\/index.php?rest_route=\/wp\/v2\/posts"}],"about":[{"href":"http:\/\/westwaerts-jakobsweg.at\/index.php?rest_route=\/wp\/v2\/types\/post"}],"author":[{"embeddable":true,"href":"http:\/\/westwaerts-jakobsweg.at\/index.php?rest_route=\/wp\/v2\/users\/1"}],"replies":[{"embeddable":true,"href":"http:\/\/westwaerts-jakobsweg.at\/index.php?rest_route=%2Fwp%2Fv2%2Fcomments&post=1253"}],"version-history":[{"count":0,"href":"http:\/\/westwaerts-jakobsweg.at\/index.php?rest_route=\/wp\/v2\/posts\/1253\/revisions"}],"wp:attachment":[{"href":"http:\/\/westwaerts-jakobsweg.at\/index.php?rest_route=%2Fwp%2Fv2%2Fmedia&parent=1253"}],"wp:term":[{"taxonomy":"category","embeddable":true,"href":"http:\/\/westwaerts-jakobsweg.at\/index.php?rest_route=%2Fwp%2Fv2%2Fcategories&post=1253"},{"taxonomy":"post_tag","embeddable":true,"href":"http:\/\/westwaerts-jakobsweg.at\/index.php?rest_route=%2Fwp%2Fv2%2Ftags&post=1253"}],"curies":[{"name":"wp","href":"https:\/\/api.w.org\/{rel}","templated":true}]}}