{"id":1292,"date":"2015-05-18T16:45:58","date_gmt":"2015-05-18T14:45:58","guid":{"rendered":"http:\/\/westwaerts-jakobsweg.at\/?p=1292"},"modified":"2017-03-10T23:44:14","modified_gmt":"2017-03-10T21:44:14","slug":"tag-34-3","status":"publish","type":"post","link":"http:\/\/westwaerts-jakobsweg.at\/?p=1292","title":{"rendered":"Tag 34"},"content":{"rendered":"<p>A Gudi\u00f1a &#8211; Campobecerros 20,7 km (824,5 km) 25.878<\/p>\n<p>Hola Amigos!<br \/>\nObwohl es nur einen Schlafsaal f\u00fcr alle Pilger gab, haben wir herrlich geschlafen.<br \/>\nAb mit uns in die Hochebene. Zwar ging&#8217;s gro\u00dfteils auf einer alten Landstra\u00dfe dahin aber am gesamten Weg leuchtete die Heidelandschaft in gelb, lila, rosa und blau, auch die Berge sind mit diesem Teppich \u00fcberzogen, nur manchmal blitzen Felsen durch. Eigentlich waren wir umzingelt von den Bergen, auf einen marschierten wir hinauf, nicht steil aber stetig.<br \/>\nTraumhaft sch\u00f6ne Weitblicke, vorbei an einigen verlassenen D\u00f6rfern und an Schafweiden. Auf einer Anh\u00f6he, pl\u00f6tzlich ein Stausee zwischen den Bergen, wau :-).<br \/>\nOben angekommen, entdeckten wir in einem Garten, Tisch und Bankerl, daneben ein Brunnen mit dem Muschelzeichen. So eine Einladung f\u00fcr die Pause muss nat\u00fcrlich gen\u00fctzt werden.<br \/>\nEben ging&#8217;s weiter, wir waren \u00fcberzeugt, so bleibt es, da sahen wir die zwei Italiener auf einem steilen, steinigen Hang. Na gut, den einen Bergr\u00fccken keuchen wir auch noch hinauf aber dann muss Schluss sein. F\u00fcr den Abstieg wurden wir von den Kirchenglocken angefeuert, boa, der war echt steil und durch die Steine auch sehr rutschig.<br \/>\nAuch begleitet uns in Sichtweite die Bahnlinie Sierra de la Culebra. Rund 78 km von insgesamt 452 km sind davon Tunnels (182 !), arg oder?<br \/>\nEigentlich war es noch zu zeitig f\u00fcr die Herberge aber eine Waschmaschine \u00fcberzeugte uns f\u00fcr den Einkehrschwung. Konnten endlich unsere Schlafs\u00e4cke und anderes Zeug ordentlich waschen und &#8222;Sch\u00f6nheitspflege&#8220; w\u00e4re auch nicht schlecht. Au\u00dferdem haben wir noch ausreichend \u00a0Zeit bis zum Heimflug.<br \/>\nIn der Herberge gibt es keine K\u00fcche, was wurscht ist, da es in diesem Nest eh kein Gesch\u00e4ft gibt, so M\u00dcSSEN wir uns LEIDER wieder bekochen lassen ;-).<br \/>\nSch\u00f6nen Wochenbeginn w\u00fcnschen \u00a0O + R<\/p>\n<figure style=\"width: 640px\" class=\"wp-caption alignnone\"><a href=\"http:\/\/westwaerts-jakobsweg.at\/wp-content\/uploads\/2015\/05\/IMG_0743.jpg\"><img loading=\"lazy\" decoding=\"async\" src=\"http:\/\/westwaerts-jakobsweg.at\/wp-content\/uploads\/2015\/05\/IMG_0743.jpg\" alt=\"\" width=\"640\" height=\"480\" \/><\/a><figcaption class=\"wp-caption-text\">Galicien pr\u00e4sentiert sich&#8230;\u00a0<\/figcaption><\/figure>\n<figure style=\"width: 640px\" class=\"wp-caption alignnone\"><a href=\"http:\/\/westwaerts-jakobsweg.at\/wp-content\/uploads\/2015\/05\/IMG_0744.jpg\"><img loading=\"lazy\" decoding=\"async\" src=\"http:\/\/westwaerts-jakobsweg.at\/wp-content\/uploads\/2015\/05\/IMG_0744.jpg\" alt=\"\" width=\"640\" height=\"480\" \/><\/a><figcaption class=\"wp-caption-text\">\u2026auf dieser Etappe wundersch\u00f6n \ud83d\ude42<\/figcaption><\/figure>\n<p><a href=\"http:\/\/westwaerts-jakobsweg.at\/wp-content\/uploads\/2015\/05\/IMG_0745.jpg\"><img decoding=\"async\" src=\"http:\/\/westwaerts-jakobsweg.at\/wp-content\/uploads\/2015\/05\/IMG_0745.jpg\" alt=\"\" \/><\/a>\u00a0\u00a0<a href=\"http:\/\/westwaerts-jakobsweg.at\/wp-content\/uploads\/2015\/05\/IMG_0746.jpg\"><img decoding=\"async\" src=\"http:\/\/westwaerts-jakobsweg.at\/wp-content\/uploads\/2015\/05\/IMG_0746.jpg\" alt=\"\" \/><\/a><\/p>\n","protected":false},"excerpt":{"rendered":"<p>A Gudi\u00f1a &#8211; Campobecerros 20,7 km (824,5 km) 25.878 Hola Amigos! Obwohl es nur einen Schlafsaal f\u00fcr alle Pilger gab, haben wir herrlich geschlafen. Ab mit uns in die Hochebene. Zwar ging&#8217;s gro\u00dfteils auf einer alten Landstra\u00dfe dahin aber am gesamten Weg leuchtete die Heidelandschaft in gelb, lila, rosa und blau, auch die Berge sind mit diesem Teppich \u00fcberzogen, nur manchmal blitzen Felsen durch. Eigentlich waren wir umzingelt von den Bergen, auf einen marschierten wir hinauf, nicht steil aber stetig&#8230;.<\/p>\n<p class=\"read-more\"><a class=\"btn btn-default\" href=\"http:\/\/westwaerts-jakobsweg.at\/?p=1292\">Weiterlesen<span class=\"screen-reader-text\"> Weiterlesen<\/span><\/a><\/p>\n","protected":false},"author":1,"featured_media":0,"comment_status":"open","ping_status":"open","sticky":false,"template":"","format":"standard","meta":{"footnotes":""},"categories":[8,15],"tags":[],"_links":{"self":[{"href":"http:\/\/westwaerts-jakobsweg.at\/index.php?rest_route=\/wp\/v2\/posts\/1292"}],"collection":[{"href":"http:\/\/westwaerts-jakobsweg.at\/index.php?rest_route=\/wp\/v2\/posts"}],"about":[{"href":"http:\/\/westwaerts-jakobsweg.at\/index.php?rest_route=\/wp\/v2\/types\/post"}],"author":[{"embeddable":true,"href":"http:\/\/westwaerts-jakobsweg.at\/index.php?rest_route=\/wp\/v2\/users\/1"}],"replies":[{"embeddable":true,"href":"http:\/\/westwaerts-jakobsweg.at\/index.php?rest_route=%2Fwp%2Fv2%2Fcomments&post=1292"}],"version-history":[{"count":0,"href":"http:\/\/westwaerts-jakobsweg.at\/index.php?rest_route=\/wp\/v2\/posts\/1292\/revisions"}],"wp:attachment":[{"href":"http:\/\/westwaerts-jakobsweg.at\/index.php?rest_route=%2Fwp%2Fv2%2Fmedia&parent=1292"}],"wp:term":[{"taxonomy":"category","embeddable":true,"href":"http:\/\/westwaerts-jakobsweg.at\/index.php?rest_route=%2Fwp%2Fv2%2Fcategories&post=1292"},{"taxonomy":"post_tag","embeddable":true,"href":"http:\/\/westwaerts-jakobsweg.at\/index.php?rest_route=%2Fwp%2Fv2%2Ftags&post=1292"}],"curies":[{"name":"wp","href":"https:\/\/api.w.org\/{rel}","templated":true}]}}