{"id":14371,"date":"2020-01-22T19:09:23","date_gmt":"2020-01-22T18:09:23","guid":{"rendered":"http:\/\/westwaerts-jakobsweg.at\/?p=14371"},"modified":"2020-02-21T19:38:02","modified_gmt":"2020-02-21T18:38:02","slug":"winter-camino-tag-8","status":"publish","type":"post","link":"http:\/\/westwaerts-jakobsweg.at\/?p=14371","title":{"rendered":"Winter-Camino Tag 8"},"content":{"rendered":"<p>Gra\u00f1\u00f3n &#8211; Redecilla del Camino 4km (166.2km)<br \/>\ndanach mit dem Bus bis Burgos gefahren<\/p>\n<p>Gut haben wir auf den Matten unterm Dach geschlafen. Gestern wurden wir noch mit Abendessen verw\u00f6hnt und heute mit Fr\u00fchst\u00fcck, so lieb &#x1f60d; .<br \/>\nDas Wetter kam \u00fcberraschend, Sturmtief Gloria las Otto gerade in den Nachrichten. Einige sind bereits erfroren, nicht sch\u00f6n, unter solchen Umst\u00e4nden brauch ich dann keinen Schnee &#x1f622; .<br \/>\nEs war zwar in der Fr\u00fch die reine Schneepracht, doch unter dem Schnee verbarg sich Wasser, es wurde ein Gatsch-Wassertreten.<br \/>\nVor zwei Tagen gabs in meinem gesunden linken Knie einen Schnalzer, von da an hatte ich Schmerzen. Trotz Medikamente wurden sie gestern fast unertr\u00e4glich und heut in der Fr\u00fch gabs keine Besserung, ich kann kaum gehen.<br \/>\nIn Redecilla del Camino dann die Entscheidung mit dem Bus nach Burgos zu fahren und das Krankenhaus besuchen.<br \/>\nIm R\u00f6ntgen zeigte sich nur ein Erguss und wahrscheinlich sind die Muskeln beleidigt, meinte die \u00c4rztin?<br \/>\nOb ein Band oder der Meniscus was abbekommen hat sieht man im R\u00f6ntgen ja nicht. Zwei Tage soll ich schonen, wird sicher fad. Genug gejammert, wir d\u00fcrfen in der Herberge so lange bleiben wie wir wollen.<br \/>\nBeim Stadttor von Burgos hinein, vorbei an der m\u00e4chtigen, wundersch\u00f6nen Kathedrale und bei der riesigen Herberge angekommen, mehr gibt es heut nicht zu berichten. Schade, \u00fcber die Oca-Berge w\u00e4re ich gerne gegangen.<br \/>\nDass es bald weitergeht, hoffen O + R<\/p>\n<p>Unterkunft:<br \/>\n\u00d6ffentliche Herberge von Burgos, ziemlich neben der Kathedrale<br \/>\nFern\u00e1n Gonz\u00e1lez Nr. 28 Tel.: 947 460 922<\/p>\n<div id='gallery-1' class='gallery galleryid-14371 gallery-columns-3 gallery-size-thumbnail'><figure class='gallery-item'>\n\t\t\t<div class='gallery-icon landscape'>\n\t\t\t\t<a href='http:\/\/westwaerts-jakobsweg.at\/?attachment_id=14377'><img loading=\"lazy\" decoding=\"async\" width=\"150\" height=\"150\" src=\"http:\/\/westwaerts-jakobsweg.at\/wp-content\/uploads\/2020\/01\/7A504C5D-3E14-482A-8AA8-C33ABFCD0511-150x150.jpeg\" class=\"attachment-thumbnail size-thumbnail\" alt=\"\" aria-describedby=\"gallery-1-14377\" \/><\/a>\n\t\t\t<\/div>\n\t\t\t\t<figcaption class='wp-caption-text gallery-caption' id='gallery-1-14377'>\n\t\t\t\tAbendessen mit Korea, Japan und Spanien \ud83d\ude42\n\t\t\t\t<\/figcaption><\/figure><figure class='gallery-item'>\n\t\t\t<div class='gallery-icon portrait'>\n\t\t\t\t<a href='http:\/\/westwaerts-jakobsweg.at\/?attachment_id=14378'><img loading=\"lazy\" decoding=\"async\" width=\"150\" height=\"150\" src=\"http:\/\/westwaerts-jakobsweg.at\/wp-content\/uploads\/2020\/01\/117E6F62-38D9-4E74-B2D4-8BFB3FC7B738-150x150.jpeg\" class=\"attachment-thumbnail size-thumbnail\" alt=\"\" aria-describedby=\"gallery-1-14378\" \/><\/a>\n\t\t\t<\/div>\n\t\t\t\t<figcaption class='wp-caption-text gallery-caption' id='gallery-1-14378'>\n\t\t\t\tStart in Gra\u00f1\u00f3n\n\t\t\t\t<\/figcaption><\/figure><figure class='gallery-item'>\n\t\t\t<div class='gallery-icon landscape'>\n\t\t\t\t<a href='http:\/\/westwaerts-jakobsweg.at\/?attachment_id=14381'><img loading=\"lazy\" decoding=\"async\" width=\"150\" height=\"150\" src=\"http:\/\/westwaerts-jakobsweg.at\/wp-content\/uploads\/2020\/01\/A4302D12-5485-4178-B66C-E7C96AD37E27-150x150.jpeg\" class=\"attachment-thumbnail size-thumbnail\" alt=\"\" aria-describedby=\"gallery-1-14381\" \/><\/a>\n\t\t\t<\/div>\n\t\t\t\t<figcaption class='wp-caption-text gallery-caption' id='gallery-1-14381'>\n\t\t\t\tzwei Pilger im Schnee\n\t\t\t\t<\/figcaption><\/figure><figure class='gallery-item'>\n\t\t\t<div class='gallery-icon landscape'>\n\t\t\t\t<a href='http:\/\/westwaerts-jakobsweg.at\/?attachment_id=14382'><img loading=\"lazy\" decoding=\"async\" width=\"150\" height=\"150\" src=\"http:\/\/westwaerts-jakobsweg.at\/wp-content\/uploads\/2020\/01\/3502C305-6773-48BE-BE5F-256F6CC7D28B-150x150.jpeg\" class=\"attachment-thumbnail size-thumbnail\" alt=\"\" aria-describedby=\"gallery-1-14382\" \/><\/a>\n\t\t\t<\/div>\n\t\t\t\t<figcaption class='wp-caption-text gallery-caption' id='gallery-1-14382'>\n\t\t\t\tR\u00fcckblick auf Gra\u00f1\u00f3n\n\t\t\t\t<\/figcaption><\/figure><figure class='gallery-item'>\n\t\t\t<div class='gallery-icon portrait'>\n\t\t\t\t<a href='http:\/\/westwaerts-jakobsweg.at\/?attachment_id=14379'><img loading=\"lazy\" decoding=\"async\" width=\"150\" height=\"150\" src=\"http:\/\/westwaerts-jakobsweg.at\/wp-content\/uploads\/2020\/01\/5735779D-F75D-4960-9EB3-C7108BAF2D95-150x150.jpeg\" class=\"attachment-thumbnail size-thumbnail\" alt=\"\" aria-describedby=\"gallery-1-14379\" \/><\/a>\n\t\t\t<\/div>\n\t\t\t\t<figcaption class='wp-caption-text gallery-caption' id='gallery-1-14379'>\n\t\t\t\tPilger in wei\u00df \ud83d\ude09\n\t\t\t\t<\/figcaption><\/figure><figure class='gallery-item'>\n\t\t\t<div class='gallery-icon landscape'>\n\t\t\t\t<a href='http:\/\/westwaerts-jakobsweg.at\/?attachment_id=14380'><img loading=\"lazy\" decoding=\"async\" width=\"150\" height=\"150\" src=\"http:\/\/westwaerts-jakobsweg.at\/wp-content\/uploads\/2020\/01\/ED5FFFC9-4BF9-4FFE-89A4-1C30643A1700-150x150.jpeg\" class=\"attachment-thumbnail size-thumbnail\" alt=\"\" aria-describedby=\"gallery-1-14380\" \/><\/a>\n\t\t\t<\/div>\n\t\t\t\t<figcaption class='wp-caption-text gallery-caption' id='gallery-1-14380'>\n\t\t\t\tStadttor von Burgos\n\t\t\t\t<\/figcaption><\/figure>\n\t\t<\/div>\n\n","protected":false},"excerpt":{"rendered":"<p>Gra\u00f1\u00f3n &#8211; Redecilla del Camino 4km (166.2km) danach mit dem Bus bis Burgos gefahren Gut haben wir auf den Matten unterm Dach geschlafen. Gestern wurden wir noch mit Abendessen verw\u00f6hnt und heute mit Fr\u00fchst\u00fcck, so lieb &#x1f60d; . Das Wetter kam \u00fcberraschend, Sturmtief Gloria las Otto gerade in den Nachrichten. Einige sind bereits erfroren, nicht sch\u00f6n, unter solchen Umst\u00e4nden brauch ich dann keinen Schnee &#x1f622; . Es war zwar in der Fr\u00fch die reine Schneepracht, doch unter dem Schnee verbarg&#8230;<\/p>\n<p class=\"read-more\"><a class=\"btn btn-default\" href=\"http:\/\/westwaerts-jakobsweg.at\/?p=14371\">Weiterlesen<span class=\"screen-reader-text\"> Weiterlesen<\/span><\/a><\/p>\n","protected":false},"author":1,"featured_media":0,"comment_status":"open","ping_status":"open","sticky":false,"template":"","format":"standard","meta":{"footnotes":""},"categories":[35,33],"tags":[],"_links":{"self":[{"href":"http:\/\/westwaerts-jakobsweg.at\/index.php?rest_route=\/wp\/v2\/posts\/14371"}],"collection":[{"href":"http:\/\/westwaerts-jakobsweg.at\/index.php?rest_route=\/wp\/v2\/posts"}],"about":[{"href":"http:\/\/westwaerts-jakobsweg.at\/index.php?rest_route=\/wp\/v2\/types\/post"}],"author":[{"embeddable":true,"href":"http:\/\/westwaerts-jakobsweg.at\/index.php?rest_route=\/wp\/v2\/users\/1"}],"replies":[{"embeddable":true,"href":"http:\/\/westwaerts-jakobsweg.at\/index.php?rest_route=%2Fwp%2Fv2%2Fcomments&post=14371"}],"version-history":[{"count":0,"href":"http:\/\/westwaerts-jakobsweg.at\/index.php?rest_route=\/wp\/v2\/posts\/14371\/revisions"}],"wp:attachment":[{"href":"http:\/\/westwaerts-jakobsweg.at\/index.php?rest_route=%2Fwp%2Fv2%2Fmedia&parent=14371"}],"wp:term":[{"taxonomy":"category","embeddable":true,"href":"http:\/\/westwaerts-jakobsweg.at\/index.php?rest_route=%2Fwp%2Fv2%2Fcategories&post=14371"},{"taxonomy":"post_tag","embeddable":true,"href":"http:\/\/westwaerts-jakobsweg.at\/index.php?rest_route=%2Fwp%2Fv2%2Ftags&post=14371"}],"curies":[{"name":"wp","href":"https:\/\/api.w.org\/{rel}","templated":true}]}}