{"id":14978,"date":"2020-07-18T17:50:59","date_gmt":"2020-07-18T15:50:59","guid":{"rendered":"http:\/\/westwaerts-jakobsweg.at\/?p=14978"},"modified":"2020-07-18T18:16:48","modified_gmt":"2020-07-18T16:16:48","slug":"oejw-tag-12","status":"publish","type":"post","link":"http:\/\/westwaerts-jakobsweg.at\/?p=14978","title":{"rendered":"\u00d6JW Tag 12"},"content":{"rendered":"<p>V\u00f6cklabruck &#8211; Frankenmarkt 23.4km (313.7km)<\/p>\n<p>So liebevoll und gro\u00dfz\u00fcgig war der Fr\u00fchst\u00fcckstisch gedeckt &#x1f49a; .<br \/>\nUnbedingt sollen wir uns eine Jause einpacken.<br \/>\nNoch ein kleines Tratscherl mit der lieben Schwester, sie erkl\u00e4rte uns den besseren Weg zur Stadt hinaus. Vorbei bei einem Bio-Bauern, Durchgang eigentlich verboten aber f\u00fcr Jakobspilger erlaubt &#x1f44d; .<br \/>\nEs geht durch Oberthalheim und Timelkam. Dort gibt es schon wieder so einen sch\u00f6nen Marktturm, auch die Feuerwehr kann sich sehen lassen. Vor lauter schauen \u00fcbersahen wir den Abbiegepfeil, eine Frau machte uns vom Auto aus darauf aufmerksam &#x1f60a; . Die Leut am Weg sind aufmerksam, freundlich und hilfsbereit. An den hei\u00dfen Tagen wurde uns mehrmals ein kaltes Getr\u00e4nk angeboten.<br \/>\nEs begann zu regnen und es h\u00f6rte nicht mehr auf. Ein sch\u00f6ner Weg durch den Wald, die d\u00fcrre Ager wird \u00fcberquert, an dieser gehts entlang zwischen Maisfelder und Wald, bis sie nochmals \u00fcberquert wird.<br \/>\nTja der Radweg, da war er wieder, mit kleinen \u00c4nderungen durch den Wald, blieb er uns bis V\u00f6cklamarkt erhalten.<br \/>\nDas einzige Gasthaus am Weg hatte heute Ruhetag &#x1f629; .<br \/>\nBei einer Tankstelle gabs zumindest einen lauwarmen Kaffee f\u00fcr uns.<br \/>\nWir trafen einen Vorarlberger der \u201egegen den Strom\u201c pilgert. Es gab wieder Bauernh\u00f6fe und sogar zwei Bergerl mit sch\u00f6nen Naturwegen und Aussichten.<br \/>\nKurz vor Frankenmarkt steht eine wunderbare Pilgerh\u00fctte. Mit Mineralwasser, Pilgerstempel, sogar Matten wenn man dort \u00fcbernachten m\u00f6chte sind drinnen. Anton hat die gebaut, weil es ihm grad so einfiel und der Jakobsweg durch seinen Grund f\u00fchrt. Wir trafen ihn in der H\u00fctte und er hatte viel zu erz\u00e4hlen &#x1f60a; .<br \/>\nEigentlich wollten wir dort schlafen aber alles war feucht vom Dauerregen und ich sehnte mich nach einer hei\u00dfen Dusche.<br \/>\nJetzt sind wir im Gasthaus auf Antons Empfehlung, es sch\u00fcttet noch immer und wir sind gl\u00fccklich im Trockenen zu sein.<br \/>\nDas der Regen bis morgen vorbei ist, hoffen O + R<\/p>\n<p>Unterkunft: Gasthof Kogler, Fam. Greisinger<br \/>\nHauptstra\u00dfe 122 Frankenmarkt  Tel.: 0650 7810331 od. 07684 6258<br \/>\n<div id='gallery-1' class='gallery galleryid-14978 gallery-columns-3 gallery-size-thumbnail'><figure class='gallery-item'>\n\t\t\t<div class='gallery-icon portrait'>\n\t\t\t\t<a href='http:\/\/westwaerts-jakobsweg.at\/?attachment_id=14982'><img loading=\"lazy\" decoding=\"async\" width=\"150\" height=\"150\" src=\"http:\/\/westwaerts-jakobsweg.at\/wp-content\/uploads\/2020\/07\/1A9B7074-1F45-4453-88EA-8E67B12B7982-150x150.jpeg\" class=\"attachment-thumbnail size-thumbnail\" alt=\"\" \/><\/a>\n\t\t\t<\/div><\/figure><figure class='gallery-item'>\n\t\t\t<div class='gallery-icon portrait'>\n\t\t\t\t<a href='http:\/\/westwaerts-jakobsweg.at\/?attachment_id=14983'><img loading=\"lazy\" decoding=\"async\" width=\"150\" height=\"150\" src=\"http:\/\/westwaerts-jakobsweg.at\/wp-content\/uploads\/2020\/07\/704E7BBE-3032-4B67-984F-8767D85E8C87-150x150.jpeg\" class=\"attachment-thumbnail size-thumbnail\" alt=\"\" aria-describedby=\"gallery-1-14983\" \/><\/a>\n\t\t\t<\/div>\n\t\t\t\t<figcaption class='wp-caption-text gallery-caption' id='gallery-1-14983'>\n\t\t\t\tMarktturm in Timelkam\n\t\t\t\t<\/figcaption><\/figure><figure class='gallery-item'>\n\t\t\t<div class='gallery-icon landscape'>\n\t\t\t\t<a href='http:\/\/westwaerts-jakobsweg.at\/?attachment_id=14984'><img loading=\"lazy\" decoding=\"async\" width=\"150\" height=\"150\" src=\"http:\/\/westwaerts-jakobsweg.at\/wp-content\/uploads\/2020\/07\/8F4C19ED-701F-427D-AC02-188B4D8C6FE9-150x150.jpeg\" class=\"attachment-thumbnail size-thumbnail\" alt=\"\" aria-describedby=\"gallery-1-14984\" \/><\/a>\n\t\t\t<\/div>\n\t\t\t\t<figcaption class='wp-caption-text gallery-caption' id='gallery-1-14984'>\n\t\t\t\tFeuerwehr in Timelkam\n\t\t\t\t<\/figcaption><\/figure><figure class='gallery-item'>\n\t\t\t<div class='gallery-icon landscape'>\n\t\t\t\t<a href='http:\/\/westwaerts-jakobsweg.at\/?attachment_id=14985'><img loading=\"lazy\" decoding=\"async\" width=\"150\" height=\"150\" src=\"http:\/\/westwaerts-jakobsweg.at\/wp-content\/uploads\/2020\/07\/636B82FC-B61A-44D5-A9AC-38C5D1788386-150x150.jpeg\" class=\"attachment-thumbnail size-thumbnail\" alt=\"\" aria-describedby=\"gallery-1-14985\" \/><\/a>\n\t\t\t<\/div>\n\t\t\t\t<figcaption class='wp-caption-text gallery-caption' id='gallery-1-14985'>\n\t\t\t\t\u00dcberquerung der D\u00fcrren Ager\n\t\t\t\t<\/figcaption><\/figure><figure class='gallery-item'>\n\t\t\t<div class='gallery-icon landscape'>\n\t\t\t\t<a href='http:\/\/westwaerts-jakobsweg.at\/?attachment_id=14986'><img loading=\"lazy\" decoding=\"async\" width=\"150\" height=\"150\" src=\"http:\/\/westwaerts-jakobsweg.at\/wp-content\/uploads\/2020\/07\/3CA5B4DC-ABE8-4832-9807-D97B8700E000-150x150.jpeg\" class=\"attachment-thumbnail size-thumbnail\" alt=\"\" \/><\/a>\n\t\t\t<\/div><\/figure><figure class='gallery-item'>\n\t\t\t<div class='gallery-icon landscape'>\n\t\t\t\t<a href='http:\/\/westwaerts-jakobsweg.at\/?attachment_id=14987'><img loading=\"lazy\" decoding=\"async\" width=\"150\" height=\"150\" src=\"http:\/\/westwaerts-jakobsweg.at\/wp-content\/uploads\/2020\/07\/69F9DA69-ACD0-43A9-8F33-93E7605F0DCF-150x150.jpeg\" class=\"attachment-thumbnail size-thumbnail\" alt=\"\" aria-describedby=\"gallery-1-14987\" \/><\/a>\n\t\t\t<\/div>\n\t\t\t\t<figcaption class='wp-caption-text gallery-caption' id='gallery-1-14987'>\n\t\t\t\tdas kennen wir doch \ud83d\ude42\n\t\t\t\t<\/figcaption><\/figure><figure class='gallery-item'>\n\t\t\t<div class='gallery-icon landscape'>\n\t\t\t\t<a href='http:\/\/westwaerts-jakobsweg.at\/?attachment_id=14988'><img loading=\"lazy\" decoding=\"async\" width=\"150\" height=\"150\" src=\"http:\/\/westwaerts-jakobsweg.at\/wp-content\/uploads\/2020\/07\/FE432AA6-6821-48CD-AECE-BCAA45488DE2-150x150.jpeg\" class=\"attachment-thumbnail size-thumbnail\" alt=\"\" aria-describedby=\"gallery-1-14988\" \/><\/a>\n\t\t\t<\/div>\n\t\t\t\t<figcaption class='wp-caption-text gallery-caption' id='gallery-1-14988'>\n\t\t\t\tkurz vor Frankenmarkt&#8230;\n\t\t\t\t<\/figcaption><\/figure><figure class='gallery-item'>\n\t\t\t<div class='gallery-icon landscape'>\n\t\t\t\t<a href='http:\/\/westwaerts-jakobsweg.at\/?attachment_id=14989'><img loading=\"lazy\" decoding=\"async\" width=\"150\" height=\"150\" src=\"http:\/\/westwaerts-jakobsweg.at\/wp-content\/uploads\/2020\/07\/FD84232E-3ECB-4D56-98C2-1056EACB8358-150x150.jpeg\" class=\"attachment-thumbnail size-thumbnail\" alt=\"\" aria-describedby=\"gallery-1-14989\" \/><\/a>\n\t\t\t<\/div>\n\t\t\t\t<figcaption class='wp-caption-text gallery-caption' id='gallery-1-14989'>\n\t\t\t\t&#8230;Pilgerh\u00fctte von Anton \ud83d\ude42\n\t\t\t\t<\/figcaption><\/figure>\n\t\t<\/div>\n<\/p>\n","protected":false},"excerpt":{"rendered":"<p>V\u00f6cklabruck &#8211; Frankenmarkt 23.4km (313.7km) So liebevoll und gro\u00dfz\u00fcgig war der Fr\u00fchst\u00fcckstisch gedeckt &#x1f49a; . Unbedingt sollen wir uns eine Jause einpacken. Noch ein kleines Tratscherl mit der lieben Schwester, sie erkl\u00e4rte uns den besseren Weg zur Stadt hinaus. Vorbei bei einem Bio-Bauern, Durchgang eigentlich verboten aber f\u00fcr Jakobspilger erlaubt &#x1f44d; . Es geht durch Oberthalheim und Timelkam. Dort gibt es schon wieder so einen sch\u00f6nen Marktturm, auch die Feuerwehr kann sich sehen lassen. Vor lauter schauen \u00fcbersahen wir den&#8230;<\/p>\n<p class=\"read-more\"><a class=\"btn btn-default\" href=\"http:\/\/westwaerts-jakobsweg.at\/?p=14978\">Weiterlesen<span class=\"screen-reader-text\"> Weiterlesen<\/span><\/a><\/p>\n","protected":false},"author":1,"featured_media":0,"comment_status":"open","ping_status":"open","sticky":false,"template":"","format":"standard","meta":{"footnotes":""},"categories":[35,37],"tags":[],"_links":{"self":[{"href":"http:\/\/westwaerts-jakobsweg.at\/index.php?rest_route=\/wp\/v2\/posts\/14978"}],"collection":[{"href":"http:\/\/westwaerts-jakobsweg.at\/index.php?rest_route=\/wp\/v2\/posts"}],"about":[{"href":"http:\/\/westwaerts-jakobsweg.at\/index.php?rest_route=\/wp\/v2\/types\/post"}],"author":[{"embeddable":true,"href":"http:\/\/westwaerts-jakobsweg.at\/index.php?rest_route=\/wp\/v2\/users\/1"}],"replies":[{"embeddable":true,"href":"http:\/\/westwaerts-jakobsweg.at\/index.php?rest_route=%2Fwp%2Fv2%2Fcomments&post=14978"}],"version-history":[{"count":0,"href":"http:\/\/westwaerts-jakobsweg.at\/index.php?rest_route=\/wp\/v2\/posts\/14978\/revisions"}],"wp:attachment":[{"href":"http:\/\/westwaerts-jakobsweg.at\/index.php?rest_route=%2Fwp%2Fv2%2Fmedia&parent=14978"}],"wp:term":[{"taxonomy":"category","embeddable":true,"href":"http:\/\/westwaerts-jakobsweg.at\/index.php?rest_route=%2Fwp%2Fv2%2Fcategories&post=14978"},{"taxonomy":"post_tag","embeddable":true,"href":"http:\/\/westwaerts-jakobsweg.at\/index.php?rest_route=%2Fwp%2Fv2%2Ftags&post=14978"}],"curies":[{"name":"wp","href":"https:\/\/api.w.org\/{rel}","templated":true}]}}