{"id":15709,"date":"2021-07-24T20:50:34","date_gmt":"2021-07-24T18:50:34","guid":{"rendered":"http:\/\/westwaerts-jakobsweg.at\/?p=15709"},"modified":"2021-08-10T21:40:33","modified_gmt":"2021-08-10T19:40:33","slug":"wr-wallfahrerweg-06-tag-5","status":"publish","type":"post","link":"http:\/\/westwaerts-jakobsweg.at\/?p=15709","title":{"rendered":"Wr. Wallfahrerweg 06 Tag 5"},"content":{"rendered":"<p>Kalte Kuchl &#8211; Gscheid 25km (97.8km)<\/p>\n<p>Wie immer gut gefr\u00fchst\u00fcckt, noch die nette Wallfahrerkapelle besucht, danach in den Wald hinauf gestapft. Seit Rohr gehts quer durch die Gutensteineralpen.<br \/>\nHeut kommt man von einem Wald in den n\u00e4chsten, mit guter frischer Luft und verschiedenen D\u00fcften&#x1f60a;. Wo kein Schatten war sp\u00fcrte man schon die Kraft der Sonne.<br \/>\nLang ging es auf Forststra\u00dfen fast eben dahin, bis wir dann doch wieder an H\u00f6he gewinnt. Oben angekommen geht es einem Kamm entlang, auf einem schmalen, weichen Waldweg, bis zur kleinen Maria-Hilf-Kapelle, wo zwei Baumst\u00e4mme zur Pause einluden.<br \/>\nNoch ein abw\u00e4rts f\u00fchrender Waldweg, durch Obermittelbach, das Seebachtal mit herrlichen Aussichten und St. Aegyd war erreicht.<br \/>\nIn dem alten Bahnhofgeb\u00e4ude, jetzt ein Restaurant haben wir uns erholt, bevor der Hatscher durch St. Aegyd begann. Danach ging es auf Asphalt in einem Graben der einfach nicht enden wollte. Mittlerweile war es verdammt hei\u00df geworden, auch im Schatten. Im Kopf spukte der Anstieg auf fast 1000m H\u00f6he aufs Gscheid herum&#x1f92a;.<br \/>\nDas steile Hinauf war dann nur halb so schlimm wie das Hinein in den Graben. Recht schnell waren wir am Sattel und hatten von dort einen sch\u00f6nen Ausblick auf das Gscheid.<br \/>\nDie B\u00e4uche sind gef\u00fcllt, einen sch\u00f6nen Abend w\u00fcnschen O + R + S<\/p>\n<p>Unterkunft: Gschoadwirt (im wirklich sch\u00f6nem \u201eLager\u201c mit frischer Bettw\u00e4sche)<br \/>\nGscheid 7 3195 Kernhof Tel.: 0676 3603607<\/p>\n<div id='gallery-1' class='gallery galleryid-15709 gallery-columns-3 gallery-size-thumbnail'><figure class='gallery-item'>\n\t\t\t<div class='gallery-icon landscape'>\n\t\t\t\t<a href='http:\/\/westwaerts-jakobsweg.at\/?attachment_id=15723'><img loading=\"lazy\" decoding=\"async\" width=\"150\" height=\"150\" src=\"http:\/\/westwaerts-jakobsweg.at\/wp-content\/uploads\/2021\/07\/EBDF0F2E-3647-433B-9CDB-302D55EC6D80-150x150.jpeg\" class=\"attachment-thumbnail size-thumbnail\" alt=\"\" aria-describedby=\"gallery-1-15723\" \/><\/a>\n\t\t\t<\/div>\n\t\t\t\t<figcaption class='wp-caption-text gallery-caption' id='gallery-1-15723'>\n\t\t\t\tWallfahrerkapelle in der Kalten Kuchl\n\t\t\t\t<\/figcaption><\/figure><figure class='gallery-item'>\n\t\t\t<div class='gallery-icon landscape'>\n\t\t\t\t<a href='http:\/\/westwaerts-jakobsweg.at\/?attachment_id=15714'><img loading=\"lazy\" decoding=\"async\" width=\"150\" height=\"150\" src=\"http:\/\/westwaerts-jakobsweg.at\/wp-content\/uploads\/2021\/07\/8CA4C5B8-846C-48A3-B8AA-B6CA42EBDC22-150x150.jpeg\" class=\"attachment-thumbnail size-thumbnail\" alt=\"\" aria-describedby=\"gallery-1-15714\" \/><\/a>\n\t\t\t<\/div>\n\t\t\t\t<figcaption class='wp-caption-text gallery-caption' id='gallery-1-15714'>\n\t\t\t\tWeras\u00f6der Wiesen\n\t\t\t\t<\/figcaption><\/figure><figure class='gallery-item'>\n\t\t\t<div class='gallery-icon landscape'>\n\t\t\t\t<a href='http:\/\/westwaerts-jakobsweg.at\/?attachment_id=15715'><img loading=\"lazy\" decoding=\"async\" width=\"150\" height=\"150\" src=\"http:\/\/westwaerts-jakobsweg.at\/wp-content\/uploads\/2021\/07\/D6C626B9-F13C-4BEC-9E3C-5F2C29D1414C-150x150.jpeg\" class=\"attachment-thumbnail size-thumbnail\" alt=\"\" \/><\/a>\n\t\t\t<\/div><\/figure><figure class='gallery-item'>\n\t\t\t<div class='gallery-icon landscape'>\n\t\t\t\t<a href='http:\/\/westwaerts-jakobsweg.at\/?attachment_id=15716'><img loading=\"lazy\" decoding=\"async\" width=\"150\" height=\"150\" src=\"http:\/\/westwaerts-jakobsweg.at\/wp-content\/uploads\/2021\/07\/D6EB5040-FB30-41D9-9B3E-33DD63524BB6-150x150.jpeg\" class=\"attachment-thumbnail size-thumbnail\" alt=\"\" aria-describedby=\"gallery-1-15716\" \/><\/a>\n\t\t\t<\/div>\n\t\t\t\t<figcaption class='wp-caption-text gallery-caption' id='gallery-1-15716'>\n\t\t\t\twundersch\u00f6ner Weg&#8230;\n\t\t\t\t<\/figcaption><\/figure><figure class='gallery-item'>\n\t\t\t<div class='gallery-icon landscape'>\n\t\t\t\t<a href='http:\/\/westwaerts-jakobsweg.at\/?attachment_id=15717'><img loading=\"lazy\" decoding=\"async\" width=\"150\" height=\"150\" src=\"http:\/\/westwaerts-jakobsweg.at\/wp-content\/uploads\/2021\/07\/8BAF1942-A2A3-4D0D-BC7C-8468525E547E-150x150.jpeg\" class=\"attachment-thumbnail size-thumbnail\" alt=\"\" aria-describedby=\"gallery-1-15717\" \/><\/a>\n\t\t\t<\/div>\n\t\t\t\t<figcaption class='wp-caption-text gallery-caption' id='gallery-1-15717'>\n\t\t\t\t&#8230;entlang eines Bergkamms&#8230;\n\t\t\t\t<\/figcaption><\/figure><figure class='gallery-item'>\n\t\t\t<div class='gallery-icon landscape'>\n\t\t\t\t<a href='http:\/\/westwaerts-jakobsweg.at\/?attachment_id=15718'><img loading=\"lazy\" decoding=\"async\" width=\"150\" height=\"150\" src=\"http:\/\/westwaerts-jakobsweg.at\/wp-content\/uploads\/2021\/07\/22D68AAC-7888-42E6-986B-A2F58A00365E-150x150.jpeg\" class=\"attachment-thumbnail size-thumbnail\" alt=\"\" aria-describedby=\"gallery-1-15718\" \/><\/a>\n\t\t\t<\/div>\n\t\t\t\t<figcaption class='wp-caption-text gallery-caption' id='gallery-1-15718'>\n\t\t\t\t&#8230;zur Maria-Hilf-Kapelle\n\t\t\t\t<\/figcaption><\/figure><figure class='gallery-item'>\n\t\t\t<div class='gallery-icon portrait'>\n\t\t\t\t<a href='http:\/\/westwaerts-jakobsweg.at\/?attachment_id=15719'><img loading=\"lazy\" decoding=\"async\" width=\"150\" height=\"150\" src=\"http:\/\/westwaerts-jakobsweg.at\/wp-content\/uploads\/2021\/07\/2CB2C837-7520-43B4-95AA-13FBD460E172-150x150.jpeg\" class=\"attachment-thumbnail size-thumbnail\" alt=\"\" aria-describedby=\"gallery-1-15719\" \/><\/a>\n\t\t\t<\/div>\n\t\t\t\t<figcaption class='wp-caption-text gallery-caption' id='gallery-1-15719'>\n\t\t\t\thinauf aufs Gscheid\n\t\t\t\t<\/figcaption><\/figure><figure class='gallery-item'>\n\t\t\t<div class='gallery-icon landscape'>\n\t\t\t\t<a href='http:\/\/westwaerts-jakobsweg.at\/?attachment_id=15722'><img loading=\"lazy\" decoding=\"async\" width=\"150\" height=\"150\" src=\"http:\/\/westwaerts-jakobsweg.at\/wp-content\/uploads\/2021\/07\/30819B94-B632-4AD3-A5E3-282B2D18D71A-150x150.jpeg\" class=\"attachment-thumbnail size-thumbnail\" alt=\"\" \/><\/a>\n\t\t\t<\/div><\/figure><figure class='gallery-item'>\n\t\t\t<div class='gallery-icon portrait'>\n\t\t\t\t<a href='http:\/\/westwaerts-jakobsweg.at\/?attachment_id=15720'><img loading=\"lazy\" decoding=\"async\" width=\"150\" height=\"150\" src=\"http:\/\/westwaerts-jakobsweg.at\/wp-content\/uploads\/2021\/07\/803A9A98-5C81-4ADE-B86E-801345DB4980-150x150.jpeg\" class=\"attachment-thumbnail size-thumbnail\" alt=\"\" aria-describedby=\"gallery-1-15720\" \/><\/a>\n\t\t\t<\/div>\n\t\t\t\t<figcaption class='wp-caption-text gallery-caption' id='gallery-1-15720'>\n\t\t\t\thinauf aufs Gscheid\n\t\t\t\t<\/figcaption><\/figure><figure class='gallery-item'>\n\t\t\t<div class='gallery-icon landscape'>\n\t\t\t\t<a href='http:\/\/westwaerts-jakobsweg.at\/?attachment_id=15721'><img loading=\"lazy\" decoding=\"async\" width=\"150\" height=\"150\" src=\"http:\/\/westwaerts-jakobsweg.at\/wp-content\/uploads\/2021\/07\/2651BC77-EA5E-4430-801D-3C21BA4790FD-150x150.jpeg\" class=\"attachment-thumbnail size-thumbnail\" alt=\"\" aria-describedby=\"gallery-1-15721\" \/><\/a>\n\t\t\t<\/div>\n\t\t\t\t<figcaption class='wp-caption-text gallery-caption' id='gallery-1-15721'>\n\t\t\t\tGscheid-Sattel\n\t\t\t\t<\/figcaption><\/figure>\n\t\t<\/div>\n\n<p>&nbsp;<\/p>\n","protected":false},"excerpt":{"rendered":"<p>Kalte Kuchl &#8211; Gscheid 25km (97.8km) Wie immer gut gefr\u00fchst\u00fcckt, noch die nette Wallfahrerkapelle besucht, danach in den Wald hinauf gestapft. Seit Rohr gehts quer durch die Gutensteineralpen. Heut kommt man von einem Wald in den n\u00e4chsten, mit guter frischer Luft und verschiedenen D\u00fcften&#x1f60a;. Wo kein Schatten war sp\u00fcrte man schon die Kraft der Sonne. Lang ging es auf Forststra\u00dfen fast eben dahin, bis wir dann doch wieder an H\u00f6he gewinnt. Oben angekommen geht es einem Kamm entlang, auf einem&#8230;<\/p>\n<p class=\"read-more\"><a class=\"btn btn-default\" href=\"http:\/\/westwaerts-jakobsweg.at\/?p=15709\">Weiterlesen<span class=\"screen-reader-text\"> Weiterlesen<\/span><\/a><\/p>\n","protected":false},"author":1,"featured_media":0,"comment_status":"open","ping_status":"open","sticky":false,"template":"","format":"standard","meta":{"footnotes":""},"categories":[40,39],"tags":[],"_links":{"self":[{"href":"http:\/\/westwaerts-jakobsweg.at\/index.php?rest_route=\/wp\/v2\/posts\/15709"}],"collection":[{"href":"http:\/\/westwaerts-jakobsweg.at\/index.php?rest_route=\/wp\/v2\/posts"}],"about":[{"href":"http:\/\/westwaerts-jakobsweg.at\/index.php?rest_route=\/wp\/v2\/types\/post"}],"author":[{"embeddable":true,"href":"http:\/\/westwaerts-jakobsweg.at\/index.php?rest_route=\/wp\/v2\/users\/1"}],"replies":[{"embeddable":true,"href":"http:\/\/westwaerts-jakobsweg.at\/index.php?rest_route=%2Fwp%2Fv2%2Fcomments&post=15709"}],"version-history":[{"count":0,"href":"http:\/\/westwaerts-jakobsweg.at\/index.php?rest_route=\/wp\/v2\/posts\/15709\/revisions"}],"wp:attachment":[{"href":"http:\/\/westwaerts-jakobsweg.at\/index.php?rest_route=%2Fwp%2Fv2%2Fmedia&parent=15709"}],"wp:term":[{"taxonomy":"category","embeddable":true,"href":"http:\/\/westwaerts-jakobsweg.at\/index.php?rest_route=%2Fwp%2Fv2%2Fcategories&post=15709"},{"taxonomy":"post_tag","embeddable":true,"href":"http:\/\/westwaerts-jakobsweg.at\/index.php?rest_route=%2Fwp%2Fv2%2Ftags&post=15709"}],"curies":[{"name":"wp","href":"https:\/\/api.w.org\/{rel}","templated":true}]}}