{"id":16029,"date":"2021-09-18T20:53:41","date_gmt":"2021-09-18T18:53:41","guid":{"rendered":"http:\/\/westwaerts-jakobsweg.at\/?p=16029"},"modified":"2021-09-23T10:42:58","modified_gmt":"2021-09-23T08:42:58","slug":"oejw-2-tag-7","status":"publish","type":"post","link":"http:\/\/westwaerts-jakobsweg.at\/?p=16029","title":{"rendered":"\u00d6JW-2 Tag 7"},"content":{"rendered":"<p>Breitenbach am Inn &#8211; Strass im Zillertal 18.8km (144.9km)<\/p>\n<p>Morgens hatten die K\u00fche Vorrang, gut so, sonst w\u00fcrd ich ja zum Fr\u00fchst\u00fcck keinen Milchkaffee bekommen &#x1f60a; .<br \/>\nNach einem Plausch mit der netten B\u00e4uerin haben wir uns in der Kirche einen Stempel f\u00fcr den Pilgerpass geholt und ab in den Wald mit uns. Traumhaftes Wanderwetter, die Sonne setzte sich bereits in der Fr\u00fch durch. Zwar kam dann wieder Asphalt aber rundum herrliche Natur mit wunderbaren Ausblicken, das mag ich &#x1f44d; . Ein Zwetschgenbaum erfreute mich, Otto weniger, er muss dann immer auf mich warten, na und &#x1f602; . Vorbei an einem Bildstock mit dem Jakob und der Mitteilung, nur mehr 2214km bis Santiago.<br \/>\nEin Schild teilte uns mit, der Jakobsweg wird wegen einem Erdrutsch umgeleitet. Tja wenn das danach die Umleitung ist, dann sollte dieser Weg so bleiben. Ein sehr sch\u00f6ner Naturweg durch Wald und Wiesen. Vorbei an einem Tiroler Bauernh\u00f6fe Museum und hinunter zur Ache Richtung Volld\u00f6pp.<br \/>\nDie Ache wird \u00fcberquert, eine Pause war f\u00e4llig, die wurde dann bei einem Brunnen gehalten. Da wussten wir noch nicht, dass man auf einem Fu\u00dfweg schnell in Rattenberg ist, angeblich der kleinsten Gemeinde \u00d6sterreichs.<br \/>\nIn der Fu\u00dfg\u00e4ngerzone der Altstadt empfing uns die Ortskapelle mit einem Alpenrap &#x1f60e; und weil da grad ein Caf\u00e9 war \u201emusste\u201c unbedingt nochmals eine Pause sein &#x1f60e; .<br \/>\nEin Rad\/Wanderweg neben dem Inn brachte uns nach St.Gertraudi und zur Kirche mit der Jakobsnische an der Au\u00dfenwand. Im inneren der Kirche kann man eine Fastengrippe bewundern. Das alles hat der ehemalige Mesner gebaut. Den trafen wir im Wirtshaus nebenan. Wurde ein nettes Tratscherl &#x1f60a; .<br \/>\nSchnell waren wir in Strass im Zillertal, wo bei unserer Unterkunft, hoch oben im Felsen, das Wallfahrts-Kirchlein Maria Brettfall thront und auch die kleine Zillertalbahn f\u00e4hrt vorbei.<br \/>\nDas war heut ein sch\u00f6ner Tag finden O + R<\/p>\n<p>Unterkunft: Gasthof-Pension Knapp<br \/>\nOberdorf 5 Tel.: 0524 462104<\/p>\n<div id='gallery-1' class='gallery galleryid-16029 gallery-columns-3 gallery-size-thumbnail'><figure class='gallery-item'>\n\t\t\t<div class='gallery-icon portrait'>\n\t\t\t\t<a href='http:\/\/westwaerts-jakobsweg.at\/?attachment_id=16034'><img loading=\"lazy\" decoding=\"async\" width=\"150\" height=\"150\" src=\"http:\/\/westwaerts-jakobsweg.at\/wp-content\/uploads\/2021\/09\/2A3E8622-38C2-445A-A99B-4DDD0ADA3606-150x150.jpeg\" class=\"attachment-thumbnail size-thumbnail\" alt=\"\" aria-describedby=\"gallery-1-16034\" \/><\/a>\n\t\t\t<\/div>\n\t\t\t\t<figcaption class='wp-caption-text gallery-caption' id='gallery-1-16034'>\n\t\t\t\tPfarrkirche Breitenbach am Inn\n\t\t\t\t<\/figcaption><\/figure><figure class='gallery-item'>\n\t\t\t<div class='gallery-icon portrait'>\n\t\t\t\t<a href='http:\/\/westwaerts-jakobsweg.at\/?attachment_id=16035'><img loading=\"lazy\" decoding=\"async\" width=\"150\" height=\"150\" src=\"http:\/\/westwaerts-jakobsweg.at\/wp-content\/uploads\/2021\/09\/3E6795F7-37C7-4AC2-880C-EFA15B860C4C-150x150.jpeg\" class=\"attachment-thumbnail size-thumbnail\" alt=\"\" \/><\/a>\n\t\t\t<\/div><\/figure><figure class='gallery-item'>\n\t\t\t<div class='gallery-icon landscape'>\n\t\t\t\t<a href='http:\/\/westwaerts-jakobsweg.at\/?attachment_id=16036'><img loading=\"lazy\" decoding=\"async\" width=\"150\" height=\"150\" src=\"http:\/\/westwaerts-jakobsweg.at\/wp-content\/uploads\/2021\/09\/7459E2EB-4A55-409C-AC1E-C13422ECC384-150x150.jpeg\" class=\"attachment-thumbnail size-thumbnail\" alt=\"\" \/><\/a>\n\t\t\t<\/div><\/figure><figure class='gallery-item'>\n\t\t\t<div class='gallery-icon landscape'>\n\t\t\t\t<a href='http:\/\/westwaerts-jakobsweg.at\/?attachment_id=16037'><img loading=\"lazy\" decoding=\"async\" width=\"150\" height=\"150\" src=\"http:\/\/westwaerts-jakobsweg.at\/wp-content\/uploads\/2021\/09\/7540EE90-3864-4D19-8A8F-2400EE9BEBCE-150x150.jpeg\" class=\"attachment-thumbnail size-thumbnail\" alt=\"\" aria-describedby=\"gallery-1-16037\" \/><\/a>\n\t\t\t<\/div>\n\t\t\t\t<figcaption class='wp-caption-text gallery-caption' id='gallery-1-16037'>\n\t\t\t\tTiroler Bauernh\u00f6fe Museum\n\t\t\t\t<\/figcaption><\/figure><figure class='gallery-item'>\n\t\t\t<div class='gallery-icon landscape'>\n\t\t\t\t<a href='http:\/\/westwaerts-jakobsweg.at\/?attachment_id=16038'><img loading=\"lazy\" decoding=\"async\" width=\"150\" height=\"150\" src=\"http:\/\/westwaerts-jakobsweg.at\/wp-content\/uploads\/2021\/09\/0AB12BB7-482C-4E5B-9FCD-3959AE92E8C1-150x150.jpeg\" class=\"attachment-thumbnail size-thumbnail\" alt=\"\" \/><\/a>\n\t\t\t<\/div><\/figure><figure class='gallery-item'>\n\t\t\t<div class='gallery-icon landscape'>\n\t\t\t\t<a href='http:\/\/westwaerts-jakobsweg.at\/?attachment_id=16039'><img loading=\"lazy\" decoding=\"async\" width=\"150\" height=\"150\" src=\"http:\/\/westwaerts-jakobsweg.at\/wp-content\/uploads\/2021\/09\/CDA4AAC7-C4BE-42CA-B6B9-77559BC3E37A-150x150.jpeg\" class=\"attachment-thumbnail size-thumbnail\" alt=\"\" aria-describedby=\"gallery-1-16039\" \/><\/a>\n\t\t\t<\/div>\n\t\t\t\t<figcaption class='wp-caption-text gallery-caption' id='gallery-1-16039'>\n\t\t\t\tEmpfang in Rattenberg \ud83d\ude42\n\t\t\t\t<\/figcaption><\/figure><figure class='gallery-item'>\n\t\t\t<div class='gallery-icon landscape'>\n\t\t\t\t<a href='http:\/\/westwaerts-jakobsweg.at\/?attachment_id=16040'><img loading=\"lazy\" decoding=\"async\" width=\"150\" height=\"150\" src=\"http:\/\/westwaerts-jakobsweg.at\/wp-content\/uploads\/2021\/09\/918BDD38-1A74-4A56-AB3E-040ED0DE1BC6-150x150.jpeg\" class=\"attachment-thumbnail size-thumbnail\" alt=\"\" aria-describedby=\"gallery-1-16040\" \/><\/a>\n\t\t\t<\/div>\n\t\t\t\t<figcaption class='wp-caption-text gallery-caption' id='gallery-1-16040'>\n\t\t\t\tRad\/Wanderweg nach St.Gertraudi\n\t\t\t\t<\/figcaption><\/figure><figure class='gallery-item'>\n\t\t\t<div class='gallery-icon landscape'>\n\t\t\t\t<a href='http:\/\/westwaerts-jakobsweg.at\/?attachment_id=16041'><img loading=\"lazy\" decoding=\"async\" width=\"150\" height=\"150\" src=\"http:\/\/westwaerts-jakobsweg.at\/wp-content\/uploads\/2021\/09\/71F66D3D-CDAB-4E36-97E4-4F9F67982FF4-150x150.jpeg\" class=\"attachment-thumbnail size-thumbnail\" alt=\"\" aria-describedby=\"gallery-1-16041\" \/><\/a>\n\t\t\t<\/div>\n\t\t\t\t<figcaption class='wp-caption-text gallery-caption' id='gallery-1-16041'>\n\t\t\t\tFastengrippe im Kirchlein St.Gertraudi\n\t\t\t\t<\/figcaption><\/figure><figure class='gallery-item'>\n\t\t\t<div class='gallery-icon portrait'>\n\t\t\t\t<a href='http:\/\/westwaerts-jakobsweg.at\/?attachment_id=16042'><img loading=\"lazy\" decoding=\"async\" width=\"150\" height=\"150\" src=\"http:\/\/westwaerts-jakobsweg.at\/wp-content\/uploads\/2021\/09\/D7DC2E0F-4A85-477E-99EA-1DC824EFBC5B-150x150.jpeg\" class=\"attachment-thumbnail size-thumbnail\" alt=\"\" aria-describedby=\"gallery-1-16042\" \/><\/a>\n\t\t\t<\/div>\n\t\t\t\t<figcaption class='wp-caption-text gallery-caption' id='gallery-1-16042'>\n\t\t\t\tJakobskirche in Strass im Zillertal\n\t\t\t\t<\/figcaption><\/figure><figure class='gallery-item'>\n\t\t\t<div class='gallery-icon portrait'>\n\t\t\t\t<a href='http:\/\/westwaerts-jakobsweg.at\/?attachment_id=16043'><img loading=\"lazy\" decoding=\"async\" width=\"150\" height=\"150\" src=\"http:\/\/westwaerts-jakobsweg.at\/wp-content\/uploads\/2021\/09\/778A48EA-9384-4CE7-B2C1-5FCDC67D806E-150x150.jpeg\" class=\"attachment-thumbnail size-thumbnail\" alt=\"\" aria-describedby=\"gallery-1-16043\" \/><\/a>\n\t\t\t<\/div>\n\t\t\t\t<figcaption class='wp-caption-text gallery-caption' id='gallery-1-16043'>\n\t\t\t\tWallfahrts-Kirchlein Maria Brettfall\n\t\t\t\t<\/figcaption><\/figure>\n\t\t<\/div>\n\n","protected":false},"excerpt":{"rendered":"<p>Breitenbach am Inn &#8211; Strass im Zillertal 18.8km (144.9km) Morgens hatten die K\u00fche Vorrang, gut so, sonst w\u00fcrd ich ja zum Fr\u00fchst\u00fcck keinen Milchkaffee bekommen &#x1f60a; . Nach einem Plausch mit der netten B\u00e4uerin haben wir uns in der Kirche einen Stempel f\u00fcr den Pilgerpass geholt und ab in den Wald mit uns. Traumhaftes Wanderwetter, die Sonne setzte sich bereits in der Fr\u00fch durch. Zwar kam dann wieder Asphalt aber rundum herrliche Natur mit wunderbaren Ausblicken, das mag ich &#x1f44d;&#8230;<\/p>\n<p class=\"read-more\"><a class=\"btn btn-default\" href=\"http:\/\/westwaerts-jakobsweg.at\/?p=16029\">Weiterlesen<span class=\"screen-reader-text\"> Weiterlesen<\/span><\/a><\/p>\n","protected":false},"author":1,"featured_media":0,"comment_status":"open","ping_status":"open","sticky":false,"template":"","format":"standard","meta":{"footnotes":""},"categories":[40,41],"tags":[],"_links":{"self":[{"href":"http:\/\/westwaerts-jakobsweg.at\/index.php?rest_route=\/wp\/v2\/posts\/16029"}],"collection":[{"href":"http:\/\/westwaerts-jakobsweg.at\/index.php?rest_route=\/wp\/v2\/posts"}],"about":[{"href":"http:\/\/westwaerts-jakobsweg.at\/index.php?rest_route=\/wp\/v2\/types\/post"}],"author":[{"embeddable":true,"href":"http:\/\/westwaerts-jakobsweg.at\/index.php?rest_route=\/wp\/v2\/users\/1"}],"replies":[{"embeddable":true,"href":"http:\/\/westwaerts-jakobsweg.at\/index.php?rest_route=%2Fwp%2Fv2%2Fcomments&post=16029"}],"version-history":[{"count":0,"href":"http:\/\/westwaerts-jakobsweg.at\/index.php?rest_route=\/wp\/v2\/posts\/16029\/revisions"}],"wp:attachment":[{"href":"http:\/\/westwaerts-jakobsweg.at\/index.php?rest_route=%2Fwp%2Fv2%2Fmedia&parent=16029"}],"wp:term":[{"taxonomy":"category","embeddable":true,"href":"http:\/\/westwaerts-jakobsweg.at\/index.php?rest_route=%2Fwp%2Fv2%2Fcategories&post=16029"},{"taxonomy":"post_tag","embeddable":true,"href":"http:\/\/westwaerts-jakobsweg.at\/index.php?rest_route=%2Fwp%2Fv2%2Ftags&post=16029"}],"curies":[{"name":"wp","href":"https:\/\/api.w.org\/{rel}","templated":true}]}}