{"id":16363,"date":"2021-10-09T18:41:05","date_gmt":"2021-10-09T16:41:05","guid":{"rendered":"http:\/\/westwaerts-jakobsweg.at\/?p=16363"},"modified":"2023-05-04T22:48:43","modified_gmt":"2023-05-04T20:48:43","slug":"tag-17-7","status":"publish","type":"post","link":"http:\/\/westwaerts-jakobsweg.at\/?p=16363","title":{"rendered":"Tag 17"},"content":{"rendered":"<p>Blundenz \u00a0&#8211; Bartholom\u00e4berg<\/p>\n<p>Juhu, gestern kam das Wandern doch noch zustande. Zwar dr\u00fcckten sich die M\u00e4nner, die hatten eigene Pl\u00e4ne, das war f\u00fcr Bernadett und mich auch in Ordnung.<br \/>\nZur ganz gro\u00dfen Freude hatten wir Begleitung von unseren Pilgerfreundinnen Birgit und Inge &#x1f49a; . Sie kamen extra von Bregenz angereist &#x1f970; .<br \/>\nIn Bludenz trafen wir uns bei strahlendem Sonnenschein. Gut gelaunt, eh klar bei vier Frauen, gings wieder einmal vorbei beim Kloster St.Peter und Richtung Staller. Bernadett, unsere Wanderf\u00fchrerin konnte uns viel \u00fcber die Gegend berichten.<br \/>\n\u00dcber den oberen Illweg und neben der Montafonerbahn erreichten wir Lorenz. Auf der Prazalanzwiese, grasten Steinschafe, eine besonders unkomplizierte sehr alte Rasse. Sie fressen alles, sind sehr fruchtbar und haben ein zartes Fleisch.<br \/>\nWir dachten alle, es geht so gem\u00fctlich weiter. Ha, irgendwo mussten wir aber auf 1000 H\u00f6henmeter kommen. Das war dann beim Wasserfall von St.Anton im Montafon.<br \/>\nEin Steig f\u00fchrte steil hinauf neben dem Wasserfall, zur Parzelle Marentes. Keuch, schwitz, der Steig wollte nicht enden. Zwischendurch war eine Pause n\u00f6tig und wir bewunderten von oben unseren steilen Aufstieg.<br \/>\nOben dann die Belohnung mit einem sagenhaft sch\u00f6nen Ausblick auf St.Anton i.M. Ohne weiterer Anstrengung erreichten wir, durch den Wald und \u00fcber Wiesen, das Ziel Bartholom\u00e4berg &#x1f60e; .<br \/>\nEinen sehr sch\u00f6nen Weg hat sich Bernadett f\u00fcr uns ausgedacht, danke daf\u00fcr. So kam es doch noch zu dem Abschluss den ich mir w\u00fcnschte.<br \/>\nAm Balkon noch die Sonne gen\u00fctzt, mit einer Jause wurden wir verw\u00f6hnt, uns Pilgergeschichten erz\u00e4hlt, bevor Birgit und Inge die Heimreise antraten.<br \/>\nDanke an alle f\u00fcr den sch\u00f6nen Tag.<\/p>\n<div id='gallery-1' class='gallery galleryid-16363 gallery-columns-3 gallery-size-thumbnail'><figure class='gallery-item'>\n\t\t\t<div class='gallery-icon landscape'>\n\t\t\t\t<a href='http:\/\/westwaerts-jakobsweg.at\/?attachment_id=16379'><img loading=\"lazy\" decoding=\"async\" width=\"150\" height=\"150\" src=\"http:\/\/westwaerts-jakobsweg.at\/wp-content\/uploads\/2021\/10\/EE9602C9-DD8B-471B-A8AC-FC0AC91136B2-150x150.jpeg\" class=\"attachment-thumbnail size-thumbnail\" alt=\"\" aria-describedby=\"gallery-1-16379\" \/><\/a>\n\t\t\t<\/div>\n\t\t\t\t<figcaption class='wp-caption-text gallery-caption' id='gallery-1-16379'>\n\t\t\t\tKloster St.Peter in Bludenz\n\t\t\t\t<\/figcaption><\/figure><figure class='gallery-item'>\n\t\t\t<div class='gallery-icon landscape'>\n\t\t\t\t<a href='http:\/\/westwaerts-jakobsweg.at\/?attachment_id=16378'><img loading=\"lazy\" decoding=\"async\" width=\"150\" height=\"150\" src=\"http:\/\/westwaerts-jakobsweg.at\/wp-content\/uploads\/2021\/10\/C7B36B4B-7D15-4DE4-A429-7EA8D104224F-150x150.jpeg\" class=\"attachment-thumbnail size-thumbnail\" alt=\"\" aria-describedby=\"gallery-1-16378\" \/><\/a>\n\t\t\t<\/div>\n\t\t\t\t<figcaption class='wp-caption-text gallery-caption' id='gallery-1-16378'>\n\t\t\t\tRichtung Staller&#8230;\n\t\t\t\t<\/figcaption><\/figure><figure class='gallery-item'>\n\t\t\t<div class='gallery-icon portrait'>\n\t\t\t\t<a href='http:\/\/westwaerts-jakobsweg.at\/?attachment_id=16380'><img loading=\"lazy\" decoding=\"async\" width=\"150\" height=\"150\" src=\"http:\/\/westwaerts-jakobsweg.at\/wp-content\/uploads\/2021\/10\/9ABED442-FC7F-4DAA-997C-B97DF604355C-150x150.jpeg\" class=\"attachment-thumbnail size-thumbnail\" alt=\"\" aria-describedby=\"gallery-1-16380\" \/><\/a>\n\t\t\t<\/div>\n\t\t\t\t<figcaption class='wp-caption-text gallery-caption' id='gallery-1-16380'>\n\t\t\t\t&#8230;\u00fcber den oberen Illweg\n\t\t\t\t<\/figcaption><\/figure><figure class='gallery-item'>\n\t\t\t<div class='gallery-icon landscape'>\n\t\t\t\t<a href='http:\/\/westwaerts-jakobsweg.at\/?attachment_id=16382'><img loading=\"lazy\" decoding=\"async\" width=\"150\" height=\"150\" src=\"http:\/\/westwaerts-jakobsweg.at\/wp-content\/uploads\/2021\/10\/1E6A8B6E-70D0-43AF-AB05-A62233B60487-150x150.jpeg\" class=\"attachment-thumbnail size-thumbnail\" alt=\"\" aria-describedby=\"gallery-1-16382\" \/><\/a>\n\t\t\t<\/div>\n\t\t\t\t<figcaption class='wp-caption-text gallery-caption' id='gallery-1-16382'>\n\t\t\t\tSteinschafe auf der Prazalanwiese\n\t\t\t\t<\/figcaption><\/figure><figure class='gallery-item'>\n\t\t\t<div class='gallery-icon landscape'>\n\t\t\t\t<a href='http:\/\/westwaerts-jakobsweg.at\/?attachment_id=16381'><img loading=\"lazy\" decoding=\"async\" width=\"150\" height=\"150\" src=\"http:\/\/westwaerts-jakobsweg.at\/wp-content\/uploads\/2021\/10\/7BB1FCC2-CDED-4CCA-B170-32D09ABE4041-150x150.jpeg\" class=\"attachment-thumbnail size-thumbnail\" alt=\"\" aria-describedby=\"gallery-1-16381\" \/><\/a>\n\t\t\t<\/div>\n\t\t\t\t<figcaption class='wp-caption-text gallery-caption' id='gallery-1-16381'>\n\t\t\t\tsteiler Steig neben einem Wasserfall\n\t\t\t\t<\/figcaption><\/figure><figure class='gallery-item'>\n\t\t\t<div class='gallery-icon landscape'>\n\t\t\t\t<a href='http:\/\/westwaerts-jakobsweg.at\/?attachment_id=16383'><img loading=\"lazy\" decoding=\"async\" width=\"150\" height=\"150\" src=\"http:\/\/westwaerts-jakobsweg.at\/wp-content\/uploads\/2021\/10\/F4B6175D-5BC7-4C0C-BA7E-F42851CBAF3D-150x150.jpeg\" class=\"attachment-thumbnail size-thumbnail\" alt=\"\" aria-describedby=\"gallery-1-16383\" \/><\/a>\n\t\t\t<\/div>\n\t\t\t\t<figcaption class='wp-caption-text gallery-caption' id='gallery-1-16383'>\n\t\t\t\tBlick auf St.Anton im Montafon\n\t\t\t\t<\/figcaption><\/figure><figure class='gallery-item'>\n\t\t\t<div class='gallery-icon landscape'>\n\t\t\t\t<a href='http:\/\/westwaerts-jakobsweg.at\/?attachment_id=16385'><img loading=\"lazy\" decoding=\"async\" width=\"150\" height=\"150\" src=\"http:\/\/westwaerts-jakobsweg.at\/wp-content\/uploads\/2021\/10\/47EB0E5D-1410-4141-B819-00B7D100AB29-150x150.jpeg\" class=\"attachment-thumbnail size-thumbnail\" alt=\"\" aria-describedby=\"gallery-1-16385\" \/><\/a>\n\t\t\t<\/div>\n\t\t\t\t<figcaption class='wp-caption-text gallery-caption' id='gallery-1-16385'>\n\t\t\t\tin Bartholom\u00e4berg&#8230;\n\t\t\t\t<\/figcaption><\/figure><figure class='gallery-item'>\n\t\t\t<div class='gallery-icon landscape'>\n\t\t\t\t<a href='http:\/\/westwaerts-jakobsweg.at\/?attachment_id=16384'><img loading=\"lazy\" decoding=\"async\" width=\"150\" height=\"150\" src=\"http:\/\/westwaerts-jakobsweg.at\/wp-content\/uploads\/2021\/10\/E931029D-5766-486F-934B-4BB1BC097C23-150x150.jpeg\" class=\"attachment-thumbnail size-thumbnail\" alt=\"\" aria-describedby=\"gallery-1-16384\" \/><\/a>\n\t\t\t<\/div>\n\t\t\t\t<figcaption class='wp-caption-text gallery-caption' id='gallery-1-16384'>\n\t\t\t\t&#8230;und Blick hinunter zum Stausee\n\t\t\t\t<\/figcaption><\/figure>\n\t\t<\/div>\n\n<p>&nbsp;<\/p>\n<p>Jetzt ist der Weg tats\u00e4chlich beendet. \u00d6sterreich ist wundersch\u00f6n, die Leute sind nett, das Wetter war eigentlich recht lieb zu uns &#x1f60a; .<br \/>\nWir sagen wieder einmal danke f\u00fcr die virtuelle Begleitung und f\u00fcr die Kommentare \u00fcber die wir uns immer sehr freuen.<br \/>\nIm Winter wollen wir unseren Winter-Camino am CF beenden. Bis dahin w\u00fcnschen wir euch eine sch\u00f6ne Herbst-Zeit &#x1f60a; .<\/p>\n","protected":false},"excerpt":{"rendered":"<p>Blundenz \u00a0&#8211; Bartholom\u00e4berg Juhu, gestern kam das Wandern doch noch zustande. Zwar dr\u00fcckten sich die M\u00e4nner, die hatten eigene Pl\u00e4ne, das war f\u00fcr Bernadett und mich auch in Ordnung. Zur ganz gro\u00dfen Freude hatten wir Begleitung von unseren Pilgerfreundinnen Birgit und Inge &#x1f49a; . Sie kamen extra von Bregenz angereist &#x1f970; . In Bludenz trafen wir uns bei strahlendem Sonnenschein. Gut gelaunt, eh klar bei vier Frauen, gings wieder einmal vorbei beim Kloster St.Peter und Richtung Staller. Bernadett, unsere Wanderf\u00fchrerin&#8230;<\/p>\n<p class=\"read-more\"><a class=\"btn btn-default\" href=\"http:\/\/westwaerts-jakobsweg.at\/?p=16363\">Weiterlesen<span class=\"screen-reader-text\"> Weiterlesen<\/span><\/a><\/p>\n","protected":false},"author":1,"featured_media":0,"comment_status":"open","ping_status":"open","sticky":false,"template":"","format":"standard","meta":{"footnotes":""},"categories":[40,41],"tags":[],"_links":{"self":[{"href":"http:\/\/westwaerts-jakobsweg.at\/index.php?rest_route=\/wp\/v2\/posts\/16363"}],"collection":[{"href":"http:\/\/westwaerts-jakobsweg.at\/index.php?rest_route=\/wp\/v2\/posts"}],"about":[{"href":"http:\/\/westwaerts-jakobsweg.at\/index.php?rest_route=\/wp\/v2\/types\/post"}],"author":[{"embeddable":true,"href":"http:\/\/westwaerts-jakobsweg.at\/index.php?rest_route=\/wp\/v2\/users\/1"}],"replies":[{"embeddable":true,"href":"http:\/\/westwaerts-jakobsweg.at\/index.php?rest_route=%2Fwp%2Fv2%2Fcomments&post=16363"}],"version-history":[{"count":0,"href":"http:\/\/westwaerts-jakobsweg.at\/index.php?rest_route=\/wp\/v2\/posts\/16363\/revisions"}],"wp:attachment":[{"href":"http:\/\/westwaerts-jakobsweg.at\/index.php?rest_route=%2Fwp%2Fv2%2Fmedia&parent=16363"}],"wp:term":[{"taxonomy":"category","embeddable":true,"href":"http:\/\/westwaerts-jakobsweg.at\/index.php?rest_route=%2Fwp%2Fv2%2Fcategories&post=16363"},{"taxonomy":"post_tag","embeddable":true,"href":"http:\/\/westwaerts-jakobsweg.at\/index.php?rest_route=%2Fwp%2Fv2%2Ftags&post=16363"}],"curies":[{"name":"wp","href":"https:\/\/api.w.org\/{rel}","templated":true}]}}