{"id":16889,"date":"2022-01-28T15:31:49","date_gmt":"2022-01-28T14:31:49","guid":{"rendered":"http:\/\/westwaerts-jakobsweg.at\/?p=16889"},"modified":"2022-03-02T16:39:26","modified_gmt":"2022-03-02T15:39:26","slug":"2-winter-c-f-tag-13","status":"publish","type":"post","link":"http:\/\/westwaerts-jakobsweg.at\/?p=16889","title":{"rendered":"2.Winter C.F. Tag 13"},"content":{"rendered":"<p>Fr\u00f3mista &#8211; Carri\u00f3n de los Condes 20.5km (319km)<\/p>\n<p>Nach dem Fr\u00fchst\u00fcck Verabschiedung von Baek unserem K\u00fccken. Er f\u00e4hrt heute nach Leon und geht von dort weiter. James\u2018 Etappe ist heute l\u00e4nger, huch dann sind alle weg &#x1f629; .<br \/>\nVorbei an der sch\u00f6nen romanischen Kirche San Mart\u00edn. Bald kommt man auf die \u201ePilgerautobahn\u201c, die fast schnurgerade neben der Stra\u00dfe bis Carri\u00f3n de los Condes geht. Es ist ein speziell f\u00fcr Pilger angelegter Weg, angeblich wegen mehreren Unf\u00e4llen.<br \/>\nWir nehmen allerdings diesmal die sch\u00f6nere, etwas l\u00e4ngere Variante ab Poblaci\u00f3n de Campos. Es geht durch Felder, eine unglaubliche Weite. Ab Iterio de la Vega waren wir in der Region Palencia. Sie hat keine H\u00fcgel, alles flach.<br \/>\nIn einem kleinen Ort gehts \u00fcber die Br\u00fccke, entlang eines Baches und einem Wiesenweg, wie sch\u00f6n. Da fanden unsere F\u00fc\u00dfe etwas Erholung vom sonst so steinigen Weg. Im Sommer sollten die Pilger diesen Weg w\u00e4hlen, B\u00e4ume spenden Schatten den gibt es neben der Stra\u00dfe nicht.<br \/>\nIn Villalc\u00e1zar de Sirga treffen sich die zwei Wege. Nach einer Pause geht es auch f\u00fcr uns auf der \u201ePilgerautobahn\u201c weiter, bis zum Ziel.<br \/>\nEine nette Herberge in einem Kloster ist es heute. Alles ist blitzsauber, eine liebe aber strenge, recht alte Hospitalera erkl\u00e4rt uns alles ganz genau und lange. Ui, im Sommer bei vielen Pilgern dauert das dann &#x1f602; .<br \/>\nJuhu, James ist doch noch gekommen, er hat mit Baek in einer Bar noch gem\u00fctlich gefr\u00fchst\u00fcckt.<br \/>\nSo jetzt m\u00fcssen wir die Gegend begutachten und eine Futterstelle f\u00fcrs Abendessen suchen. Ahja heute wieder Sonne mit tiefblauen Himmel &#x1f970; .<br \/>\nWollen wir unbedingt Schnee &#x1f61c; fragen sich O + R<\/p>\n<p>Unterkunft: Herberge Esp\u00edritu Santo<br \/>\nPlaza de San Juan 4 Tel.: 979880052<\/p>\n<div id='gallery-1' class='gallery galleryid-16889 gallery-columns-3 gallery-size-thumbnail'><figure class='gallery-item'>\n\t\t\t<div class='gallery-icon portrait'>\n\t\t\t\t<a href='http:\/\/westwaerts-jakobsweg.at\/?attachment_id=16894'><img loading=\"lazy\" decoding=\"async\" width=\"150\" height=\"150\" src=\"http:\/\/westwaerts-jakobsweg.at\/wp-content\/uploads\/2022\/01\/9CBC0C2D-7DBA-4E83-92DB-DA35AFA8BB3A-150x150.jpeg\" class=\"attachment-thumbnail size-thumbnail\" alt=\"\" aria-describedby=\"gallery-1-16894\" \/><\/a>\n\t\t\t<\/div>\n\t\t\t\t<figcaption class='wp-caption-text gallery-caption' id='gallery-1-16894'>\n\t\t\t\tOrtsende von Fromista\n\t\t\t\t<\/figcaption><\/figure><figure class='gallery-item'>\n\t\t\t<div class='gallery-icon portrait'>\n\t\t\t\t<a href='http:\/\/westwaerts-jakobsweg.at\/?attachment_id=16895'><img loading=\"lazy\" decoding=\"async\" width=\"150\" height=\"150\" src=\"http:\/\/westwaerts-jakobsweg.at\/wp-content\/uploads\/2022\/01\/60A13A63-C882-4D32-872D-BE67589940F9-150x150.jpeg\" class=\"attachment-thumbnail size-thumbnail\" alt=\"\" aria-describedby=\"gallery-1-16895\" \/><\/a>\n\t\t\t<\/div>\n\t\t\t\t<figcaption class='wp-caption-text gallery-caption' id='gallery-1-16895'>\n\t\t\t\t&#8222;Pilgerautobahn&#8220;\n\t\t\t\t<\/figcaption><\/figure><figure class='gallery-item'>\n\t\t\t<div class='gallery-icon landscape'>\n\t\t\t\t<a href='http:\/\/westwaerts-jakobsweg.at\/?attachment_id=16896'><img loading=\"lazy\" decoding=\"async\" width=\"150\" height=\"150\" src=\"http:\/\/westwaerts-jakobsweg.at\/wp-content\/uploads\/2022\/01\/D0A107B8-0716-4F05-BF35-31692ABDC6BA-150x150.jpeg\" class=\"attachment-thumbnail size-thumbnail\" alt=\"\" aria-describedby=\"gallery-1-16896\" \/><\/a>\n\t\t\t<\/div>\n\t\t\t\t<figcaption class='wp-caption-text gallery-caption' id='gallery-1-16896'>\n\t\t\t\tdie sind ziemlich sportlich&#8230;\n\t\t\t\t<\/figcaption><\/figure><figure class='gallery-item'>\n\t\t\t<div class='gallery-icon landscape'>\n\t\t\t\t<a href='http:\/\/westwaerts-jakobsweg.at\/?attachment_id=16897'><img loading=\"lazy\" decoding=\"async\" width=\"150\" height=\"150\" src=\"http:\/\/westwaerts-jakobsweg.at\/wp-content\/uploads\/2022\/01\/728DC6B4-8CE4-4029-983B-6C76EC4CA970-150x150.jpeg\" class=\"attachment-thumbnail size-thumbnail\" alt=\"\" aria-describedby=\"gallery-1-16897\" \/><\/a>\n\t\t\t<\/div>\n\t\t\t\t<figcaption class='wp-caption-text gallery-caption' id='gallery-1-16897'>\n\t\t\t\t&#8230;in Villovieco \n\t\t\t\t<\/figcaption><\/figure><figure class='gallery-item'>\n\t\t\t<div class='gallery-icon landscape'>\n\t\t\t\t<a href='http:\/\/westwaerts-jakobsweg.at\/?attachment_id=16898'><img loading=\"lazy\" decoding=\"async\" width=\"150\" height=\"150\" src=\"http:\/\/westwaerts-jakobsweg.at\/wp-content\/uploads\/2022\/01\/0CD34366-4760-451E-B283-6CCB775D6439-150x150.jpeg\" class=\"attachment-thumbnail size-thumbnail\" alt=\"\" aria-describedby=\"gallery-1-16898\" \/><\/a>\n\t\t\t<\/div>\n\t\t\t\t<figcaption class='wp-caption-text gallery-caption' id='gallery-1-16898'>\n\t\t\t\tAlternativweg, statt &#8222;Pilgerautobahn&#8220;&#8230;\n\t\t\t\t<\/figcaption><\/figure><figure class='gallery-item'>\n\t\t\t<div class='gallery-icon landscape'>\n\t\t\t\t<a href='http:\/\/westwaerts-jakobsweg.at\/?attachment_id=16899'><img loading=\"lazy\" decoding=\"async\" width=\"150\" height=\"150\" src=\"http:\/\/westwaerts-jakobsweg.at\/wp-content\/uploads\/2022\/01\/9369E82C-22BB-44A1-B93F-2AE2C52944B0-150x150.jpeg\" class=\"attachment-thumbnail size-thumbnail\" alt=\"\" aria-describedby=\"gallery-1-16899\" \/><\/a>\n\t\t\t<\/div>\n\t\t\t\t<figcaption class='wp-caption-text gallery-caption' id='gallery-1-16899'>\n\t\t\t\t&#8230;Richtung Vill\u00e1zar de Siga\n\t\t\t\t<\/figcaption><\/figure><figure class='gallery-item'>\n\t\t\t<div class='gallery-icon portrait'>\n\t\t\t\t<a href='http:\/\/westwaerts-jakobsweg.at\/?attachment_id=16900'><img loading=\"lazy\" decoding=\"async\" width=\"150\" height=\"150\" src=\"http:\/\/westwaerts-jakobsweg.at\/wp-content\/uploads\/2022\/01\/9428FEF9-AAF1-47E4-A3B8-5FE57815CA11-150x150.jpeg\" class=\"attachment-thumbnail size-thumbnail\" alt=\"\" aria-describedby=\"gallery-1-16900\" \/><\/a>\n\t\t\t<\/div>\n\t\t\t\t<figcaption class='wp-caption-text gallery-caption' id='gallery-1-16900'>\n\t\t\t\tin Carrion de los Condes\n\t\t\t\t<\/figcaption><\/figure><figure class='gallery-item'>\n\t\t\t<div class='gallery-icon landscape'>\n\t\t\t\t<a href='http:\/\/westwaerts-jakobsweg.at\/?attachment_id=16901'><img loading=\"lazy\" decoding=\"async\" width=\"150\" height=\"150\" src=\"http:\/\/westwaerts-jakobsweg.at\/wp-content\/uploads\/2022\/01\/06C572FD-EACF-475B-91D4-A38DA83F10B0-150x150.jpeg\" class=\"attachment-thumbnail size-thumbnail\" alt=\"\" aria-describedby=\"gallery-1-16901\" \/><\/a>\n\t\t\t<\/div>\n\t\t\t\t<figcaption class='wp-caption-text gallery-caption' id='gallery-1-16901'>\n\t\t\t\tin Carrion de los Condes\n\t\t\t\t<\/figcaption><\/figure>\n\t\t<\/div>\n\n","protected":false},"excerpt":{"rendered":"<p>Fr\u00f3mista &#8211; Carri\u00f3n de los Condes 20.5km (319km) Nach dem Fr\u00fchst\u00fcck Verabschiedung von Baek unserem K\u00fccken. Er f\u00e4hrt heute nach Leon und geht von dort weiter. James\u2018 Etappe ist heute l\u00e4nger, huch dann sind alle weg &#x1f629; . Vorbei an der sch\u00f6nen romanischen Kirche San Mart\u00edn. Bald kommt man auf die \u201ePilgerautobahn\u201c, die fast schnurgerade neben der Stra\u00dfe bis Carri\u00f3n de los Condes geht. Es ist ein speziell f\u00fcr Pilger angelegter Weg, angeblich wegen mehreren Unf\u00e4llen. Wir nehmen allerdings diesmal&#8230;<\/p>\n<p class=\"read-more\"><a class=\"btn btn-default\" href=\"http:\/\/westwaerts-jakobsweg.at\/?p=16889\">Weiterlesen<span class=\"screen-reader-text\"> Weiterlesen<\/span><\/a><\/p>\n","protected":false},"author":1,"featured_media":0,"comment_status":"open","ping_status":"open","sticky":false,"template":"","format":"standard","meta":{"footnotes":""},"categories":[44,43],"tags":[],"_links":{"self":[{"href":"http:\/\/westwaerts-jakobsweg.at\/index.php?rest_route=\/wp\/v2\/posts\/16889"}],"collection":[{"href":"http:\/\/westwaerts-jakobsweg.at\/index.php?rest_route=\/wp\/v2\/posts"}],"about":[{"href":"http:\/\/westwaerts-jakobsweg.at\/index.php?rest_route=\/wp\/v2\/types\/post"}],"author":[{"embeddable":true,"href":"http:\/\/westwaerts-jakobsweg.at\/index.php?rest_route=\/wp\/v2\/users\/1"}],"replies":[{"embeddable":true,"href":"http:\/\/westwaerts-jakobsweg.at\/index.php?rest_route=%2Fwp%2Fv2%2Fcomments&post=16889"}],"version-history":[{"count":0,"href":"http:\/\/westwaerts-jakobsweg.at\/index.php?rest_route=\/wp\/v2\/posts\/16889\/revisions"}],"wp:attachment":[{"href":"http:\/\/westwaerts-jakobsweg.at\/index.php?rest_route=%2Fwp%2Fv2%2Fmedia&parent=16889"}],"wp:term":[{"taxonomy":"category","embeddable":true,"href":"http:\/\/westwaerts-jakobsweg.at\/index.php?rest_route=%2Fwp%2Fv2%2Fcategories&post=16889"},{"taxonomy":"post_tag","embeddable":true,"href":"http:\/\/westwaerts-jakobsweg.at\/index.php?rest_route=%2Fwp%2Fv2%2Ftags&post=16889"}],"curies":[{"name":"wp","href":"https:\/\/api.w.org\/{rel}","templated":true}]}}