{"id":16904,"date":"2022-01-29T10:56:01","date_gmt":"2022-01-29T09:56:01","guid":{"rendered":"http:\/\/westwaerts-jakobsweg.at\/?p=16904"},"modified":"2022-03-02T17:07:13","modified_gmt":"2022-03-02T16:07:13","slug":"2-winter-c-f-tag-14","status":"publish","type":"post","link":"http:\/\/westwaerts-jakobsweg.at\/?p=16904","title":{"rendered":"2. Winter C.F. Tag 14"},"content":{"rendered":"<p>Carri\u00f3n de los Condes &#8211; Ledigos 24.6km (343.6km)<\/p>\n<p>Die Kilometer heute gelten nur f\u00fcr Otto. Ich bin mit dem Taxi in die Herberge gefahren. Hab Schmerzen im Prothesen-Knie? Voll gemein, hab doch vorher mit dem \u00d6JW getestet ob der Camino m\u00f6glich ist und zwei mal sind wir nach Mariazell gewandert. Alles war da in Ordnung &#x1f937;&#x200d;&#x2640;&#xfe0f; .<br \/>\nWarum mit dem Taxi werdet ihr euch wundern. Von Samstag bis Montag gibt es keinen Bus &#x1f937;&#x200d;&#x2640;&#xfe0f; .<br \/>\nIch schreib immer von der Sonne und dem blauen Himmel. Die ist auch jeden Tag da und ist fr\u00fchlingshaft warm um die Mittagszeit. Wenn sie dann untergeht wird es huschikalt. In der Nacht hat es immer Minusgrade. Die Unterk\u00fcnfte empfindet man bei der Ankunft meist warm aber eigentlich ist es nur eine \u00fcberschlagene W\u00e4rme. Das hei\u00dft am Abend sitzen alle mit der Jacke in der Herberge. Die gro\u00dfe Herberge in Burgos ist eine l\u00f6bliche Ausnahme, da ist es immer kuschelig warm. Nat\u00fcrlich auch bei Sabine und Uli, da w\u00e4rmt bereits das gute Essen &#x1f970; .<br \/>\nSo jetzt sitze ich in der Bar der Herberge bl\u00f6d herum und die Zeit will nicht vergehen. Zumindest ist es da nicht kalt, es gibt einen Kamin, wie es in der Herberge ist wei\u00df ich noch nicht.<br \/>\nWie der Weg war, da muss ich dann Otto fragen aber es ist glaub ich schnell erz\u00e4hlt. Ich kann mich an die Meseta pur erinnern. Absolut eben, 18 km in der \u201ePr\u00e4rie\u201c, eine nicht enden wollende Gerade. Wahrscheinlich kann Otto sich in der netten Bar in Calzadilla de la Cueza erholen.<br \/>\nDanach sind es noch 6.6km bis zum Ziel. Zum Teil neben der Landstra\u00dfe, ein Fluss wird \u00fcberquert, \u00fcber eine kleine Anh\u00f6he erreicht man Ledigos.<br \/>\nAlso, Otto hatte nix hinzuzuf\u00fcgen, passt was ich geschrieben hab. Au\u00dfer das James heute 40km bis Sahag\u00fan geht, somit sind wir jetzt alleine &#x1f633; .<br \/>\nAuf das wir den Weg beenden k\u00f6nnen hoffen O + R<\/p>\n<p>Unterkunft: Herberge La Morena<br \/>\nCalle Carretera 3 Tel.: 626972118 oder 979065052<\/p>\n<div id='gallery-1' class='gallery galleryid-16904 gallery-columns-3 gallery-size-thumbnail'><figure class='gallery-item'>\n\t\t\t<div class='gallery-icon landscape'>\n\t\t\t\t<a href='http:\/\/westwaerts-jakobsweg.at\/?attachment_id=16911'><img loading=\"lazy\" decoding=\"async\" width=\"150\" height=\"150\" src=\"http:\/\/westwaerts-jakobsweg.at\/wp-content\/uploads\/2022\/01\/A393A8E0-C592-481A-8785-B9C8D84A4C8F-150x150.jpeg\" class=\"attachment-thumbnail size-thumbnail\" alt=\"\" aria-describedby=\"gallery-1-16911\" \/><\/a>\n\t\t\t<\/div>\n\t\t\t\t<figcaption class='wp-caption-text gallery-caption' id='gallery-1-16911'>\n\t\t\t\tnoch&#8230;\n\t\t\t\t<\/figcaption><\/figure><figure class='gallery-item'>\n\t\t\t<div class='gallery-icon portrait'>\n\t\t\t\t<a href='http:\/\/westwaerts-jakobsweg.at\/?attachment_id=16912'><img loading=\"lazy\" decoding=\"async\" width=\"150\" height=\"150\" src=\"http:\/\/westwaerts-jakobsweg.at\/wp-content\/uploads\/2022\/01\/62C19F9F-3DFB-4A49-B919-036345060DB1-150x150.jpeg\" class=\"attachment-thumbnail size-thumbnail\" alt=\"\" aria-describedby=\"gallery-1-16912\" \/><\/a>\n\t\t\t<\/div>\n\t\t\t\t<figcaption class='wp-caption-text gallery-caption' id='gallery-1-16912'>\n\t\t\t\t&#8230;in&#8230;\n\t\t\t\t<\/figcaption><\/figure><figure class='gallery-item'>\n\t\t\t<div class='gallery-icon portrait'>\n\t\t\t\t<a href='http:\/\/westwaerts-jakobsweg.at\/?attachment_id=16913'><img loading=\"lazy\" decoding=\"async\" width=\"150\" height=\"150\" src=\"http:\/\/westwaerts-jakobsweg.at\/wp-content\/uploads\/2022\/01\/90E09012-5EA4-4333-A354-2A092EB2B4F8-150x150.jpeg\" class=\"attachment-thumbnail size-thumbnail\" alt=\"\" aria-describedby=\"gallery-1-16913\" \/><\/a>\n\t\t\t<\/div>\n\t\t\t\t<figcaption class='wp-caption-text gallery-caption' id='gallery-1-16913'>\n\t\t\t\t&#8230;Carrion de los Condes&#8230;\n\t\t\t\t<\/figcaption><\/figure><figure class='gallery-item'>\n\t\t\t<div class='gallery-icon landscape'>\n\t\t\t\t<a href='http:\/\/westwaerts-jakobsweg.at\/?attachment_id=16914'><img loading=\"lazy\" decoding=\"async\" width=\"150\" height=\"150\" src=\"http:\/\/westwaerts-jakobsweg.at\/wp-content\/uploads\/2022\/01\/2EFB44CD-F981-4996-AADE-C315C068BBAC-150x150.jpeg\" class=\"attachment-thumbnail size-thumbnail\" alt=\"\" aria-describedby=\"gallery-1-16914\" \/><\/a>\n\t\t\t<\/div>\n\t\t\t\t<figcaption class='wp-caption-text gallery-caption' id='gallery-1-16914'>\n\t\t\t\t&#8230;dann schnurgerade und eben,&#8230;\n\t\t\t\t<\/figcaption><\/figure><figure class='gallery-item'>\n\t\t\t<div class='gallery-icon landscape'>\n\t\t\t\t<a href='http:\/\/westwaerts-jakobsweg.at\/?attachment_id=16915'><img loading=\"lazy\" decoding=\"async\" width=\"150\" height=\"150\" src=\"http:\/\/westwaerts-jakobsweg.at\/wp-content\/uploads\/2022\/01\/95C762A3-F7EE-4771-8210-D59010872A48-150x150.jpeg\" class=\"attachment-thumbnail size-thumbnail\" alt=\"\" aria-describedby=\"gallery-1-16915\" \/><\/a>\n\t\t\t<\/div>\n\t\t\t\t<figcaption class='wp-caption-text gallery-caption' id='gallery-1-16915'>\n\t\t\t\t&#8230;zuerst neben der Stra\u00dfe&#8230;\n\t\t\t\t<\/figcaption><\/figure><figure class='gallery-item'>\n\t\t\t<div class='gallery-icon landscape'>\n\t\t\t\t<a href='http:\/\/westwaerts-jakobsweg.at\/?attachment_id=17040'><img loading=\"lazy\" decoding=\"async\" width=\"150\" height=\"150\" src=\"http:\/\/westwaerts-jakobsweg.at\/wp-content\/uploads\/2022\/01\/IMG_3533-150x150.jpg\" class=\"attachment-thumbnail size-thumbnail\" alt=\"\" aria-describedby=\"gallery-1-17040\" \/><\/a>\n\t\t\t<\/div>\n\t\t\t\t<figcaption class='wp-caption-text gallery-caption' id='gallery-1-17040'>\n\t\t\t\t&#8230;dann in der Pr\u00e4rie,&#8230;\n\t\t\t\t<\/figcaption><\/figure><figure class='gallery-item'>\n\t\t\t<div class='gallery-icon landscape'>\n\t\t\t\t<a href='http:\/\/westwaerts-jakobsweg.at\/?attachment_id=16916'><img loading=\"lazy\" decoding=\"async\" width=\"150\" height=\"150\" src=\"http:\/\/westwaerts-jakobsweg.at\/wp-content\/uploads\/2022\/01\/624955AA-8559-4701-AF05-01DFBA88F799-150x150.jpeg\" class=\"attachment-thumbnail size-thumbnail\" alt=\"\" aria-describedby=\"gallery-1-16916\" \/><\/a>\n\t\t\t<\/div>\n\t\t\t\t<figcaption class='wp-caption-text gallery-caption' id='gallery-1-16916'>\n\t\t\t\t&#8230;eine kurze Rast&#8230;\n\t\t\t\t<\/figcaption><\/figure><figure class='gallery-item'>\n\t\t\t<div class='gallery-icon landscape'>\n\t\t\t\t<a href='http:\/\/westwaerts-jakobsweg.at\/?attachment_id=16921'><img loading=\"lazy\" decoding=\"async\" width=\"150\" height=\"150\" src=\"http:\/\/westwaerts-jakobsweg.at\/wp-content\/uploads\/2022\/01\/77D30025-0C2C-4C7C-9F02-D6CA2650C4D2-150x150.jpeg\" class=\"attachment-thumbnail size-thumbnail\" alt=\"\" aria-describedby=\"gallery-1-16921\" \/><\/a>\n\t\t\t<\/div>\n\t\t\t\t<figcaption class='wp-caption-text gallery-caption' id='gallery-1-16921'>\n\t\t\t\t&#8230;bevor Calzadilla de la Cuerza erreicht ist\n\t\t\t\t<\/figcaption><\/figure><figure class='gallery-item'>\n\t\t\t<div class='gallery-icon portrait'>\n\t\t\t\t<a href='http:\/\/westwaerts-jakobsweg.at\/?attachment_id=16917'><img loading=\"lazy\" decoding=\"async\" width=\"150\" height=\"150\" src=\"http:\/\/westwaerts-jakobsweg.at\/wp-content\/uploads\/2022\/01\/1A991FA7-282C-4A05-ADF8-299444235912-150x150.jpeg\" class=\"attachment-thumbnail size-thumbnail\" alt=\"\" aria-describedby=\"gallery-1-16917\" \/><\/a>\n\t\t\t<\/div>\n\t\t\t\t<figcaption class='wp-caption-text gallery-caption' id='gallery-1-16917'>\n\t\t\t\tbald in Ledigos\n\t\t\t\t<\/figcaption><\/figure>\n\t\t<\/div>\n\n","protected":false},"excerpt":{"rendered":"<p>Carri\u00f3n de los Condes &#8211; Ledigos 24.6km (343.6km) Die Kilometer heute gelten nur f\u00fcr Otto. Ich bin mit dem Taxi in die Herberge gefahren. Hab Schmerzen im Prothesen-Knie? Voll gemein, hab doch vorher mit dem \u00d6JW getestet ob der Camino m\u00f6glich ist und zwei mal sind wir nach Mariazell gewandert. Alles war da in Ordnung &#x1f937;&#x200d;&#x2640;&#xfe0f; . Warum mit dem Taxi werdet ihr euch wundern. Von Samstag bis Montag gibt es keinen Bus &#x1f937;&#x200d;&#x2640;&#xfe0f; . Ich schreib immer von der&#8230;<\/p>\n<p class=\"read-more\"><a class=\"btn btn-default\" href=\"http:\/\/westwaerts-jakobsweg.at\/?p=16904\">Weiterlesen<span class=\"screen-reader-text\"> Weiterlesen<\/span><\/a><\/p>\n","protected":false},"author":1,"featured_media":0,"comment_status":"open","ping_status":"open","sticky":false,"template":"","format":"standard","meta":{"footnotes":""},"categories":[44,43],"tags":[],"_links":{"self":[{"href":"http:\/\/westwaerts-jakobsweg.at\/index.php?rest_route=\/wp\/v2\/posts\/16904"}],"collection":[{"href":"http:\/\/westwaerts-jakobsweg.at\/index.php?rest_route=\/wp\/v2\/posts"}],"about":[{"href":"http:\/\/westwaerts-jakobsweg.at\/index.php?rest_route=\/wp\/v2\/types\/post"}],"author":[{"embeddable":true,"href":"http:\/\/westwaerts-jakobsweg.at\/index.php?rest_route=\/wp\/v2\/users\/1"}],"replies":[{"embeddable":true,"href":"http:\/\/westwaerts-jakobsweg.at\/index.php?rest_route=%2Fwp%2Fv2%2Fcomments&post=16904"}],"version-history":[{"count":0,"href":"http:\/\/westwaerts-jakobsweg.at\/index.php?rest_route=\/wp\/v2\/posts\/16904\/revisions"}],"wp:attachment":[{"href":"http:\/\/westwaerts-jakobsweg.at\/index.php?rest_route=%2Fwp%2Fv2%2Fmedia&parent=16904"}],"wp:term":[{"taxonomy":"category","embeddable":true,"href":"http:\/\/westwaerts-jakobsweg.at\/index.php?rest_route=%2Fwp%2Fv2%2Fcategories&post=16904"},{"taxonomy":"post_tag","embeddable":true,"href":"http:\/\/westwaerts-jakobsweg.at\/index.php?rest_route=%2Fwp%2Fv2%2Ftags&post=16904"}],"curies":[{"name":"wp","href":"https:\/\/api.w.org\/{rel}","templated":true}]}}