{"id":16949,"date":"2022-01-31T15:57:28","date_gmt":"2022-01-31T14:57:28","guid":{"rendered":"http:\/\/westwaerts-jakobsweg.at\/?p=16949"},"modified":"2022-03-02T18:36:17","modified_gmt":"2022-03-02T17:36:17","slug":"2-winter-c-f-tag-16","status":"publish","type":"post","link":"http:\/\/westwaerts-jakobsweg.at\/?p=16949","title":{"rendered":"2. Winter C.F. Tag 16"},"content":{"rendered":"<p>Bericanos del Real Camino &#8211; Mansilla de las Mulas 26.9km (398km)<\/p>\n<p>Das gilt wieder nur f\u00fcr Otto, ich bin heute mit den Bus nach Leon gefahren, zum Gl\u00fcck f\u00e4hrt der am Montag.<br \/>\nNach dem gemeinsamen Fr\u00fchst\u00fcck stapfte Otto los und ich blieb noch in der warmen Bar der Herberge. Die Hospitalera meinte, die Fahrpl\u00e4ne stimmen nicht immer. Der Bus kann zwischen 9:00 und 10:00 kommen. Also ging ich zeitiger los. Mit mir wartete eine \u00e4ltere Dame, die Verst\u00e4ndigung ohne die Sprache des anderen zu verstehen ist immer wieder lustig. Irgendwie gelingt immer ein Gespr\u00e4ch, so erfuhr ich z.B. dass beim Haus neben der Haltestelle noch immer Weintrauben mit den F\u00fc\u00dfen gestampft werden und vis-a-vis ist eine kleine Bodega &#x1f60a; .<br \/>\nDer Bus kam dann doch p\u00fcnktlich, in 50 Minuten war ich in Leon und \u201eschlich\u201c mich, vorbei an der Casa de los Botines, ein Geb\u00e4ude von Gaudi entworfen, heute ein Museum und weiter zum Leon Hostel. Wer sich Gutes tun will, mit fairen Preis, der schl\u00e4ft da, es passt einfach alles &#x1f970; . Bin ganz alleine in einem 4Bettzimmer.<br \/>\nHab mich noch in einer Bar und am Platz der Kathedrale herumgetrieben, eingekauft und das reicht f\u00fcr heute.<br \/>\nOtto hat mir seinen Weg beschrieben:<br \/>\nDie ersten 8km schnurgerade, die Autobahn immer in Sicht bzw. H\u00f6rweite. So ging es weiter, dazwischen mit drei Senken. In Reliegos erhoffte er sich eine Bar aber nichts hatte offen. Also gerastet neben dem Jakob &#x1f60a; .<br \/>\nEr schrieb, hier ist es so flach, da ist die Meseta direkt eine Gebirgskette &#x1f602; . Gez\u00e4hlt hat er 16 PKW, 3 LKW und 4 Radfahrer. In Burgo Ranero sind die B\u00e4ume mit Wollschals beh\u00fcbscht. Weiteres f\u00e4llt ihm nicht ein.<br \/>\nAuch Ottos Herberge ist zu seiner Zufriedenheit und sie war bereits bei der Ankunft warm.<br \/>\nGetrennt w\u00fcnschen einen sch\u00f6nen Wochenstart O + R<\/p>\n<p>Unterkunft: Hostel Gaia<br \/>\nAvda. Constituci\u00f3n 28 Tel.: 699911311 oder 987310308<\/p>\n<p>PS.: Fotos kommen morgen dazu, das kann nur Otto &#x1f61c;<\/p>\n<div id='gallery-1' class='gallery galleryid-16949 gallery-columns-3 gallery-size-thumbnail'><figure class='gallery-item'>\n\t\t\t<div class='gallery-icon landscape'>\n\t\t\t\t<a href='http:\/\/westwaerts-jakobsweg.at\/?attachment_id=16958'><img loading=\"lazy\" decoding=\"async\" width=\"150\" height=\"150\" src=\"http:\/\/westwaerts-jakobsweg.at\/wp-content\/uploads\/2022\/01\/5DB841FA-C25F-4373-91FE-F4CF6583A9A0-150x150.jpeg\" class=\"attachment-thumbnail size-thumbnail\" alt=\"\" aria-describedby=\"gallery-1-16958\" \/><\/a>\n\t\t\t<\/div>\n\t\t\t\t<figcaption class='wp-caption-text gallery-caption' id='gallery-1-16958'>\n\t\t\t\tin Bericanos del Real Camino\n\t\t\t\t<\/figcaption><\/figure><figure class='gallery-item'>\n\t\t\t<div class='gallery-icon landscape'>\n\t\t\t\t<a href='http:\/\/westwaerts-jakobsweg.at\/?attachment_id=16959'><img loading=\"lazy\" decoding=\"async\" width=\"150\" height=\"150\" src=\"http:\/\/westwaerts-jakobsweg.at\/wp-content\/uploads\/2022\/01\/C075C82F-CB31-4240-9430-183E8A3EBFAE-150x150.jpeg\" class=\"attachment-thumbnail size-thumbnail\" alt=\"\" \/><\/a>\n\t\t\t<\/div><\/figure><figure class='gallery-item'>\n\t\t\t<div class='gallery-icon landscape'>\n\t\t\t\t<a href='http:\/\/westwaerts-jakobsweg.at\/?attachment_id=16960'><img loading=\"lazy\" decoding=\"async\" width=\"150\" height=\"150\" src=\"http:\/\/westwaerts-jakobsweg.at\/wp-content\/uploads\/2022\/01\/7E2506A4-B038-488B-8A26-F45809F4AB0A-150x150.jpeg\" class=\"attachment-thumbnail size-thumbnail\" alt=\"\" aria-describedby=\"gallery-1-16960\" \/><\/a>\n\t\t\t<\/div>\n\t\t\t\t<figcaption class='wp-caption-text gallery-caption' id='gallery-1-16960'>\n\t\t\t\tin El Burgo Ranero&#8230;.\n\t\t\t\t<\/figcaption><\/figure><figure class='gallery-item'>\n\t\t\t<div class='gallery-icon portrait'>\n\t\t\t\t<a href='http:\/\/westwaerts-jakobsweg.at\/?attachment_id=16961'><img loading=\"lazy\" decoding=\"async\" width=\"150\" height=\"150\" src=\"http:\/\/westwaerts-jakobsweg.at\/wp-content\/uploads\/2022\/01\/F1685C52-0AF7-4AA7-B9B0-C2D0754B00E7-150x150.jpeg\" class=\"attachment-thumbnail size-thumbnail\" alt=\"\" aria-describedby=\"gallery-1-16961\" \/><\/a>\n\t\t\t<\/div>\n\t\t\t\t<figcaption class='wp-caption-text gallery-caption' id='gallery-1-16961'>\n\t\t\t\t&#8230;.haben die B\u00e4ume Wollschals\n\t\t\t\t<\/figcaption><\/figure><figure class='gallery-item'>\n\t\t\t<div class='gallery-icon landscape'>\n\t\t\t\t<a href='http:\/\/westwaerts-jakobsweg.at\/?attachment_id=16962'><img loading=\"lazy\" decoding=\"async\" width=\"150\" height=\"150\" src=\"http:\/\/westwaerts-jakobsweg.at\/wp-content\/uploads\/2022\/01\/5413BC16-2F02-4E31-9C6A-5AFA7F80F283-150x150.jpeg\" class=\"attachment-thumbnail size-thumbnail\" alt=\"\" \/><\/a>\n\t\t\t<\/div><\/figure><figure class='gallery-item'>\n\t\t\t<div class='gallery-icon portrait'>\n\t\t\t\t<a href='http:\/\/westwaerts-jakobsweg.at\/?attachment_id=16963'><img loading=\"lazy\" decoding=\"async\" width=\"150\" height=\"150\" src=\"http:\/\/westwaerts-jakobsweg.at\/wp-content\/uploads\/2022\/01\/4DD6C33B-1042-457E-B36F-339C34242422-150x150.jpeg\" class=\"attachment-thumbnail size-thumbnail\" alt=\"\" aria-describedby=\"gallery-1-16963\" \/><\/a>\n\t\t\t<\/div>\n\t\t\t\t<figcaption class='wp-caption-text gallery-caption' id='gallery-1-16963'>\n\t\t\t\tRast beim Jakob in Reliegos\n\t\t\t\t<\/figcaption><\/figure><figure class='gallery-item'>\n\t\t\t<div class='gallery-icon portrait'>\n\t\t\t\t<a href='http:\/\/westwaerts-jakobsweg.at\/?attachment_id=16964'><img loading=\"lazy\" decoding=\"async\" width=\"150\" height=\"150\" src=\"http:\/\/westwaerts-jakobsweg.at\/wp-content\/uploads\/2022\/01\/CDBC93D5-AA8D-4BB8-838C-9D12F3534B2B-150x150.jpeg\" class=\"attachment-thumbnail size-thumbnail\" alt=\"\" aria-describedby=\"gallery-1-16964\" \/><\/a>\n\t\t\t<\/div>\n\t\t\t\t<figcaption class='wp-caption-text gallery-caption' id='gallery-1-16964'>\n\t\t\t\tRichtung Mansilla de las Mulas\n\t\t\t\t<\/figcaption><\/figure><figure class='gallery-item'>\n\t\t\t<div class='gallery-icon landscape'>\n\t\t\t\t<a href='http:\/\/westwaerts-jakobsweg.at\/?attachment_id=16965'><img loading=\"lazy\" decoding=\"async\" width=\"150\" height=\"150\" src=\"http:\/\/westwaerts-jakobsweg.at\/wp-content\/uploads\/2022\/01\/99FD1033-2904-4419-AB41-8B5FEB9DD402-150x150.jpeg\" class=\"attachment-thumbnail size-thumbnail\" alt=\"\" aria-describedby=\"gallery-1-16965\" \/><\/a>\n\t\t\t<\/div>\n\t\t\t\t<figcaption class='wp-caption-text gallery-caption' id='gallery-1-16965'>\n\t\t\t\tSantiagotor zur Stadt Mansilla de las Mulas\n\t\t\t\t<\/figcaption><\/figure>\n\t\t<\/div>\n\n","protected":false},"excerpt":{"rendered":"<p>Bericanos del Real Camino &#8211; Mansilla de las Mulas 26.9km (398km) Das gilt wieder nur f\u00fcr Otto, ich bin heute mit den Bus nach Leon gefahren, zum Gl\u00fcck f\u00e4hrt der am Montag. Nach dem gemeinsamen Fr\u00fchst\u00fcck stapfte Otto los und ich blieb noch in der warmen Bar der Herberge. Die Hospitalera meinte, die Fahrpl\u00e4ne stimmen nicht immer. Der Bus kann zwischen 9:00 und 10:00 kommen. Also ging ich zeitiger los. Mit mir wartete eine \u00e4ltere Dame, die Verst\u00e4ndigung ohne die&#8230;<\/p>\n<p class=\"read-more\"><a class=\"btn btn-default\" href=\"http:\/\/westwaerts-jakobsweg.at\/?p=16949\">Weiterlesen<span class=\"screen-reader-text\"> Weiterlesen<\/span><\/a><\/p>\n","protected":false},"author":1,"featured_media":0,"comment_status":"open","ping_status":"open","sticky":false,"template":"","format":"standard","meta":{"footnotes":""},"categories":[44,43],"tags":[],"_links":{"self":[{"href":"http:\/\/westwaerts-jakobsweg.at\/index.php?rest_route=\/wp\/v2\/posts\/16949"}],"collection":[{"href":"http:\/\/westwaerts-jakobsweg.at\/index.php?rest_route=\/wp\/v2\/posts"}],"about":[{"href":"http:\/\/westwaerts-jakobsweg.at\/index.php?rest_route=\/wp\/v2\/types\/post"}],"author":[{"embeddable":true,"href":"http:\/\/westwaerts-jakobsweg.at\/index.php?rest_route=\/wp\/v2\/users\/1"}],"replies":[{"embeddable":true,"href":"http:\/\/westwaerts-jakobsweg.at\/index.php?rest_route=%2Fwp%2Fv2%2Fcomments&post=16949"}],"version-history":[{"count":0,"href":"http:\/\/westwaerts-jakobsweg.at\/index.php?rest_route=\/wp\/v2\/posts\/16949\/revisions"}],"wp:attachment":[{"href":"http:\/\/westwaerts-jakobsweg.at\/index.php?rest_route=%2Fwp%2Fv2%2Fmedia&parent=16949"}],"wp:term":[{"taxonomy":"category","embeddable":true,"href":"http:\/\/westwaerts-jakobsweg.at\/index.php?rest_route=%2Fwp%2Fv2%2Fcategories&post=16949"},{"taxonomy":"post_tag","embeddable":true,"href":"http:\/\/westwaerts-jakobsweg.at\/index.php?rest_route=%2Fwp%2Fv2%2Ftags&post=16949"}],"curies":[{"name":"wp","href":"https:\/\/api.w.org\/{rel}","templated":true}]}}