{"id":17599,"date":"2022-05-03T21:35:45","date_gmt":"2022-05-03T19:35:45","guid":{"rendered":"http:\/\/westwaerts-jakobsweg.at\/?p=17599"},"modified":"2022-05-14T18:29:58","modified_gmt":"2022-05-14T16:29:58","slug":"fruehling-c-f-tag-15","status":"publish","type":"post","link":"http:\/\/westwaerts-jakobsweg.at\/?p=17599","title":{"rendered":"Fr\u00fchling C.F. Tag 15"},"content":{"rendered":"<p>O Pedrouzo &#8211; Santiago de Compostela 21.1km (324.km)<\/p>\n<p>Wir freuen uns auf den Abend. Da kommt Sonja, eine Freundin nach Santiago und geht mit uns nach Muxia, juhu &#x1f970; .<br \/>\nAber zuerst m\u00fcssen wir nach Santiago kommen &#x1f609; . Recht gem\u00fctlich war der Beginn. Viele Eukalyptusw\u00e4lder erfreuten unsere Nase.<br \/>\nBald ging es aufw\u00e4rts und so blieb es haupts\u00e4chlich bis nach Monte do Gozo. Heut rannten die Pilger keuchend und gehetzt nach Santiago. Wir nicht, ich muss ja mit dem Kopf gehen und der versteht grad nicht warum alle so rennen &#x1f914; .<br \/>\nVorbei beim Flughafen. In Labacolla pflegten die Pilger im Mittelalter sich im Bach zu waschen, damit sie sauber in Santiago ankommen. Wir brauchen das nicht, haben Merinoklamotten und stinken nicht &#x1f609; .<br \/>\nIn Monte do Gozo, \u00fcbersetzt Berg der Freude, besuchten wir nat\u00fcrlich die zwei \u00fcbergro\u00dfen Pilgerstatuen die auf Santiago zeigen. Ein Filmteam interviewte dort gerade einen Autor. Er stellte sein Buch \u201eMord am Camino Frances\u201c vor. Na hoffentlich erwischt es uns nicht &#x1f974; . Das riesige Papstdenkmal gibt es nicht mehr, es wurde aus irgendeinem Grund abgerissen &#x1f937;&#x200d;&#x2640;&#xfe0f; .<br \/>\nAbw\u00e4rts geht es Richtung Santiago und es folgt ein langer Hatscher durch die Stadt. Das st\u00f6rte mich gar nicht, es gibt immer viel zu sehen.<br \/>\nGestern bekamen wir die Mitteilung unsere Lieblingsunterkunft, San Martin Pinario w\u00e4re voll. In der Nacht dann die Mitteilung ein Doppelzimmer und ein Einbettzimmer k\u00f6nnten wir doch noch haben. Ja da war die Freude gro\u00df, noch dazu bekamen wir die teuren Zimmer mit einem Pilgerpreis &#x1f60a; .<br \/>\nNach der Pflege die Kathedrale durch die Hl. Pforte (sie ist nur im Hl. Jahr ge\u00f6ffnet) besucht. Im Pilgerb\u00fcro unseren Pilgerpass abstempeln lassen. Einen Santiagorundgang erledigt. Mir meine Kostproben der Tarta de Santiago schmecken lassen. Einen Cafe con Leche in der Sonne getrunken und Sonja vom Bahnhof abgeholt &#x1f917; .<br \/>\nNach dem gemeinsamen Abendessen endete ein sch\u00f6ner Tag und wir freuten uns alle drei aufs Bettchen.<br \/>\nBis morgen sagen O + R<\/p>\n<p>Unterkunft: San Martin Pinario, Hospeder\u00eda. Seminario Myor<br \/>\nPlaza de la Inmaculada 3 (gegen\u00fcber der Kathedrale<br \/>\nTel.: 981560282<br \/>\nreservas@sanmartinpinario.eu (reservieren nur so m\u00f6glich)<\/p>\n<div id='gallery-1' class='gallery galleryid-17599 gallery-columns-3 gallery-size-thumbnail'><figure class='gallery-item'>\n\t\t\t<div class='gallery-icon landscape'>\n\t\t\t\t<a href='http:\/\/westwaerts-jakobsweg.at\/?attachment_id=17604'><img loading=\"lazy\" decoding=\"async\" width=\"150\" height=\"150\" src=\"http:\/\/westwaerts-jakobsweg.at\/wp-content\/uploads\/2022\/05\/4552D7EB-EB7C-4A9B-B2DA-6A33DADA269F-150x150.jpeg\" class=\"attachment-thumbnail size-thumbnail\" alt=\"\" \/><\/a>\n\t\t\t<\/div><\/figure><figure class='gallery-item'>\n\t\t\t<div class='gallery-icon landscape'>\n\t\t\t\t<a href='http:\/\/westwaerts-jakobsweg.at\/?attachment_id=17605'><img loading=\"lazy\" decoding=\"async\" width=\"150\" height=\"150\" src=\"http:\/\/westwaerts-jakobsweg.at\/wp-content\/uploads\/2022\/05\/BD366B4E-F2F5-486D-A141-26D4C438D052-150x150.jpeg\" class=\"attachment-thumbnail size-thumbnail\" alt=\"\" \/><\/a>\n\t\t\t<\/div><\/figure><figure class='gallery-item'>\n\t\t\t<div class='gallery-icon landscape'>\n\t\t\t\t<a href='http:\/\/westwaerts-jakobsweg.at\/?attachment_id=17606'><img loading=\"lazy\" decoding=\"async\" width=\"150\" height=\"150\" src=\"http:\/\/westwaerts-jakobsweg.at\/wp-content\/uploads\/2022\/05\/4C4A89CF-FBC6-4A2A-A6C1-270C875B3C98-150x150.jpeg\" class=\"attachment-thumbnail size-thumbnail\" alt=\"\" \/><\/a>\n\t\t\t<\/div><\/figure><figure class='gallery-item'>\n\t\t\t<div class='gallery-icon portrait'>\n\t\t\t\t<a href='http:\/\/westwaerts-jakobsweg.at\/?attachment_id=17607'><img loading=\"lazy\" decoding=\"async\" width=\"150\" height=\"150\" src=\"http:\/\/westwaerts-jakobsweg.at\/wp-content\/uploads\/2022\/05\/2FC7F46E-BF87-41DF-BE4E-7E32057B1D08-150x150.jpeg\" class=\"attachment-thumbnail size-thumbnail\" alt=\"\" aria-describedby=\"gallery-1-17607\" \/><\/a>\n\t\t\t<\/div>\n\t\t\t\t<figcaption class='wp-caption-text gallery-caption' id='gallery-1-17607'>\n\t\t\t\tnur mehr 10km bis Santiago\n\t\t\t\t<\/figcaption><\/figure><figure class='gallery-item'>\n\t\t\t<div class='gallery-icon portrait'>\n\t\t\t\t<a href='http:\/\/westwaerts-jakobsweg.at\/?attachment_id=17608'><img loading=\"lazy\" decoding=\"async\" width=\"150\" height=\"150\" src=\"http:\/\/westwaerts-jakobsweg.at\/wp-content\/uploads\/2022\/05\/0F0A0934-4055-45E6-B68F-68C96D223C93-150x150.jpeg\" class=\"attachment-thumbnail size-thumbnail\" alt=\"\" \/><\/a>\n\t\t\t<\/div><\/figure><figure class='gallery-item'>\n\t\t\t<div class='gallery-icon landscape'>\n\t\t\t\t<a href='http:\/\/westwaerts-jakobsweg.at\/?attachment_id=17609'><img loading=\"lazy\" decoding=\"async\" width=\"150\" height=\"150\" src=\"http:\/\/westwaerts-jakobsweg.at\/wp-content\/uploads\/2022\/05\/45231E3F-0B21-4CD9-AF53-F05403AA4C20-150x150.jpeg\" class=\"attachment-thumbnail size-thumbnail\" alt=\"\" aria-describedby=\"gallery-1-17609\" \/><\/a>\n\t\t\t<\/div>\n\t\t\t\t<figcaption class='wp-caption-text gallery-caption' id='gallery-1-17609'>\n\t\t\t\tPilger die nach Santiago zeigen&#8230; \n\t\t\t\t<\/figcaption><\/figure><figure class='gallery-item'>\n\t\t\t<div class='gallery-icon landscape'>\n\t\t\t\t<a href='http:\/\/westwaerts-jakobsweg.at\/?attachment_id=17610'><img loading=\"lazy\" decoding=\"async\" width=\"150\" height=\"150\" src=\"http:\/\/westwaerts-jakobsweg.at\/wp-content\/uploads\/2022\/05\/D896E9AF-D14C-4BB5-B96D-567643706129-150x150.jpeg\" class=\"attachment-thumbnail size-thumbnail\" alt=\"\" aria-describedby=\"gallery-1-17610\" \/><\/a>\n\t\t\t<\/div>\n\t\t\t\t<figcaption class='wp-caption-text gallery-caption' id='gallery-1-17610'>\n\t\t\t\t&#8230;am Monte do Gozo\n\t\t\t\t<\/figcaption><\/figure><figure class='gallery-item'>\n\t\t\t<div class='gallery-icon landscape'>\n\t\t\t\t<a href='http:\/\/westwaerts-jakobsweg.at\/?attachment_id=17611'><img loading=\"lazy\" decoding=\"async\" width=\"150\" height=\"150\" src=\"http:\/\/westwaerts-jakobsweg.at\/wp-content\/uploads\/2022\/05\/61C4F776-DE3F-4E05-B6BF-649399200427-150x150.jpeg\" class=\"attachment-thumbnail size-thumbnail\" alt=\"\" \/><\/a>\n\t\t\t<\/div><\/figure><figure class='gallery-item'>\n\t\t\t<div class='gallery-icon portrait'>\n\t\t\t\t<a href='http:\/\/westwaerts-jakobsweg.at\/?attachment_id=17612'><img loading=\"lazy\" decoding=\"async\" width=\"150\" height=\"150\" src=\"http:\/\/westwaerts-jakobsweg.at\/wp-content\/uploads\/2022\/05\/7E23EE2F-3F16-42C3-8375-FE9643F1FC3A-150x150.jpeg\" class=\"attachment-thumbnail size-thumbnail\" alt=\"\" aria-describedby=\"gallery-1-17612\" \/><\/a>\n\t\t\t<\/div>\n\t\t\t\t<figcaption class='wp-caption-text gallery-caption' id='gallery-1-17612'>\n\t\t\t\tHl.Pforte der Kathedrale&#8230;die nur im&#8230;\n\t\t\t\t<\/figcaption><\/figure><figure class='gallery-item'>\n\t\t\t<div class='gallery-icon portrait'>\n\t\t\t\t<a href='http:\/\/westwaerts-jakobsweg.at\/?attachment_id=17613'><img loading=\"lazy\" decoding=\"async\" width=\"150\" height=\"150\" src=\"http:\/\/westwaerts-jakobsweg.at\/wp-content\/uploads\/2022\/05\/43D5366A-17B1-42A1-9E22-7C31211D5F02-150x150.jpeg\" class=\"attachment-thumbnail size-thumbnail\" alt=\"\" aria-describedby=\"gallery-1-17613\" \/><\/a>\n\t\t\t<\/div>\n\t\t\t\t<figcaption class='wp-caption-text gallery-caption' id='gallery-1-17613'>\n\t\t\t\t&#8230;die nur im Hl.Jahr ge\u00f6ffnet ist\n\t\t\t\t<\/figcaption><\/figure>\n\t\t<\/div>\n\n","protected":false},"excerpt":{"rendered":"<p>O Pedrouzo &#8211; Santiago de Compostela 21.1km (324.km) Wir freuen uns auf den Abend. Da kommt Sonja, eine Freundin nach Santiago und geht mit uns nach Muxia, juhu &#x1f970; . Aber zuerst m\u00fcssen wir nach Santiago kommen &#x1f609; . Recht gem\u00fctlich war der Beginn. Viele Eukalyptusw\u00e4lder erfreuten unsere Nase. Bald ging es aufw\u00e4rts und so blieb es haupts\u00e4chlich bis nach Monte do Gozo. Heut rannten die Pilger keuchend und gehetzt nach Santiago. Wir nicht, ich muss ja mit dem Kopf&#8230;<\/p>\n<p class=\"read-more\"><a class=\"btn btn-default\" href=\"http:\/\/westwaerts-jakobsweg.at\/?p=17599\">Weiterlesen<span class=\"screen-reader-text\"> Weiterlesen<\/span><\/a><\/p>\n","protected":false},"author":1,"featured_media":0,"comment_status":"open","ping_status":"open","sticky":false,"template":"","format":"standard","meta":{"footnotes":""},"categories":[43,45],"tags":[],"_links":{"self":[{"href":"http:\/\/westwaerts-jakobsweg.at\/index.php?rest_route=\/wp\/v2\/posts\/17599"}],"collection":[{"href":"http:\/\/westwaerts-jakobsweg.at\/index.php?rest_route=\/wp\/v2\/posts"}],"about":[{"href":"http:\/\/westwaerts-jakobsweg.at\/index.php?rest_route=\/wp\/v2\/types\/post"}],"author":[{"embeddable":true,"href":"http:\/\/westwaerts-jakobsweg.at\/index.php?rest_route=\/wp\/v2\/users\/1"}],"replies":[{"embeddable":true,"href":"http:\/\/westwaerts-jakobsweg.at\/index.php?rest_route=%2Fwp%2Fv2%2Fcomments&post=17599"}],"version-history":[{"count":0,"href":"http:\/\/westwaerts-jakobsweg.at\/index.php?rest_route=\/wp\/v2\/posts\/17599\/revisions"}],"wp:attachment":[{"href":"http:\/\/westwaerts-jakobsweg.at\/index.php?rest_route=%2Fwp%2Fv2%2Fmedia&parent=17599"}],"wp:term":[{"taxonomy":"category","embeddable":true,"href":"http:\/\/westwaerts-jakobsweg.at\/index.php?rest_route=%2Fwp%2Fv2%2Fcategories&post=17599"},{"taxonomy":"post_tag","embeddable":true,"href":"http:\/\/westwaerts-jakobsweg.at\/index.php?rest_route=%2Fwp%2Fv2%2Ftags&post=17599"}],"curies":[{"name":"wp","href":"https:\/\/api.w.org\/{rel}","templated":true}]}}