{"id":17669,"date":"2022-05-07T15:53:25","date_gmt":"2022-05-07T13:53:25","guid":{"rendered":"http:\/\/westwaerts-jakobsweg.at\/?p=17669"},"modified":"2022-05-08T15:45:32","modified_gmt":"2022-05-08T13:45:32","slug":"fruehling-c-f-tag-19","status":"publish","type":"post","link":"http:\/\/westwaerts-jakobsweg.at\/?p=17669","title":{"rendered":"Fr\u00fchling C.F. Tag 19"},"content":{"rendered":"<p>Dumbria &#8211; Mux\u00eda  23.6km (415.4km)<\/p>\n<p>Nach dem Fr\u00fchst\u00fcck verlie\u00dfen wir gest\u00e4rkt Dumria. Die Sonne war wieder unser Tagesbegleiter, so sch\u00f6n. Am Weg trafen wir eine Pilgerin aus Belgien. Sie hat den gleichen Rucksack (Gossamer) wie ich und ist auch so zufrieden damit wie ich &#x1f44d; . In der Herberge stellten wir fest, wir haben auch die gleichen Schlafs\u00e4cke, echt lustig, so ein Zufall &#x1f602; .<br \/>\nStra\u00dfen und Wanderwege wechselten sich ab. Irgendwo eine Pause gehalten, vorbei beim angeblich l\u00e4ngsten Kornspeicher. Daneben das Kloster San Marti\u00f1o de Oz\u00f3n aus dem 12Jh. Vor ein paar Jahren lebten dort Aussteiger. Heute wird das Anwesen ausschlie\u00dflich privat genutzt.<br \/>\nEtwas abseits, 5km vor Mux\u00eda noch eine Bar ergattert, davor sahen wir erstmals das Meer &#x1f917; . Noch einmal steil hinauf nach Moraime, wo man die vorbeikommenden Pilger z\u00e4hlte? Der letzte Abschnitt geht recht sch\u00f6n durch den Wald. Ein Postkartenfoto von Mux\u00eda mit Meer pr\u00e4sentierte sich uns.<br \/>\nIn der Herberge Bela Mux\u00eda hat die Hospitalera wie immer f\u00fcr die Pilger gekocht &#x1f970; , ist frei. Eine hervorragende Linsensuppe mit Gem\u00fcse und Nudeln mit Gem\u00fcsesugo gabs.<br \/>\nNach der Pflege ein Rundgang zum Hafen und hinauf zur kleinen Wallfahrtsirche Virxe da Barca, wo gerade eine Messe war. So sahen wir zum ersten mal die Kirche, die sonst zugesperrt ist, von innen, wie sch\u00f6n.<br \/>\nEin wundervoller Ort da oben. Das Meer rauscht und klatscht auf die gro\u00dfen Steine. Stundenlang k\u00f6nnte ich das genie\u00dfen und ja Karin, ich hab es auch f\u00fcr dich erledigt &#x1f970; .<br \/>\nZum Essen hinunter marschiert, einen Ober\u00f6sterreicher getroffen und gemeinsam wieder hinauf zur Kirche und den Sonnenuntergang bewundert. Einige Wolken dr\u00e4ngten sich vor aber als die Sonne unterhalb wieder hervorkam dachte man an ein Feuer im Meer. Sehr beeindruckend und wundersch\u00f6n war das &#x1f60a; .<br \/>\nZufrieden mit dem Tag sind O + R + Sonja<\/p>\n<p>Unterkunft: Private Herberge Bela Mux\u00eda<br \/>\nEncarnaci\u00f3n 30  Tel:687798222<\/p>\n<div id='gallery-1' class='gallery galleryid-17669 gallery-columns-3 gallery-size-thumbnail'><figure class='gallery-item'>\n\t\t\t<div class='gallery-icon landscape'>\n\t\t\t\t<a href='http:\/\/westwaerts-jakobsweg.at\/?attachment_id=17674'><img loading=\"lazy\" decoding=\"async\" width=\"150\" height=\"150\" src=\"http:\/\/westwaerts-jakobsweg.at\/wp-content\/uploads\/2022\/05\/F1BCA496-2203-4F48-9BC5-985CDD2A7C01-150x150.jpeg\" class=\"attachment-thumbnail size-thumbnail\" alt=\"\" aria-describedby=\"gallery-1-17674\" \/><\/a>\n\t\t\t<\/div>\n\t\t\t\t<figcaption class='wp-caption-text gallery-caption' id='gallery-1-17674'>\n\t\t\t\tangeblich der l\u00e4ngste H\u00f3rreo\n\t\t\t\t<\/figcaption><\/figure><figure class='gallery-item'>\n\t\t\t<div class='gallery-icon landscape'>\n\t\t\t\t<a href='http:\/\/westwaerts-jakobsweg.at\/?attachment_id=17675'><img loading=\"lazy\" decoding=\"async\" width=\"150\" height=\"150\" src=\"http:\/\/westwaerts-jakobsweg.at\/wp-content\/uploads\/2022\/05\/AA35FA39-3144-416E-A8CF-E70D8016509C-150x150.jpeg\" class=\"attachment-thumbnail size-thumbnail\" alt=\"\" aria-describedby=\"gallery-1-17675\" \/><\/a>\n\t\t\t<\/div>\n\t\t\t\t<figcaption class='wp-caption-text gallery-caption' id='gallery-1-17675'>\n\t\t\t\terste Blick zum Meer\n\t\t\t\t<\/figcaption><\/figure><figure class='gallery-item'>\n\t\t\t<div class='gallery-icon portrait'>\n\t\t\t\t<a href='http:\/\/westwaerts-jakobsweg.at\/?attachment_id=17676'><img loading=\"lazy\" decoding=\"async\" width=\"150\" height=\"150\" src=\"http:\/\/westwaerts-jakobsweg.at\/wp-content\/uploads\/2022\/05\/C8055320-F7D7-4F88-9BB2-90C7CBBB8CC4-150x150.jpeg\" class=\"attachment-thumbnail size-thumbnail\" alt=\"\" \/><\/a>\n\t\t\t<\/div><\/figure><figure class='gallery-item'>\n\t\t\t<div class='gallery-icon landscape'>\n\t\t\t\t<a href='http:\/\/westwaerts-jakobsweg.at\/?attachment_id=17677'><img loading=\"lazy\" decoding=\"async\" width=\"150\" height=\"150\" src=\"http:\/\/westwaerts-jakobsweg.at\/wp-content\/uploads\/2022\/05\/B367F6C4-B5C2-40AC-A57F-66E66902A8FB-150x150.jpeg\" class=\"attachment-thumbnail size-thumbnail\" alt=\"\" aria-describedby=\"gallery-1-17677\" \/><\/a>\n\t\t\t<\/div>\n\t\t\t\t<figcaption class='wp-caption-text gallery-caption' id='gallery-1-17677'>\n\t\t\t\tMuxia in Sicht\n\t\t\t\t<\/figcaption><\/figure><figure class='gallery-item'>\n\t\t\t<div class='gallery-icon landscape'>\n\t\t\t\t<a href='http:\/\/westwaerts-jakobsweg.at\/?attachment_id=17678'><img loading=\"lazy\" decoding=\"async\" width=\"150\" height=\"150\" src=\"http:\/\/westwaerts-jakobsweg.at\/wp-content\/uploads\/2022\/05\/1C397AFF-9E4E-49D6-8554-7201D9680F0D-150x150.jpeg\" class=\"attachment-thumbnail size-thumbnail\" alt=\"\" aria-describedby=\"gallery-1-17678\" \/><\/a>\n\t\t\t<\/div>\n\t\t\t\t<figcaption class='wp-caption-text gallery-caption' id='gallery-1-17678'>\n\t\t\t\tDenkmal A Ferida erinnert an die \u00d6lpest 2002\n\t\t\t\t<\/figcaption><\/figure><figure class='gallery-item'>\n\t\t\t<div class='gallery-icon portrait'>\n\t\t\t\t<a href='http:\/\/westwaerts-jakobsweg.at\/?attachment_id=17679'><img loading=\"lazy\" decoding=\"async\" width=\"150\" height=\"150\" src=\"http:\/\/westwaerts-jakobsweg.at\/wp-content\/uploads\/2022\/05\/837D7A92-49EF-4649-B1C7-8C833A58AB6A-150x150.jpeg\" class=\"attachment-thumbnail size-thumbnail\" alt=\"\" aria-describedby=\"gallery-1-17679\" \/><\/a>\n\t\t\t<\/div>\n\t\t\t\t<figcaption class='wp-caption-text gallery-caption' id='gallery-1-17679'>\n\t\t\t\tWallfahrtskirche Wallfahrtskirche&#8230;\n\t\t\t\t<\/figcaption><\/figure><figure class='gallery-item'>\n\t\t\t<div class='gallery-icon portrait'>\n\t\t\t\t<a href='http:\/\/westwaerts-jakobsweg.at\/?attachment_id=17680'><img loading=\"lazy\" decoding=\"async\" width=\"150\" height=\"150\" src=\"http:\/\/westwaerts-jakobsweg.at\/wp-content\/uploads\/2022\/05\/A81796F4-42D8-4A71-807D-3C13C732BD8D-150x150.jpeg\" class=\"attachment-thumbnail size-thumbnail\" alt=\"\" aria-describedby=\"gallery-1-17680\" \/><\/a>\n\t\t\t<\/div>\n\t\t\t\t<figcaption class='wp-caption-text gallery-caption' id='gallery-1-17680'>\n\t\t\t\t&#8230;A Virxe da Barca\n\t\t\t\t<\/figcaption><\/figure><figure class='gallery-item'>\n\t\t\t<div class='gallery-icon landscape'>\n\t\t\t\t<a href='http:\/\/westwaerts-jakobsweg.at\/?attachment_id=17681'><img loading=\"lazy\" decoding=\"async\" width=\"150\" height=\"150\" src=\"http:\/\/westwaerts-jakobsweg.at\/wp-content\/uploads\/2022\/05\/625954A0-EB33-4298-8B36-0A049FE3537B-150x150.jpeg\" class=\"attachment-thumbnail size-thumbnail\" alt=\"\" aria-describedby=\"gallery-1-17681\" \/><\/a>\n\t\t\t<\/div>\n\t\t\t\t<figcaption class='wp-caption-text gallery-caption' id='gallery-1-17681'>\n\t\t\t\tSonnenuntergang bei der&#8230;\n\t\t\t\t<\/figcaption><\/figure><figure class='gallery-item'>\n\t\t\t<div class='gallery-icon landscape'>\n\t\t\t\t<a href='http:\/\/westwaerts-jakobsweg.at\/?attachment_id=17682'><img loading=\"lazy\" decoding=\"async\" width=\"150\" height=\"150\" src=\"http:\/\/westwaerts-jakobsweg.at\/wp-content\/uploads\/2022\/05\/02C05F64-3D90-43B7-837E-C838DE762B8E-150x150.jpeg\" class=\"attachment-thumbnail size-thumbnail\" alt=\"\" aria-describedby=\"gallery-1-17682\" \/><\/a>\n\t\t\t<\/div>\n\t\t\t\t<figcaption class='wp-caption-text gallery-caption' id='gallery-1-17682'>\n\t\t\t\t&#8230;Kirche A Virxe da Barca\n\t\t\t\t<\/figcaption><\/figure>\n\t\t<\/div>\n\n","protected":false},"excerpt":{"rendered":"<p>Dumbria &#8211; Mux\u00eda 23.6km (415.4km) Nach dem Fr\u00fchst\u00fcck verlie\u00dfen wir gest\u00e4rkt Dumria. Die Sonne war wieder unser Tagesbegleiter, so sch\u00f6n. Am Weg trafen wir eine Pilgerin aus Belgien. Sie hat den gleichen Rucksack (Gossamer) wie ich und ist auch so zufrieden damit wie ich &#x1f44d; . In der Herberge stellten wir fest, wir haben auch die gleichen Schlafs\u00e4cke, echt lustig, so ein Zufall &#x1f602; . Stra\u00dfen und Wanderwege wechselten sich ab. Irgendwo eine Pause gehalten, vorbei beim angeblich l\u00e4ngsten Kornspeicher&#8230;.<\/p>\n<p class=\"read-more\"><a class=\"btn btn-default\" href=\"http:\/\/westwaerts-jakobsweg.at\/?p=17669\">Weiterlesen<span class=\"screen-reader-text\"> Weiterlesen<\/span><\/a><\/p>\n","protected":false},"author":1,"featured_media":0,"comment_status":"open","ping_status":"open","sticky":false,"template":"","format":"standard","meta":{"footnotes":""},"categories":[43,45],"tags":[],"_links":{"self":[{"href":"http:\/\/westwaerts-jakobsweg.at\/index.php?rest_route=\/wp\/v2\/posts\/17669"}],"collection":[{"href":"http:\/\/westwaerts-jakobsweg.at\/index.php?rest_route=\/wp\/v2\/posts"}],"about":[{"href":"http:\/\/westwaerts-jakobsweg.at\/index.php?rest_route=\/wp\/v2\/types\/post"}],"author":[{"embeddable":true,"href":"http:\/\/westwaerts-jakobsweg.at\/index.php?rest_route=\/wp\/v2\/users\/1"}],"replies":[{"embeddable":true,"href":"http:\/\/westwaerts-jakobsweg.at\/index.php?rest_route=%2Fwp%2Fv2%2Fcomments&post=17669"}],"version-history":[{"count":0,"href":"http:\/\/westwaerts-jakobsweg.at\/index.php?rest_route=\/wp\/v2\/posts\/17669\/revisions"}],"wp:attachment":[{"href":"http:\/\/westwaerts-jakobsweg.at\/index.php?rest_route=%2Fwp%2Fv2%2Fmedia&parent=17669"}],"wp:term":[{"taxonomy":"category","embeddable":true,"href":"http:\/\/westwaerts-jakobsweg.at\/index.php?rest_route=%2Fwp%2Fv2%2Fcategories&post=17669"},{"taxonomy":"post_tag","embeddable":true,"href":"http:\/\/westwaerts-jakobsweg.at\/index.php?rest_route=%2Fwp%2Fv2%2Ftags&post=17669"}],"curies":[{"name":"wp","href":"https:\/\/api.w.org\/{rel}","templated":true}]}}