{"id":18095,"date":"2022-05-19T08:13:08","date_gmt":"2022-05-19T06:13:08","guid":{"rendered":"http:\/\/westwaerts-jakobsweg.at\/?p=18095"},"modified":"2022-05-19T08:14:06","modified_gmt":"2022-05-19T06:14:06","slug":"j-w-suedtirol-2","status":"publish","type":"post","link":"http:\/\/westwaerts-jakobsweg.at\/?p=18095","title":{"rendered":"J.W. S\u00fcdtirol"},"content":{"rendered":"<p>Da es im Vorjahr zu sechst super gepasst hat, wollen wir auch in diesem Jahr gemeinsam ein St\u00fcck wandern.<br \/>\nDiesmal soll es der Jakobsweg in S\u00fcdtirol sein.<br \/>\nObwohl viele Kapellen und Kirchen dem Hl. Jakobus geweiht wurden, ist es eine weniger bekannte Wegstrecke. Sogar die S\u00fcdtiroler die wir am Camino Frances trafen waren \u00fcberrascht.<br \/>\nDie paar Pilger w\u00e4hlen dann eher den Weg \u00fcber den Brenner, Richtung Innsbruck. Sie gehen also nur ein St\u00fcck in S\u00fcdtirol. Wir wollen allerdings in diesem sch\u00f6nen Land bleiben, wo die Alternativroute von Winnebach \u00fcber Bozen und Meran zur Schweizer Grenze f\u00fchrt. Wobei unser Vorhaben, nach ca. 150km in Bozen endet. Wir brauchen schlie\u00dflich 2023 auch einen gemeinsamen Weg \ud83d\ude42 .<br \/>\nDie Stimmung ist ein wenig getr\u00fcbt, Annelies wurde krank und kann morgen nicht mit uns fahren \ud83d\ude41 . Aber wenn es die Gesundheit zul\u00e4sst, kommt sie am Montag nach Brixen nach und vervollst\u00e4ndigt zumindest die letzten Tage unser Team.<br \/>\nEine sch\u00f6ne Tour w\u00fcnschen sich O + R <\/p>\n","protected":false},"excerpt":{"rendered":"<p>Da es im Vorjahr zu sechst super gepasst hat, wollen wir auch in diesem Jahr gemeinsam ein St\u00fcck wandern. Diesmal soll es der Jakobsweg in S\u00fcdtirol sein. Obwohl viele Kapellen und Kirchen dem Hl. Jakobus geweiht wurden, ist es eine weniger bekannte Wegstrecke. Sogar die S\u00fcdtiroler die wir am Camino Frances trafen waren \u00fcberrascht. Die paar Pilger w\u00e4hlen dann eher den Weg \u00fcber den Brenner, Richtung Innsbruck. Sie gehen also nur ein St\u00fcck in S\u00fcdtirol. Wir wollen allerdings in diesem&#8230;<\/p>\n<p class=\"read-more\"><a class=\"btn btn-default\" href=\"http:\/\/westwaerts-jakobsweg.at\/?p=18095\">Weiterlesen<span class=\"screen-reader-text\"> Weiterlesen<\/span><\/a><\/p>\n","protected":false},"author":1,"featured_media":0,"comment_status":"open","ping_status":"open","sticky":false,"template":"","format":"standard","meta":{"footnotes":""},"categories":[43,46],"tags":[],"_links":{"self":[{"href":"http:\/\/westwaerts-jakobsweg.at\/index.php?rest_route=\/wp\/v2\/posts\/18095"}],"collection":[{"href":"http:\/\/westwaerts-jakobsweg.at\/index.php?rest_route=\/wp\/v2\/posts"}],"about":[{"href":"http:\/\/westwaerts-jakobsweg.at\/index.php?rest_route=\/wp\/v2\/types\/post"}],"author":[{"embeddable":true,"href":"http:\/\/westwaerts-jakobsweg.at\/index.php?rest_route=\/wp\/v2\/users\/1"}],"replies":[{"embeddable":true,"href":"http:\/\/westwaerts-jakobsweg.at\/index.php?rest_route=%2Fwp%2Fv2%2Fcomments&post=18095"}],"version-history":[{"count":0,"href":"http:\/\/westwaerts-jakobsweg.at\/index.php?rest_route=\/wp\/v2\/posts\/18095\/revisions"}],"wp:attachment":[{"href":"http:\/\/westwaerts-jakobsweg.at\/index.php?rest_route=%2Fwp%2Fv2%2Fmedia&parent=18095"}],"wp:term":[{"taxonomy":"category","embeddable":true,"href":"http:\/\/westwaerts-jakobsweg.at\/index.php?rest_route=%2Fwp%2Fv2%2Fcategories&post=18095"},{"taxonomy":"post_tag","embeddable":true,"href":"http:\/\/westwaerts-jakobsweg.at\/index.php?rest_route=%2Fwp%2Fv2%2Ftags&post=18095"}],"curies":[{"name":"wp","href":"https:\/\/api.w.org\/{rel}","templated":true}]}}