{"id":18193,"date":"2022-05-25T16:30:59","date_gmt":"2022-05-25T14:30:59","guid":{"rendered":"http:\/\/westwaerts-jakobsweg.at\/?p=18193"},"modified":"2022-06-06T11:46:45","modified_gmt":"2022-06-06T09:46:45","slug":"j-w-suedtirol-tag-6","status":"publish","type":"post","link":"http:\/\/westwaerts-jakobsweg.at\/?p=18193","title":{"rendered":"J.W. S\u00fcdtirol Tag 6"},"content":{"rendered":"<p>Brixen &#8211; zw. \u00a0Villanders und Barbian \u00a025.5km (128.6km)<\/p>\n<p>In der Nacht gab es wieder einmal ein Gewitter, danach Regen und der blieb uns den ganzen Wandertag erhalten &#x1f974; . Naja, immer kann man eben kein Gl\u00fcck haben.<br \/>\nMichael trifft sich heute mit Freunden aus Brixen, er kommt am Abend in die Unterkunft nach.<br \/>\nDer Weg geht entlang der Uferpromenade aber welches Ufer denn?<br \/>\nDie nette Dame von der B\u00e4ckerei erkl\u00e4rte uns, dass die Rienz und die Eisack eins werden, und auch wie man zur Promenade kommt.<br \/>\nZu viert schlapften wir los. Apfelplantagen und Weing\u00e4rten am Weg. Wir befinden uns ab jetzt im Eisacktal.<br \/>\nBald trennten sich unsere Wege. Wegen dem Regen entschieden sich Monika und Margit am Radweg bis Klausen zu gehen. Wir wollten \u00fcber den Berg, am Kerschtnweg (Kastanienweg) dort hin. Angeblich ein sehr sch\u00f6ner Weg mit einigen Sehensw\u00fcrdigkeiten.<br \/>\nAm Weg hinauf trafen wir zum Gl\u00fcck eine Frau, die uns erz\u00e4hlte, B\u00e4ume seien umgest\u00fcrzt, sie liegen kreuz und quer und wir werden da nicht durchkommen.<br \/>\nAlso alles wieder zur\u00fcck und auch f\u00fcr uns blieb nix anderes als der Radweg nach Klausen. Wegen dem Regen waren wir schnell dort. Hoch oben thront auf einem Felsen das Kloster S\u00e4ben.<br \/>\nKaffeepause mit einem hervorragenden Apfelstrudel konsumiert und durch das liebe St\u00e4dtchen spaziert, schade dass es so sch\u00fcttete.<br \/>\nIn Klausen beginnt der Aufstieg nach Villanders. Ein Wanderweg, uff, der ist steil und rutschig im Regen. Zu Beginn gabs noch sch\u00f6ne Aussichten ins Tal. Auf den H\u00e4ngen gegen\u00fcber kleine Ortschaften und Bauernh\u00e4user. Bald kam der Nebel und wir sahen nix mehr &#x1f60e; .<br \/>\nVon Villanders geht es laut Michael eben zu unserer Unterkunft.<br \/>\nDer ebene Weg h\u00f6rt bald auf und zum Bauernhof Mitterhofer geht es weiter steil bergauf, informierte uns eine Frau. Aber in f\u00fcnf Minuten k\u00e4me ein Bus, der bringt uns ein gutes St\u00fcck hinauf. Da waren wir nach \u00fcber 25km im Regen sofort einverstanden &#x1f92a; .<br \/>\nEin herzlicher Empfang in unserer Unterkunft, es wurde eingeheizt, wir bekamen einen Kaffee und von der herrlich warmen Dusche konnten wir uns nur schwer trennen.<br \/>\nDer Regen h\u00f6rte auf, sogar die Sonne kam hervor. Der Nebel verfl\u00fcchtigte sich und die Dolomiten zeigten sich in voller Pracht.<br \/>\nPl\u00f6tzlich stand Annelies da &#x1f970; . Sie hat ihre Krankheit \u00fcberstanden und wollte uns \u00fcberraschen. Das ist ihr bestens gelungen. Hurra, wir freuten uns riesig &#x1f60d; .<br \/>\nWeil es da kein Gasthaus gibt, kocht die B\u00e4uerin f\u00fcr uns, das finden wir unglaublich nett. Es gibt eine Kn\u00f6delsuppe und einen Kaiserschmarrn &#x1f60b; .<br \/>\nMahlzeit sagen O + R<\/p>\n<p>Unterkunft: nach Villanders und vor Barbian<br \/>\nBauernhof Mitterhofer, Stofls 11 Tel.: +39 0472843384<\/p>\n<div id='gallery-1' class='gallery galleryid-18193 gallery-columns-3 gallery-size-thumbnail'><figure class='gallery-item'>\n\t\t\t<div class='gallery-icon portrait'>\n\t\t\t\t<a href='http:\/\/westwaerts-jakobsweg.at\/?attachment_id=18206'><img loading=\"lazy\" decoding=\"async\" width=\"150\" height=\"150\" src=\"http:\/\/westwaerts-jakobsweg.at\/wp-content\/uploads\/2022\/05\/9EA87BE8-74B9-49C4-8CAD-68434621010C-150x150.jpeg\" class=\"attachment-thumbnail size-thumbnail\" alt=\"\" aria-describedby=\"gallery-1-18206\" \/><\/a>\n\t\t\t<\/div>\n\t\t\t\t<figcaption class='wp-caption-text gallery-caption' id='gallery-1-18206'>\n\t\t\t\tPromenadenweg von Brixen hinaus\n\t\t\t\t<\/figcaption><\/figure><figure class='gallery-item'>\n\t\t\t<div class='gallery-icon landscape'>\n\t\t\t\t<a href='http:\/\/westwaerts-jakobsweg.at\/?attachment_id=18207'><img loading=\"lazy\" decoding=\"async\" width=\"150\" height=\"150\" src=\"http:\/\/westwaerts-jakobsweg.at\/wp-content\/uploads\/2022\/05\/4BB58096-FB52-4F2C-AB80-FF6772D10E35-150x150.jpeg\" class=\"attachment-thumbnail size-thumbnail\" alt=\"\" \/><\/a>\n\t\t\t<\/div><\/figure><figure class='gallery-item'>\n\t\t\t<div class='gallery-icon landscape'>\n\t\t\t\t<a href='http:\/\/westwaerts-jakobsweg.at\/?attachment_id=18215'><img loading=\"lazy\" decoding=\"async\" width=\"150\" height=\"150\" src=\"http:\/\/westwaerts-jakobsweg.at\/wp-content\/uploads\/2022\/05\/E068B2C5-732C-4083-824E-EEE2BA71AE66-150x150.jpeg\" class=\"attachment-thumbnail size-thumbnail\" alt=\"\" \/><\/a>\n\t\t\t<\/div><\/figure><figure class='gallery-item'>\n\t\t\t<div class='gallery-icon landscape'>\n\t\t\t\t<a href='http:\/\/westwaerts-jakobsweg.at\/?attachment_id=18209'><img loading=\"lazy\" decoding=\"async\" width=\"150\" height=\"150\" src=\"http:\/\/westwaerts-jakobsweg.at\/wp-content\/uploads\/2022\/05\/0C1FEE6D-8274-4B61-88A7-5B1878C9FA28-150x150.jpeg\" class=\"attachment-thumbnail size-thumbnail\" alt=\"\" \/><\/a>\n\t\t\t<\/div><\/figure><figure class='gallery-item'>\n\t\t\t<div class='gallery-icon landscape'>\n\t\t\t\t<a href='http:\/\/westwaerts-jakobsweg.at\/?attachment_id=18208'><img loading=\"lazy\" decoding=\"async\" width=\"150\" height=\"150\" src=\"http:\/\/westwaerts-jakobsweg.at\/wp-content\/uploads\/2022\/05\/EB14C14A-8498-4EAA-9F62-EB099AA77156-150x150.jpeg\" class=\"attachment-thumbnail size-thumbnail\" alt=\"\" aria-describedby=\"gallery-1-18208\" \/><\/a>\n\t\t\t<\/div>\n\t\t\t\t<figcaption class='wp-caption-text gallery-caption' id='gallery-1-18208'>\n\t\t\t\tRadweg Richtung Klausen\n\t\t\t\t<\/figcaption><\/figure><figure class='gallery-item'>\n\t\t\t<div class='gallery-icon landscape'>\n\t\t\t\t<a href='http:\/\/westwaerts-jakobsweg.at\/?attachment_id=18212'><img loading=\"lazy\" decoding=\"async\" width=\"150\" height=\"150\" src=\"http:\/\/westwaerts-jakobsweg.at\/wp-content\/uploads\/2022\/05\/71679B4D-8BAD-4392-9E72-E187F850C05C-150x150.jpeg\" class=\"attachment-thumbnail size-thumbnail\" alt=\"\" aria-describedby=\"gallery-1-18212\" \/><\/a>\n\t\t\t<\/div>\n\t\t\t\t<figcaption class='wp-caption-text gallery-caption' id='gallery-1-18212'>\n\t\t\t\tKloster S\u00e4ben bei Klausen\n\t\t\t\t<\/figcaption><\/figure><figure class='gallery-item'>\n\t\t\t<div class='gallery-icon landscape'>\n\t\t\t\t<a href='http:\/\/westwaerts-jakobsweg.at\/?attachment_id=18214'><img loading=\"lazy\" decoding=\"async\" width=\"150\" height=\"150\" src=\"http:\/\/westwaerts-jakobsweg.at\/wp-content\/uploads\/2022\/05\/A6BD8070-9E18-408D-85F3-80FA4A47D284-150x150.jpeg\" class=\"attachment-thumbnail size-thumbnail\" alt=\"\" aria-describedby=\"gallery-1-18214\" \/><\/a>\n\t\t\t<\/div>\n\t\t\t\t<figcaption class='wp-caption-text gallery-caption' id='gallery-1-18214'>\n\t\t\t\tin Klausen&#8230;\n\t\t\t\t<\/figcaption><\/figure><figure class='gallery-item'>\n\t\t\t<div class='gallery-icon portrait'>\n\t\t\t\t<a href='http:\/\/westwaerts-jakobsweg.at\/?attachment_id=18210'><img loading=\"lazy\" decoding=\"async\" width=\"150\" height=\"150\" src=\"http:\/\/westwaerts-jakobsweg.at\/wp-content\/uploads\/2022\/05\/8B48005A-B0D4-44D6-8039-0FF0AB445AD0-150x150.jpeg\" class=\"attachment-thumbnail size-thumbnail\" alt=\"\" aria-describedby=\"gallery-1-18210\" \/><\/a>\n\t\t\t<\/div>\n\t\t\t\t<figcaption class='wp-caption-text gallery-caption' id='gallery-1-18210'>\n\t\t\t\t&#8230;beginnt der Aufstieg nach Villanders\n\t\t\t\t<\/figcaption><\/figure><figure class='gallery-item'>\n\t\t\t<div class='gallery-icon landscape'>\n\t\t\t\t<a href='http:\/\/westwaerts-jakobsweg.at\/?attachment_id=18211'><img loading=\"lazy\" decoding=\"async\" width=\"150\" height=\"150\" src=\"http:\/\/westwaerts-jakobsweg.at\/wp-content\/uploads\/2022\/05\/77E1429B-2D4F-42C4-B651-94252C6603F8-150x150.jpeg\" class=\"attachment-thumbnail size-thumbnail\" alt=\"\" aria-describedby=\"gallery-1-18211\" \/><\/a>\n\t\t\t<\/div>\n\t\t\t\t<figcaption class='wp-caption-text gallery-caption' id='gallery-1-18211'>\n\t\t\t\tbald beim Bauernhof Mitterhofer\n\t\t\t\t<\/figcaption><\/figure><figure class='gallery-item'>\n\t\t\t<div class='gallery-icon landscape'>\n\t\t\t\t<a href='http:\/\/westwaerts-jakobsweg.at\/?attachment_id=18213'><img loading=\"lazy\" decoding=\"async\" width=\"150\" height=\"150\" src=\"http:\/\/westwaerts-jakobsweg.at\/wp-content\/uploads\/2022\/05\/DD8B9DFB-745F-4E42-8921-B459E8F08EA8-150x150.jpeg\" class=\"attachment-thumbnail size-thumbnail\" alt=\"\" aria-describedby=\"gallery-1-18213\" \/><\/a>\n\t\t\t<\/div>\n\t\t\t\t<figcaption class='wp-caption-text gallery-caption' id='gallery-1-18213'>\n\t\t\t\tdie Dolomiten dr\u00e4ngen sich durch den Nebel\n\t\t\t\t<\/figcaption><\/figure>\n\t\t<\/div>\n\n","protected":false},"excerpt":{"rendered":"<p>Brixen &#8211; zw. \u00a0Villanders und Barbian \u00a025.5km (128.6km) In der Nacht gab es wieder einmal ein Gewitter, danach Regen und der blieb uns den ganzen Wandertag erhalten &#x1f974; . Naja, immer kann man eben kein Gl\u00fcck haben. Michael trifft sich heute mit Freunden aus Brixen, er kommt am Abend in die Unterkunft nach. Der Weg geht entlang der Uferpromenade aber welches Ufer denn? Die nette Dame von der B\u00e4ckerei erkl\u00e4rte uns, dass die Rienz und die Eisack eins werden, und&#8230;<\/p>\n<p class=\"read-more\"><a class=\"btn btn-default\" href=\"http:\/\/westwaerts-jakobsweg.at\/?p=18193\">Weiterlesen<span class=\"screen-reader-text\"> Weiterlesen<\/span><\/a><\/p>\n","protected":false},"author":1,"featured_media":0,"comment_status":"open","ping_status":"open","sticky":false,"template":"","format":"standard","meta":{"footnotes":""},"categories":[43,46],"tags":[],"_links":{"self":[{"href":"http:\/\/westwaerts-jakobsweg.at\/index.php?rest_route=\/wp\/v2\/posts\/18193"}],"collection":[{"href":"http:\/\/westwaerts-jakobsweg.at\/index.php?rest_route=\/wp\/v2\/posts"}],"about":[{"href":"http:\/\/westwaerts-jakobsweg.at\/index.php?rest_route=\/wp\/v2\/types\/post"}],"author":[{"embeddable":true,"href":"http:\/\/westwaerts-jakobsweg.at\/index.php?rest_route=\/wp\/v2\/users\/1"}],"replies":[{"embeddable":true,"href":"http:\/\/westwaerts-jakobsweg.at\/index.php?rest_route=%2Fwp%2Fv2%2Fcomments&post=18193"}],"version-history":[{"count":0,"href":"http:\/\/westwaerts-jakobsweg.at\/index.php?rest_route=\/wp\/v2\/posts\/18193\/revisions"}],"wp:attachment":[{"href":"http:\/\/westwaerts-jakobsweg.at\/index.php?rest_route=%2Fwp%2Fv2%2Fmedia&parent=18193"}],"wp:term":[{"taxonomy":"category","embeddable":true,"href":"http:\/\/westwaerts-jakobsweg.at\/index.php?rest_route=%2Fwp%2Fv2%2Fcategories&post=18193"},{"taxonomy":"post_tag","embeddable":true,"href":"http:\/\/westwaerts-jakobsweg.at\/index.php?rest_route=%2Fwp%2Fv2%2Ftags&post=18193"}],"curies":[{"name":"wp","href":"https:\/\/api.w.org\/{rel}","templated":true}]}}