{"id":19701,"date":"2023-05-27T17:29:26","date_gmt":"2023-05-27T15:29:26","guid":{"rendered":"http:\/\/westwaerts-jakobsweg.at\/?p=19701"},"modified":"2023-06-05T13:16:57","modified_gmt":"2023-06-05T11:16:57","slug":"jw-suedtirol-2-tag-6","status":"publish","type":"post","link":"http:\/\/westwaerts-jakobsweg.at\/?p=19701","title":{"rendered":"JW S\u00fcdtirol 2 Tag 6"},"content":{"rendered":"<p>Schlanders &#8211; Prad am Stilfserjoch 22.5km (108km)<\/p>\n<p>Schlanders ist der Hauptort des Vinschgaues. Hier gibt es haupts\u00e4chlich Marillen und \u00c4pfel erz\u00e4hlte der Wirt und w\u00fcnschte uns einen sch\u00f6nen Wandertag bei dem herrlichen Wetter.<br \/>\nWie in den letzten Tagen geht es hinauf zu einem Waalweg, die wir besonders sch\u00f6n finden. Vorbei beim romanischen Kirchlein St. \u00c4gidius ober Kortsch. Ein nettes Gespr\u00e4ch mit einem Ehepaar. Die Frau war schon am Camino Frances unterwegs aber das direkt beim Haus von ihnen der Jakobsweg vorbeif\u00fchrt, das erfuhren sie von uns &#x1f602; . In Kortsch besuchten wir den Hl.Jakob in der Pfarrkirche, jetzt wei\u00df auch der Messner das er dort steht &#x1f609; .<br \/>\nStetig ansteigend stapften wir durchs Wiesen\/Weideland zu unserer Pause in Allitz und weiter schl\u00e4ngelte sich der Weg durch Obstg\u00e4rten zum Marmordorf Laas. Wo der wei\u00dfe Marmor abgebaut wird ist allerdings nicht ersichtlich.<br \/>\nNach dem \u00dcberqueren der Geleise der Marmorbahn, f\u00fchrt ein gem\u00fctlicher Wanderweg an der Nordseite des Tales Richtung Tschengls. Vorbei bei einer Schwefelquelle, wieder durch Obstg\u00e4rten, ein angenehmes L\u00fcftchen k\u00fchlt, vor uns die schneebedeckten Berge, eine herrliche Ruhe.<br \/>\nTschengls liegt auf einer Anh\u00f6he. Alte Bauernh\u00e4user werden von der Tschenglsburg \u00fcberragt. Ein schattiges Rastplatzerl vor der sch\u00f6nen, gotischen Pfarrkirche. Ein Marmorbrunnen spendete uns eiskaltes Wasser.<br \/>\nNoch einmal keuchten wir einen G\u00fcterweg hinauf. Inmitten der Obstg\u00e4rten steht die Ottilia Kapelle, leider geschlossen. Von da sieht man bereits hinunter nach Prad. Endlich gings auch f\u00fcr uns abw\u00e4rts.<br \/>\nMorgen haben wir eine Wanderpause, da sind wir dann Touris &#x1f60a; .<br \/>\nDarauf freuen sich O+ R<\/p>\n<p>Unterkunft: Ortlerhof, bei Fam. Ortler<br \/>\nHauptstra\u00dfe 28 Tel.: +39 3496203683<\/p>\n<p>PS.: Hab Laas gegoogelt. Laaser Marmor wird vom Berg per Schienentransport ins Tal bef\u00f6rdert. Die Schienen sahen wir allerdings.<br \/>\nDie Kirche in der Innenstadt ist zum Teil aus wei\u00dfen Marmor, das \u00fcbersahen wir leider &#x1f97a;<\/p>\n<p><div id='gallery-1' class='gallery galleryid-19701 gallery-columns-3 gallery-size-thumbnail'><figure class='gallery-item'>\n\t\t\t<div class='gallery-icon portrait'>\n\t\t\t\t<a href='http:\/\/westwaerts-jakobsweg.at\/?attachment_id=19707'><img loading=\"lazy\" decoding=\"async\" width=\"150\" height=\"150\" src=\"http:\/\/westwaerts-jakobsweg.at\/wp-content\/uploads\/2023\/05\/E6C0947F-124D-4819-8A71-303990F7D83F-150x150.jpeg\" class=\"attachment-thumbnail size-thumbnail\" alt=\"\" aria-describedby=\"gallery-1-19707\" \/><\/a>\n\t\t\t<\/div>\n\t\t\t\t<figcaption class='wp-caption-text gallery-caption' id='gallery-1-19707'>\n\t\t\t\tKirche von Schlanders\n\t\t\t\t<\/figcaption><\/figure><figure class='gallery-item'>\n\t\t\t<div class='gallery-icon landscape'>\n\t\t\t\t<a href='http:\/\/westwaerts-jakobsweg.at\/?attachment_id=19708'><img loading=\"lazy\" decoding=\"async\" width=\"150\" height=\"150\" src=\"http:\/\/westwaerts-jakobsweg.at\/wp-content\/uploads\/2023\/05\/D430B172-4862-41F2-B15B-87E13E0DA8B0-150x150.jpeg\" class=\"attachment-thumbnail size-thumbnail\" alt=\"\" aria-describedby=\"gallery-1-19708\" \/><\/a>\n\t\t\t<\/div>\n\t\t\t\t<figcaption class='wp-caption-text gallery-caption' id='gallery-1-19708'>\n\t\t\t\tzum Waalweg nach Kortsch\n\t\t\t\t<\/figcaption><\/figure><figure class='gallery-item'>\n\t\t\t<div class='gallery-icon portrait'>\n\t\t\t\t<a href='http:\/\/westwaerts-jakobsweg.at\/?attachment_id=19709'><img loading=\"lazy\" decoding=\"async\" width=\"150\" height=\"150\" src=\"http:\/\/westwaerts-jakobsweg.at\/wp-content\/uploads\/2023\/05\/EF3A2E0A-124D-4022-BC19-465973876317-150x150.jpeg\" class=\"attachment-thumbnail size-thumbnail\" alt=\"\" aria-describedby=\"gallery-1-19709\" \/><\/a>\n\t\t\t<\/div>\n\t\t\t\t<figcaption class='wp-caption-text gallery-caption' id='gallery-1-19709'>\n\t\t\t\tHl.Jakob in der Kirche von Kortsch\n\t\t\t\t<\/figcaption><\/figure><figure class='gallery-item'>\n\t\t\t<div class='gallery-icon portrait'>\n\t\t\t\t<a href='http:\/\/westwaerts-jakobsweg.at\/?attachment_id=19710'><img loading=\"lazy\" decoding=\"async\" width=\"150\" height=\"150\" src=\"http:\/\/westwaerts-jakobsweg.at\/wp-content\/uploads\/2023\/05\/AFA2CFD6-48C5-4FCE-B91B-A82244B8EB15-150x150.jpeg\" class=\"attachment-thumbnail size-thumbnail\" alt=\"\" aria-describedby=\"gallery-1-19710\" \/><\/a>\n\t\t\t<\/div>\n\t\t\t\t<figcaption class='wp-caption-text gallery-caption' id='gallery-1-19710'>\n\t\t\t\tbald bei einer Pause \ud83d\ude42\n\t\t\t\t<\/figcaption><\/figure><figure class='gallery-item'>\n\t\t\t<div class='gallery-icon portrait'>\n\t\t\t\t<a href='http:\/\/westwaerts-jakobsweg.at\/?attachment_id=19711'><img loading=\"lazy\" decoding=\"async\" width=\"150\" height=\"150\" src=\"http:\/\/westwaerts-jakobsweg.at\/wp-content\/uploads\/2023\/05\/9F1FF43A-986A-462C-831B-E7528DD39131-150x150.jpeg\" class=\"attachment-thumbnail size-thumbnail\" alt=\"\" aria-describedby=\"gallery-1-19711\" \/><\/a>\n\t\t\t<\/div>\n\t\t\t\t<figcaption class='wp-caption-text gallery-caption' id='gallery-1-19711'>\n\t\t\t\tSchwefelquelle &#8222;Stinkabrunn&#8220;\n\t\t\t\t<\/figcaption><\/figure><figure class='gallery-item'>\n\t\t\t<div class='gallery-icon portrait'>\n\t\t\t\t<a href='http:\/\/westwaerts-jakobsweg.at\/?attachment_id=19714'><img loading=\"lazy\" decoding=\"async\" width=\"150\" height=\"150\" src=\"http:\/\/westwaerts-jakobsweg.at\/wp-content\/uploads\/2023\/05\/9C953325-E68D-4E48-9048-3BE02F9332BE-150x150.jpeg\" class=\"attachment-thumbnail size-thumbnail\" alt=\"\" aria-describedby=\"gallery-1-19714\" \/><\/a>\n\t\t\t<\/div>\n\t\t\t\t<figcaption class='wp-caption-text gallery-caption' id='gallery-1-19714'>\n\t\t\t\tKirche in Tschengls\n\t\t\t\t<\/figcaption><\/figure><figure class='gallery-item'>\n\t\t\t<div class='gallery-icon landscape'>\n\t\t\t\t<a href='http:\/\/westwaerts-jakobsweg.at\/?attachment_id=19712'><img loading=\"lazy\" decoding=\"async\" width=\"150\" height=\"150\" src=\"http:\/\/westwaerts-jakobsweg.at\/wp-content\/uploads\/2023\/05\/CBD8A8AF-60E2-4C65-A541-5A560ADB7ADE-150x150.jpeg\" class=\"attachment-thumbnail size-thumbnail\" alt=\"\" \/><\/a>\n\t\t\t<\/div><\/figure><figure class='gallery-item'>\n\t\t\t<div class='gallery-icon landscape'>\n\t\t\t\t<a href='http:\/\/westwaerts-jakobsweg.at\/?attachment_id=19713'><img loading=\"lazy\" decoding=\"async\" width=\"150\" height=\"150\" src=\"http:\/\/westwaerts-jakobsweg.at\/wp-content\/uploads\/2023\/05\/2E6989C4-F4DB-4A08-9A58-4B7EA7EC2C7A-150x150.jpeg\" class=\"attachment-thumbnail size-thumbnail\" alt=\"\" aria-describedby=\"gallery-1-19713\" \/><\/a>\n\t\t\t<\/div>\n\t\t\t\t<figcaption class='wp-caption-text gallery-caption' id='gallery-1-19713'>\n\t\t\t\tam Weg nach Prad \n\t\t\t\t<\/figcaption><\/figure><figure class='gallery-item'>\n\t\t\t<div class='gallery-icon landscape'>\n\t\t\t\t<a href='http:\/\/westwaerts-jakobsweg.at\/?attachment_id=19715'><img loading=\"lazy\" decoding=\"async\" width=\"150\" height=\"150\" src=\"http:\/\/westwaerts-jakobsweg.at\/wp-content\/uploads\/2023\/05\/42B78DD8-8C74-4729-803F-9CCF2AF4B71B-150x150.jpeg\" class=\"attachment-thumbnail size-thumbnail\" alt=\"\" aria-describedby=\"gallery-1-19715\" \/><\/a>\n\t\t\t<\/div>\n\t\t\t\t<figcaption class='wp-caption-text gallery-caption' id='gallery-1-19715'>\n\t\t\t\tSt.Ottilia Kapelle\n\t\t\t\t<\/figcaption><\/figure><figure class='gallery-item'>\n\t\t\t<div class='gallery-icon landscape'>\n\t\t\t\t<a href='http:\/\/westwaerts-jakobsweg.at\/?attachment_id=19716'><img loading=\"lazy\" decoding=\"async\" width=\"150\" height=\"150\" src=\"http:\/\/westwaerts-jakobsweg.at\/wp-content\/uploads\/2023\/05\/143B1FEE-C55D-47B6-BA61-BE30BB2474BC-150x150.jpeg\" class=\"attachment-thumbnail size-thumbnail\" alt=\"\" aria-describedby=\"gallery-1-19716\" \/><\/a>\n\t\t\t<\/div>\n\t\t\t\t<figcaption class='wp-caption-text gallery-caption' id='gallery-1-19716'>\n\t\t\t\tPrad a. Stilfserjoch\n\t\t\t\t<\/figcaption><\/figure>\n\t\t<\/div>\n<iframe loading=\"lazy\" src=\"https:\/\/www.komoot.de\/tour\/1135687928\/embed?share_token=aKHH44bpkuGttKOA6RQxPtSewxSNdSBzu3whkM3rKu1FTrhyKM&#038;profile=1\" width=\"640\" height=\"700\" frameborder=\"0\" scrolling=\"no\"><\/iframe><\/p>\n","protected":false},"excerpt":{"rendered":"<p>Schlanders &#8211; Prad am Stilfserjoch 22.5km (108km) Schlanders ist der Hauptort des Vinschgaues. Hier gibt es haupts\u00e4chlich Marillen und \u00c4pfel erz\u00e4hlte der Wirt und w\u00fcnschte uns einen sch\u00f6nen Wandertag bei dem herrlichen Wetter. Wie in den letzten Tagen geht es hinauf zu einem Waalweg, die wir besonders sch\u00f6n finden. Vorbei beim romanischen Kirchlein St. \u00c4gidius ober Kortsch. Ein nettes Gespr\u00e4ch mit einem Ehepaar. Die Frau war schon am Camino Frances unterwegs aber das direkt beim Haus von ihnen der Jakobsweg&#8230;<\/p>\n<p class=\"read-more\"><a class=\"btn btn-default\" href=\"http:\/\/westwaerts-jakobsweg.at\/?p=19701\">Weiterlesen<span class=\"screen-reader-text\"> Weiterlesen<\/span><\/a><\/p>\n","protected":false},"author":1,"featured_media":0,"comment_status":"open","ping_status":"open","sticky":false,"template":"","format":"standard","meta":{"footnotes":""},"categories":[49,48],"tags":[],"_links":{"self":[{"href":"http:\/\/westwaerts-jakobsweg.at\/index.php?rest_route=\/wp\/v2\/posts\/19701"}],"collection":[{"href":"http:\/\/westwaerts-jakobsweg.at\/index.php?rest_route=\/wp\/v2\/posts"}],"about":[{"href":"http:\/\/westwaerts-jakobsweg.at\/index.php?rest_route=\/wp\/v2\/types\/post"}],"author":[{"embeddable":true,"href":"http:\/\/westwaerts-jakobsweg.at\/index.php?rest_route=\/wp\/v2\/users\/1"}],"replies":[{"embeddable":true,"href":"http:\/\/westwaerts-jakobsweg.at\/index.php?rest_route=%2Fwp%2Fv2%2Fcomments&post=19701"}],"version-history":[{"count":0,"href":"http:\/\/westwaerts-jakobsweg.at\/index.php?rest_route=\/wp\/v2\/posts\/19701\/revisions"}],"wp:attachment":[{"href":"http:\/\/westwaerts-jakobsweg.at\/index.php?rest_route=%2Fwp%2Fv2%2Fmedia&parent=19701"}],"wp:term":[{"taxonomy":"category","embeddable":true,"href":"http:\/\/westwaerts-jakobsweg.at\/index.php?rest_route=%2Fwp%2Fv2%2Fcategories&post=19701"},{"taxonomy":"post_tag","embeddable":true,"href":"http:\/\/westwaerts-jakobsweg.at\/index.php?rest_route=%2Fwp%2Fv2%2Ftags&post=19701"}],"curies":[{"name":"wp","href":"https:\/\/api.w.org\/{rel}","templated":true}]}}