{"id":19732,"date":"2023-05-29T18:50:06","date_gmt":"2023-05-29T16:50:06","guid":{"rendered":"http:\/\/westwaerts-jakobsweg.at\/?p=19732"},"modified":"2023-06-05T13:13:49","modified_gmt":"2023-06-05T11:13:49","slug":"jw-suedtirol-2-tag-7-2","status":"publish","type":"post","link":"http:\/\/westwaerts-jakobsweg.at\/?p=19732","title":{"rendered":"JW S\u00fcdtirol 2 Tag 8"},"content":{"rendered":"<p>Prad am Stilfserjoch &#8211; Kloster Marienberg 17.8km (125.8km)<\/p>\n<p>Vom Fenster unserer Unterkunft sehen wir bis zum Kloster Marienberg, wo wir heute und morgen schlafen &#x1f60e; .<br \/>\nNach einem gef\u00fchlten Kilo von frischen Erdbeeren mit Joghurt intus, kamen wir zum Gl\u00fcck zu einem gem\u00fctlichen, sch\u00f6nen Weg. Durch Aguns und Lichtenberg, oberhalb des Dorfes steht die gleichnamige Burg. Alte Weidenb\u00e4ume und nat\u00fcrlich wieder Obstg\u00e4rten s\u00e4umen den Weg. Immer wieder zeigte sich das Kloster aber es kommt nicht n\u00e4her hat man das Gef\u00fchl.<br \/>\nEin kleiner Abstecher zur \u00e4ltesten Jakobskirche Tirols. Leider war sie versperrt. Ein Kreuzweg bringt uns zum mittelalterlichen St\u00e4dtchen Glurns. Es ist die kleinste Stadt S\u00fcdtirols und die einzige, die noch eine komplett erhaltene Stadtmauer hat. Noch durch das Stadttor, bei einer Pause die h\u00fcbschen, alten B\u00fcrgerh\u00e4user bewundert und durch das Malser Tor die Stadt verlassen.<br \/>\nAuf der anderen Talseite erreichten wir Mals. Ab da gings den Sonnensteig hinauf zu einem, wie immmer, wundersch\u00f6nen Waalweg. Auf der anderen Seite jetzt, hoch oben thront pr\u00e4chtig \u201eunser\u201c Kloster. Durch die Malser Haide, mit vielen Wiesenblumen, steuert man das Kloster an. Schade, dass es da hin\u00fcber keine H\u00e4ngebr\u00fccke gibt &#x1f61c; . So mussten wir hinunter nach Burgeis zu einer weiteren Pause und einen Apfelstrudel mit Kaffee konsumieren, wie grauslich &#x1f602; .<br \/>\n\u00dcber einen steilen Steig keuchten wir anschlie\u00dfend zum Kloster hinauf. Ein sehr netter Empfang. F\u00fcr uns war das einzige Doppelzimmer reserviert, wow das ist echt sch\u00f6n, mit einem zus\u00e4tzlichen \u201eL\u00fcmmelraum, den man \u00fcber Stiegen erreicht &#x1f44d; .<br \/>\nDas Kloster Marienberg ist mit 1.345m, die h\u00f6chstgelegene Benediktinerabtei Europas. Es wurde im 11.Jh. gegr\u00fcndet, im Konvent findet man den Hl.Jakob an einem Altarfl\u00fcgel.<br \/>\nHeut gabs in einem riesigen Suppenteller eine gute Klostersuppe mit Brot.<br \/>\nEinen sch\u00f6nen Abend w\u00fcnschen O + R<\/p>\n<p>Unterkunft: Stift Marienberg, Pater Kuschmann<br \/>\nSchlinig 1  Tel.: +39 0473843980<br \/>\n<div id='gallery-1' class='gallery galleryid-19732 gallery-columns-3 gallery-size-thumbnail'><figure class='gallery-item'>\n\t\t\t<div class='gallery-icon portrait'>\n\t\t\t\t<a href='http:\/\/westwaerts-jakobsweg.at\/?attachment_id=19760'><img loading=\"lazy\" decoding=\"async\" width=\"150\" height=\"150\" src=\"http:\/\/westwaerts-jakobsweg.at\/wp-content\/uploads\/2023\/05\/63C6ACD7-D329-4207-B56A-CE0475858206-150x150.jpeg\" class=\"attachment-thumbnail size-thumbnail\" alt=\"\" aria-describedby=\"gallery-1-19760\" \/><\/a>\n\t\t\t<\/div>\n\t\t\t\t<figcaption class='wp-caption-text gallery-caption' id='gallery-1-19760'>\n\t\t\t\tin Aguns bei Prad\n\t\t\t\t<\/figcaption><\/figure><figure class='gallery-item'>\n\t\t\t<div class='gallery-icon landscape'>\n\t\t\t\t<a href='http:\/\/westwaerts-jakobsweg.at\/?attachment_id=19761'><img loading=\"lazy\" decoding=\"async\" width=\"150\" height=\"150\" src=\"http:\/\/westwaerts-jakobsweg.at\/wp-content\/uploads\/2023\/05\/53A91349-3D63-49EA-8304-22166FC896B7-150x150.jpeg\" class=\"attachment-thumbnail size-thumbnail\" alt=\"\" \/><\/a>\n\t\t\t<\/div><\/figure><figure class='gallery-item'>\n\t\t\t<div class='gallery-icon landscape'>\n\t\t\t\t<a href='http:\/\/westwaerts-jakobsweg.at\/?attachment_id=19762'><img loading=\"lazy\" decoding=\"async\" width=\"150\" height=\"150\" src=\"http:\/\/westwaerts-jakobsweg.at\/wp-content\/uploads\/2023\/05\/16475E62-57CF-411C-9CD6-246D9BBBD0F6-150x150.jpeg\" class=\"attachment-thumbnail size-thumbnail\" alt=\"\" aria-describedby=\"gallery-1-19762\" \/><\/a>\n\t\t\t<\/div>\n\t\t\t\t<figcaption class='wp-caption-text gallery-caption' id='gallery-1-19762'>\n\t\t\t\tJakobskirche bei S\u00f6les\n\t\t\t\t<\/figcaption><\/figure><figure class='gallery-item'>\n\t\t\t<div class='gallery-icon portrait'>\n\t\t\t\t<a href='http:\/\/westwaerts-jakobsweg.at\/?attachment_id=19763'><img loading=\"lazy\" decoding=\"async\" width=\"150\" height=\"150\" src=\"http:\/\/westwaerts-jakobsweg.at\/wp-content\/uploads\/2023\/05\/D7CBB0D7-F5A0-4C2D-BE5E-64CA6C590AE2-150x150.jpeg\" class=\"attachment-thumbnail size-thumbnail\" alt=\"\" aria-describedby=\"gallery-1-19763\" \/><\/a>\n\t\t\t<\/div>\n\t\t\t\t<figcaption class='wp-caption-text gallery-caption' id='gallery-1-19763'>\n\t\t\t\tFresko beim Glockenturms der Kirche von Glurns\n\t\t\t\t<\/figcaption><\/figure><figure class='gallery-item'>\n\t\t\t<div class='gallery-icon portrait'>\n\t\t\t\t<a href='http:\/\/westwaerts-jakobsweg.at\/?attachment_id=19764'><img loading=\"lazy\" decoding=\"async\" width=\"150\" height=\"150\" src=\"http:\/\/westwaerts-jakobsweg.at\/wp-content\/uploads\/2023\/05\/EB31BCF3-F5DD-45A6-91EB-A2300A3EBAB0-150x150.jpeg\" class=\"attachment-thumbnail size-thumbnail\" alt=\"\" aria-describedby=\"gallery-1-19764\" \/><\/a>\n\t\t\t<\/div>\n\t\t\t\t<figcaption class='wp-caption-text gallery-caption' id='gallery-1-19764'>\n\t\t\t\tzum mittelalterlichen St\u00e4dtchen Glurns\n\t\t\t\t<\/figcaption><\/figure><figure class='gallery-item'>\n\t\t\t<div class='gallery-icon landscape'>\n\t\t\t\t<a href='http:\/\/westwaerts-jakobsweg.at\/?attachment_id=19765'><img loading=\"lazy\" decoding=\"async\" width=\"150\" height=\"150\" src=\"http:\/\/westwaerts-jakobsweg.at\/wp-content\/uploads\/2023\/05\/6299628B-71F2-447B-AF02-AB3D1542D210-150x150.jpeg\" class=\"attachment-thumbnail size-thumbnail\" alt=\"\" aria-describedby=\"gallery-1-19765\" \/><\/a>\n\t\t\t<\/div>\n\t\t\t\t<figcaption class='wp-caption-text gallery-caption' id='gallery-1-19765'>\n\t\t\t\tin Glurns\n\t\t\t\t<\/figcaption><\/figure><figure class='gallery-item'>\n\t\t\t<div class='gallery-icon portrait'>\n\t\t\t\t<a href='http:\/\/westwaerts-jakobsweg.at\/?attachment_id=19766'><img loading=\"lazy\" decoding=\"async\" width=\"150\" height=\"150\" src=\"http:\/\/westwaerts-jakobsweg.at\/wp-content\/uploads\/2023\/05\/E6333DFD-A715-4D58-BDCF-77B60F93AE0E-150x150.jpeg\" class=\"attachment-thumbnail size-thumbnail\" alt=\"\" aria-describedby=\"gallery-1-19766\" \/><\/a>\n\t\t\t<\/div>\n\t\t\t\t<figcaption class='wp-caption-text gallery-caption' id='gallery-1-19766'>\n\t\t\t\tMalser Tor in Glurns\n\t\t\t\t<\/figcaption><\/figure><figure class='gallery-item'>\n\t\t\t<div class='gallery-icon portrait'>\n\t\t\t\t<a href='http:\/\/westwaerts-jakobsweg.at\/?attachment_id=19767'><img loading=\"lazy\" decoding=\"async\" width=\"150\" height=\"150\" src=\"http:\/\/westwaerts-jakobsweg.at\/wp-content\/uploads\/2023\/05\/3D212120-D419-41B8-A345-4906E174DDF5-150x150.jpeg\" class=\"attachment-thumbnail size-thumbnail\" alt=\"\" aria-describedby=\"gallery-1-19767\" \/><\/a>\n\t\t\t<\/div>\n\t\t\t\t<figcaption class='wp-caption-text gallery-caption' id='gallery-1-19767'>\n\t\t\t\tFr\u00f6hlichsturm in Mals\n\t\t\t\t<\/figcaption><\/figure><figure class='gallery-item'>\n\t\t\t<div class='gallery-icon landscape'>\n\t\t\t\t<a href='http:\/\/westwaerts-jakobsweg.at\/?attachment_id=19768'><img loading=\"lazy\" decoding=\"async\" width=\"150\" height=\"150\" src=\"http:\/\/westwaerts-jakobsweg.at\/wp-content\/uploads\/2023\/05\/69B95D36-6CDB-4951-826A-22F78513521F-150x150.jpeg\" class=\"attachment-thumbnail size-thumbnail\" alt=\"\" aria-describedby=\"gallery-1-19768\" \/><\/a>\n\t\t\t<\/div>\n\t\t\t\t<figcaption class='wp-caption-text gallery-caption' id='gallery-1-19768'>\n\t\t\t\tKloster Marienberg\n\t\t\t\t<\/figcaption><\/figure><figure class='gallery-item'>\n\t\t\t<div class='gallery-icon landscape'>\n\t\t\t\t<a href='http:\/\/westwaerts-jakobsweg.at\/?attachment_id=19769'><img loading=\"lazy\" decoding=\"async\" width=\"150\" height=\"150\" src=\"http:\/\/westwaerts-jakobsweg.at\/wp-content\/uploads\/2023\/05\/109030E1-C2C2-4357-89A4-EF1CF9B8FE71-150x150.jpeg\" class=\"attachment-thumbnail size-thumbnail\" alt=\"\" aria-describedby=\"gallery-1-19769\" \/><\/a>\n\t\t\t<\/div>\n\t\t\t\t<figcaption class='wp-caption-text gallery-caption' id='gallery-1-19769'>\n\t\t\t\t Burg F\u00fcrstenburg bei Burgeis\n\t\t\t\t<\/figcaption><\/figure><figure class='gallery-item'>\n\t\t\t<div class='gallery-icon portrait'>\n\t\t\t\t<a href='http:\/\/westwaerts-jakobsweg.at\/?attachment_id=19770'><img loading=\"lazy\" decoding=\"async\" width=\"150\" height=\"150\" src=\"http:\/\/westwaerts-jakobsweg.at\/wp-content\/uploads\/2023\/05\/BF4797B7-785B-4191-9D8F-1AA69D33EFDE-150x150.jpeg\" class=\"attachment-thumbnail size-thumbnail\" alt=\"\" aria-describedby=\"gallery-1-19770\" \/><\/a>\n\t\t\t<\/div>\n\t\t\t\t<figcaption class='wp-caption-text gallery-caption' id='gallery-1-19770'>\n\t\t\t\tbeim Kloster Marienberg\n\t\t\t\t<\/figcaption><\/figure>\n\t\t<\/div>\n<br \/>\n<iframe loading=\"lazy\" title=\"30. Mai 2023\" width=\"640\" height=\"360\" src=\"https:\/\/www.youtube.com\/embed\/RqQKWGh7tKI?feature=oembed\" frameborder=\"0\" allow=\"accelerometer; autoplay; clipboard-write; encrypted-media; gyroscope; picture-in-picture; web-share\" referrerpolicy=\"strict-origin-when-cross-origin\" allowfullscreen><\/iframe><br \/>\n<iframe loading=\"lazy\" src=\"https:\/\/www.komoot.de\/tour\/1142199658\/embed?share_token=agovy66eFqH5yhl5Fh2eJMEL9N3VM8V8WxnvYTVRYo5lTc21fe&#038;profile=1\" width=\"640\" height=\"700\" frameborder=\"0\" scrolling=\"no\"><\/iframe><\/p>\n","protected":false},"excerpt":{"rendered":"<p>Prad am Stilfserjoch &#8211; Kloster Marienberg 17.8km (125.8km) Vom Fenster unserer Unterkunft sehen wir bis zum Kloster Marienberg, wo wir heute und morgen schlafen &#x1f60e; . Nach einem gef\u00fchlten Kilo von frischen Erdbeeren mit Joghurt intus, kamen wir zum Gl\u00fcck zu einem gem\u00fctlichen, sch\u00f6nen Weg. Durch Aguns und Lichtenberg, oberhalb des Dorfes steht die gleichnamige Burg. Alte Weidenb\u00e4ume und nat\u00fcrlich wieder Obstg\u00e4rten s\u00e4umen den Weg. Immer wieder zeigte sich das Kloster aber es kommt nicht n\u00e4her hat man das Gef\u00fchl&#8230;.<\/p>\n<p class=\"read-more\"><a class=\"btn btn-default\" href=\"http:\/\/westwaerts-jakobsweg.at\/?p=19732\">Weiterlesen<span class=\"screen-reader-text\"> Weiterlesen<\/span><\/a><\/p>\n","protected":false},"author":1,"featured_media":0,"comment_status":"open","ping_status":"open","sticky":false,"template":"","format":"standard","meta":{"footnotes":""},"categories":[49,48],"tags":[],"_links":{"self":[{"href":"http:\/\/westwaerts-jakobsweg.at\/index.php?rest_route=\/wp\/v2\/posts\/19732"}],"collection":[{"href":"http:\/\/westwaerts-jakobsweg.at\/index.php?rest_route=\/wp\/v2\/posts"}],"about":[{"href":"http:\/\/westwaerts-jakobsweg.at\/index.php?rest_route=\/wp\/v2\/types\/post"}],"author":[{"embeddable":true,"href":"http:\/\/westwaerts-jakobsweg.at\/index.php?rest_route=\/wp\/v2\/users\/1"}],"replies":[{"embeddable":true,"href":"http:\/\/westwaerts-jakobsweg.at\/index.php?rest_route=%2Fwp%2Fv2%2Fcomments&post=19732"}],"version-history":[{"count":0,"href":"http:\/\/westwaerts-jakobsweg.at\/index.php?rest_route=\/wp\/v2\/posts\/19732\/revisions"}],"wp:attachment":[{"href":"http:\/\/westwaerts-jakobsweg.at\/index.php?rest_route=%2Fwp%2Fv2%2Fmedia&parent=19732"}],"wp:term":[{"taxonomy":"category","embeddable":true,"href":"http:\/\/westwaerts-jakobsweg.at\/index.php?rest_route=%2Fwp%2Fv2%2Fcategories&post=19732"},{"taxonomy":"post_tag","embeddable":true,"href":"http:\/\/westwaerts-jakobsweg.at\/index.php?rest_route=%2Fwp%2Fv2%2Ftags&post=19732"}],"curies":[{"name":"wp","href":"https:\/\/api.w.org\/{rel}","templated":true}]}}