{"id":20174,"date":"2023-07-03T21:57:25","date_gmt":"2023-07-03T19:57:25","guid":{"rendered":"http:\/\/westwaerts-jakobsweg.at\/?p=20174"},"modified":"2023-08-05T10:23:27","modified_gmt":"2023-08-05T08:23:27","slug":"olavsweg-tag-6","status":"publish","type":"post","link":"http:\/\/westwaerts-jakobsweg.at\/?p=20174","title":{"rendered":"Olavsweg Tag 6"},"content":{"rendered":"<p>Sl\u00f8vika Camping &#8211; Kj\u00f8lvegen H\u00fctte 31.7km (13.6km)<\/p>\n<p>Kein Regen, gutes Wanderwetter, also hinauf mit uns. Landstra\u00dfen und Wirtschaftsstra\u00dfen wechselten sich ab. Zwischendurch gabs immer wieder Wiesenabschnitte. Ein paar H\u00e4user, Landwirtschaft und viel Natur mit herrlichen Weitsichten &#x1f60a; .<br \/>\nHeut war erstmalig Kultur dabei. In Grafelt Gamme gibt es Grabh\u00fcgel von der Eiszeit in einem uralten Kulturland. In der Ferne sieht man bereits auf einer Anh\u00f6he Granovollen. Gleich beim Ortseingang empf\u00e4ngt uns eine Tourismusdame die uns einiges vom Ort erz\u00e4hlte. Es gibt zwei mittelalterliche Schwesternkirchen nebeneinander aus dem 12.Jh.<br \/>\nHinter der Kirche ein Runenstein aus dem 11.Jh. und ein Pilgerzentrum gibt es auch. Dort wurde uns erkl\u00e4rt wo wir heute schlafen k\u00f6nnten. N\u00e4mlich in Kj\u00f8lvegen, in einem Lavvo. Das ist ein gro\u00dfes rundes Zelt, innen rundum B\u00e4nke. Das klingt gut.<br \/>\nNach einer Kaffeepause im dortigen Hotel, lie\u00df Otto seine Drohne steigen und ich hatte ein nettes Geplauder mit einer Norwegerin, die lange in der Schweiz lebte.<br \/>\nEin St\u00fcck weiter gibt es noch eine kleine, alte Steinkirche in Tingelstad. Bei einem sch\u00f6nen Wiesenweg stehen Tafeln mit historischen Mitteilungen.<br \/>\nEs ging abw\u00e4rts, in der Ferne sahen wir einen Weg der sich steil nach oben schl\u00e4ngelte. Ich meinte zum Spa\u00df, dass er sicher uns geh\u00f6rt &#x1f602; . Ja und dann war es auch so &#x1f633; .<br \/>\nEs begann zu regnen, in Brndb\u00fc eine Pause in einem Wettb\u00fcro. Danach schien die Sonne. Im Supermarkt Fr\u00fchst\u00fcck und einen Gelsenspray besort und wie bereits geschrieben, der steile Weg hinauf geh\u00f6rte uns. Innsgesamt ca. 15km.<br \/>\nEs begann zu sch\u00fctten, wir fl\u00fcchteten in ein kleines H\u00e4uschen und trafen dort Pia aus D\u00fcsseldorf. Gemeinsam gings weiter. Wir bogen ab zu unserem Campplatz mit dem runden Zelt. Ein m\u00fchsamer Weg durch hohes Gestr\u00fcpp, mit vielen Brennnesseln. Endlich waschelnass angekommen, aber wo war dieses Zelt? Es gab einige H\u00fctten und eine war offen. Dann schlafen wir eben da. Sogar Wasser, Strom und eine Heizung gab es. Ein Geschenk &#x1f970; .<br \/>\nDie Kombination Gelsenstiche und Nesselausschlag kann ich nicht empfehlen. Brennen und jucken&#8230;..&#x1f97a; .<br \/>\nAuf besseres Wetter hoffen O + R<\/p>\n<p>Unterkunft: H\u00fctte im Wald<\/p>\n<div id='gallery-1' class='gallery galleryid-20174 gallery-columns-3 gallery-size-thumbnail'><figure class='gallery-item'>\n\t\t\t<div class='gallery-icon landscape'>\n\t\t\t\t<a href='http:\/\/westwaerts-jakobsweg.at\/?attachment_id=20189'><img loading=\"lazy\" decoding=\"async\" width=\"150\" height=\"150\" src=\"http:\/\/westwaerts-jakobsweg.at\/wp-content\/uploads\/2023\/07\/91F70EB1-AF01-49FA-8B65-AE3B88FCAE2B-150x150.jpeg\" class=\"attachment-thumbnail size-thumbnail\" alt=\"\" \/><\/a>\n\t\t\t<\/div><\/figure><figure class='gallery-item'>\n\t\t\t<div class='gallery-icon landscape'>\n\t\t\t\t<a href='http:\/\/westwaerts-jakobsweg.at\/?attachment_id=20190'><img loading=\"lazy\" decoding=\"async\" width=\"150\" height=\"150\" src=\"http:\/\/westwaerts-jakobsweg.at\/wp-content\/uploads\/2023\/07\/C6A4F787-CBE1-4245-B002-A5DACDB6E40F-150x150.jpeg\" class=\"attachment-thumbnail size-thumbnail\" alt=\"\" \/><\/a>\n\t\t\t<\/div><\/figure><figure class='gallery-item'>\n\t\t\t<div class='gallery-icon landscape'>\n\t\t\t\t<a href='http:\/\/westwaerts-jakobsweg.at\/?attachment_id=20191'><img loading=\"lazy\" decoding=\"async\" width=\"150\" height=\"150\" src=\"http:\/\/westwaerts-jakobsweg.at\/wp-content\/uploads\/2023\/07\/91A6934A-21AA-4B7E-B761-901F6104C5AF-150x150.jpeg\" class=\"attachment-thumbnail size-thumbnail\" alt=\"\" \/><\/a>\n\t\t\t<\/div><\/figure><figure class='gallery-item'>\n\t\t\t<div class='gallery-icon landscape'>\n\t\t\t\t<a href='http:\/\/westwaerts-jakobsweg.at\/?attachment_id=20192'><img loading=\"lazy\" decoding=\"async\" width=\"150\" height=\"150\" src=\"http:\/\/westwaerts-jakobsweg.at\/wp-content\/uploads\/2023\/07\/B21A30E2-D89C-4C95-83C4-E91F5B104364-150x150.jpeg\" class=\"attachment-thumbnail size-thumbnail\" alt=\"\" \/><\/a>\n\t\t\t<\/div><\/figure><figure class='gallery-item'>\n\t\t\t<div class='gallery-icon landscape'>\n\t\t\t\t<a href='http:\/\/westwaerts-jakobsweg.at\/?attachment_id=20193'><img loading=\"lazy\" decoding=\"async\" width=\"150\" height=\"150\" src=\"http:\/\/westwaerts-jakobsweg.at\/wp-content\/uploads\/2023\/07\/C82B7460-8778-4F55-89A8-9700743D1F72-150x150.jpeg\" class=\"attachment-thumbnail size-thumbnail\" alt=\"\" \/><\/a>\n\t\t\t<\/div><\/figure><figure class='gallery-item'>\n\t\t\t<div class='gallery-icon landscape'>\n\t\t\t\t<a href='http:\/\/westwaerts-jakobsweg.at\/?attachment_id=20194'><img loading=\"lazy\" decoding=\"async\" width=\"150\" height=\"150\" src=\"http:\/\/westwaerts-jakobsweg.at\/wp-content\/uploads\/2023\/07\/FD8D92A8-5300-4C86-9F09-B625F0AC0994-150x150.jpeg\" class=\"attachment-thumbnail size-thumbnail\" alt=\"\" aria-describedby=\"gallery-1-20194\" \/><\/a>\n\t\t\t<\/div>\n\t\t\t\t<figcaption class='wp-caption-text gallery-caption' id='gallery-1-20194'>\n\t\t\t\tmittelalterliche Kirche in Granovollen&#8230;\n\t\t\t\t<\/figcaption><\/figure><figure class='gallery-item'>\n\t\t\t<div class='gallery-icon landscape'>\n\t\t\t\t<a href='http:\/\/westwaerts-jakobsweg.at\/?attachment_id=20195'><img loading=\"lazy\" decoding=\"async\" width=\"150\" height=\"150\" src=\"http:\/\/westwaerts-jakobsweg.at\/wp-content\/uploads\/2023\/07\/60FC0D74-2358-455F-982B-B764A9F4C69F-150x150.jpeg\" class=\"attachment-thumbnail size-thumbnail\" alt=\"\" aria-describedby=\"gallery-1-20195\" \/><\/a>\n\t\t\t<\/div>\n\t\t\t\t<figcaption class='wp-caption-text gallery-caption' id='gallery-1-20195'>\n\t\t\t\t&#8230;aus dem 12.Jh&#8230;.\n\t\t\t\t<\/figcaption><\/figure><figure class='gallery-item'>\n\t\t\t<div class='gallery-icon portrait'>\n\t\t\t\t<a href='http:\/\/westwaerts-jakobsweg.at\/?attachment_id=20196'><img loading=\"lazy\" decoding=\"async\" width=\"150\" height=\"150\" src=\"http:\/\/westwaerts-jakobsweg.at\/wp-content\/uploads\/2023\/07\/D0FC5EB6-DF83-49B4-8958-72633AD2E256-150x150.jpeg\" class=\"attachment-thumbnail size-thumbnail\" alt=\"\" aria-describedby=\"gallery-1-20196\" \/><\/a>\n\t\t\t<\/div>\n\t\t\t\t<figcaption class='wp-caption-text gallery-caption' id='gallery-1-20196'>\n\t\t\t\t&#8230;.hinter der Kirche ein Runenstein aus dem 11.Jh.\n\t\t\t\t<\/figcaption><\/figure><figure class='gallery-item'>\n\t\t\t<div class='gallery-icon landscape'>\n\t\t\t\t<a href='http:\/\/westwaerts-jakobsweg.at\/?attachment_id=20197'><img loading=\"lazy\" decoding=\"async\" width=\"150\" height=\"150\" src=\"http:\/\/westwaerts-jakobsweg.at\/wp-content\/uploads\/2023\/07\/4B0B3B3C-8140-4EDE-8AC6-CB6555DB8BD8-150x150.jpeg\" class=\"attachment-thumbnail size-thumbnail\" alt=\"\" \/><\/a>\n\t\t\t<\/div><\/figure>\n\t\t<\/div>\n\n<p><iframe loading=\"lazy\" title=\"4. Juli 2023\" width=\"640\" height=\"360\" src=\"https:\/\/www.youtube.com\/embed\/C2NEWISVcMM?feature=oembed\" frameborder=\"0\" allow=\"accelerometer; autoplay; clipboard-write; encrypted-media; gyroscope; picture-in-picture; web-share\" referrerpolicy=\"strict-origin-when-cross-origin\" allowfullscreen><\/iframe><\/p>\n","protected":false},"excerpt":{"rendered":"<p>Sl\u00f8vika Camping &#8211; Kj\u00f8lvegen H\u00fctte 31.7km (13.6km) Kein Regen, gutes Wanderwetter, also hinauf mit uns. Landstra\u00dfen und Wirtschaftsstra\u00dfen wechselten sich ab. Zwischendurch gabs immer wieder Wiesenabschnitte. Ein paar H\u00e4user, Landwirtschaft und viel Natur mit herrlichen Weitsichten &#x1f60a; . Heut war erstmalig Kultur dabei. In Grafelt Gamme gibt es Grabh\u00fcgel von der Eiszeit in einem uralten Kulturland. In der Ferne sieht man bereits auf einer Anh\u00f6he Granovollen. Gleich beim Ortseingang empf\u00e4ngt uns eine Tourismusdame die uns einiges vom Ort erz\u00e4hlte. Es&#8230;<\/p>\n<p class=\"read-more\"><a class=\"btn btn-default\" href=\"http:\/\/westwaerts-jakobsweg.at\/?p=20174\">Weiterlesen<span class=\"screen-reader-text\"> Weiterlesen<\/span><\/a><\/p>\n","protected":false},"author":1,"featured_media":0,"comment_status":"open","ping_status":"open","sticky":false,"template":"","format":"standard","meta":{"footnotes":""},"categories":[49,50],"tags":[],"_links":{"self":[{"href":"http:\/\/westwaerts-jakobsweg.at\/index.php?rest_route=\/wp\/v2\/posts\/20174"}],"collection":[{"href":"http:\/\/westwaerts-jakobsweg.at\/index.php?rest_route=\/wp\/v2\/posts"}],"about":[{"href":"http:\/\/westwaerts-jakobsweg.at\/index.php?rest_route=\/wp\/v2\/types\/post"}],"author":[{"embeddable":true,"href":"http:\/\/westwaerts-jakobsweg.at\/index.php?rest_route=\/wp\/v2\/users\/1"}],"replies":[{"embeddable":true,"href":"http:\/\/westwaerts-jakobsweg.at\/index.php?rest_route=%2Fwp%2Fv2%2Fcomments&post=20174"}],"version-history":[{"count":0,"href":"http:\/\/westwaerts-jakobsweg.at\/index.php?rest_route=\/wp\/v2\/posts\/20174\/revisions"}],"wp:attachment":[{"href":"http:\/\/westwaerts-jakobsweg.at\/index.php?rest_route=%2Fwp%2Fv2%2Fmedia&parent=20174"}],"wp:term":[{"taxonomy":"category","embeddable":true,"href":"http:\/\/westwaerts-jakobsweg.at\/index.php?rest_route=%2Fwp%2Fv2%2Fcategories&post=20174"},{"taxonomy":"post_tag","embeddable":true,"href":"http:\/\/westwaerts-jakobsweg.at\/index.php?rest_route=%2Fwp%2Fv2%2Ftags&post=20174"}],"curies":[{"name":"wp","href":"https:\/\/api.w.org\/{rel}","templated":true}]}}