{"id":21586,"date":"2023-09-18T15:27:15","date_gmt":"2023-09-18T13:27:15","guid":{"rendered":"http:\/\/westwaerts-jakobsweg.at\/?p=21586"},"modified":"2023-09-18T17:49:10","modified_gmt":"2023-09-18T15:49:10","slug":"camino-portugues","status":"publish","type":"post","link":"http:\/\/westwaerts-jakobsweg.at\/?p=21586","title":{"rendered":"Camino Portugu\u00e9s"},"content":{"rendered":"<p>Ich bin dann mal weg\u2026..<\/p>\n<div>\u2026..diesmal ohne Otto, ihm reicht es f\u00fcr dieses Jahr. Er muss sich auch einmal seinem Motorrad widmen, das hat er in den letzten Jahren a bissi vernachl\u00e4ssigt meint er\u00a0&#x1f937;&#x200d;&#x2640;&#xfe0f;\u00a0.<\/div>\n<div>Ich hab Gl\u00fcck mit Sonja, sie will auch noch einen Weg gehen.<\/div>\n<div>Also noch zum heurigen Abschluss ein k\u00fcrzerer Weg, n\u00e4mlich den Caminho Portugu\u00e9s. Den kenn ich noch nicht. Er soll gem\u00fctlich in Portugal beginnen und gem\u00fctlich in Spanien enden. Wir lassen uns \u00fcberraschen ob uns das gelingt\u00a0&#x1f60a;\u00a0&#x1f97e;\u00a0.<\/div>\n<div>Es gibt einen K\u00fcstenweg und einen Weg im Landesinneren. Welchen gehen wir? Vorort werden wir uns entscheiden. Vielleicht wird es eine Kombination? Eines wissen wir genau. Die letzten zwei Tage geh\u00f6ren Porto.<\/div>\n<div>Auf das Meer, auf Weinanbau, auf alte portugiesische D\u00f6rfer, auf mittelalterliche Br\u00fccken und auf gutes Wetter<\/div>\n<div>freuen und hoffen S + R<\/div>\n<div><\/div>\n<div><a href=\"http:\/\/westwaerts-jakobsweg.at\/wp-content\/uploads\/2023\/09\/D226AF9E-B185-49F7-8177-67307DFC95F1.jpeg\"><img loading=\"lazy\" decoding=\"async\" class=\"aligncenter wp-image-21590 size-large\" src=\"http:\/\/westwaerts-jakobsweg.at\/wp-content\/uploads\/2023\/09\/D226AF9E-B185-49F7-8177-67307DFC95F1-507x760.jpeg\" alt=\"\" width=\"507\" height=\"760\" srcset=\"http:\/\/westwaerts-jakobsweg.at\/wp-content\/uploads\/2023\/09\/D226AF9E-B185-49F7-8177-67307DFC95F1-507x760.jpeg 507w, http:\/\/westwaerts-jakobsweg.at\/wp-content\/uploads\/2023\/09\/D226AF9E-B185-49F7-8177-67307DFC95F1-200x300.jpeg 200w, http:\/\/westwaerts-jakobsweg.at\/wp-content\/uploads\/2023\/09\/D226AF9E-B185-49F7-8177-67307DFC95F1-180x270.jpeg 180w, http:\/\/westwaerts-jakobsweg.at\/wp-content\/uploads\/2023\/09\/D226AF9E-B185-49F7-8177-67307DFC95F1.jpeg 1024w\" sizes=\"(max-width: 507px) 100vw, 507px\" \/><\/a><\/div>\n<p>&nbsp;<\/p>\n<div id=\"AppleMailSignature\" dir=\"ltr\"><\/div>\n","protected":false},"excerpt":{"rendered":"<p>Ich bin dann mal weg\u2026.. \u2026..diesmal ohne Otto, ihm reicht es f\u00fcr dieses Jahr. Er muss sich auch einmal seinem Motorrad widmen, das hat er in den letzten Jahren a bissi vernachl\u00e4ssigt meint er\u00a0&#x1f937;&#x200d;&#x2640;&#xfe0f;\u00a0. Ich hab Gl\u00fcck mit Sonja, sie will auch noch einen Weg gehen. Also noch zum heurigen Abschluss ein k\u00fcrzerer Weg, n\u00e4mlich den Caminho Portugu\u00e9s. Den kenn ich noch nicht. Er soll gem\u00fctlich in Portugal beginnen und gem\u00fctlich in Spanien enden. Wir lassen uns \u00fcberraschen ob uns&#8230;<\/p>\n<p class=\"read-more\"><a class=\"btn btn-default\" href=\"http:\/\/westwaerts-jakobsweg.at\/?p=21586\">Weiterlesen<span class=\"screen-reader-text\"> Weiterlesen<\/span><\/a><\/p>\n","protected":false},"author":1,"featured_media":21547,"comment_status":"open","ping_status":"open","sticky":false,"template":"","format":"standard","meta":{"footnotes":""},"categories":[49,52],"tags":[],"_links":{"self":[{"href":"http:\/\/westwaerts-jakobsweg.at\/index.php?rest_route=\/wp\/v2\/posts\/21586"}],"collection":[{"href":"http:\/\/westwaerts-jakobsweg.at\/index.php?rest_route=\/wp\/v2\/posts"}],"about":[{"href":"http:\/\/westwaerts-jakobsweg.at\/index.php?rest_route=\/wp\/v2\/types\/post"}],"author":[{"embeddable":true,"href":"http:\/\/westwaerts-jakobsweg.at\/index.php?rest_route=\/wp\/v2\/users\/1"}],"replies":[{"embeddable":true,"href":"http:\/\/westwaerts-jakobsweg.at\/index.php?rest_route=%2Fwp%2Fv2%2Fcomments&post=21586"}],"version-history":[{"count":0,"href":"http:\/\/westwaerts-jakobsweg.at\/index.php?rest_route=\/wp\/v2\/posts\/21586\/revisions"}],"wp:featuredmedia":[{"embeddable":true,"href":"http:\/\/westwaerts-jakobsweg.at\/index.php?rest_route=\/wp\/v2\/media\/21547"}],"wp:attachment":[{"href":"http:\/\/westwaerts-jakobsweg.at\/index.php?rest_route=%2Fwp%2Fv2%2Fmedia&parent=21586"}],"wp:term":[{"taxonomy":"category","embeddable":true,"href":"http:\/\/westwaerts-jakobsweg.at\/index.php?rest_route=%2Fwp%2Fv2%2Fcategories&post=21586"},{"taxonomy":"post_tag","embeddable":true,"href":"http:\/\/westwaerts-jakobsweg.at\/index.php?rest_route=%2Fwp%2Fv2%2Ftags&post=21586"}],"curies":[{"name":"wp","href":"https:\/\/api.w.org\/{rel}","templated":true}]}}