{"id":21681,"date":"2023-09-23T20:39:11","date_gmt":"2023-09-23T18:39:11","guid":{"rendered":"http:\/\/westwaerts-jakobsweg.at\/?p=21681"},"modified":"2023-09-24T17:27:35","modified_gmt":"2023-09-24T15:27:35","slug":"c-portugues-tag-5","status":"publish","type":"post","link":"http:\/\/westwaerts-jakobsweg.at\/?p=21681","title":{"rendered":"C. Portugu\u00e9s Tag 5"},"content":{"rendered":"<p>Viana do Castelo &#8211; Vila Praia de \u00c2ncora 21km (111km)<\/p>\n<p>Wir blieben im 4Bettzimmer alleine &#x1f44d; . Haben gut und lange geschlafen. Sonne und blauer Himmel, herrlich.<br \/>\nNach dem Fr\u00fchst\u00fcck haben wir noch a bissi Stadt gschaut und die Kathedrale besucht. Laut Buch ist es die sch\u00f6nste Stadt auf dem K\u00fcstenweg. Zur Begutachtung blieb gestern keine Zeit \u00fcbrig.<br \/>\nEs begann ein sch\u00f6ner Spazierweg entlang der K\u00fcste. Vorbei an drei Festungen. Von einer Pilgerin bekamen wir wieder einmal ein Geschenk &#x2764;&#xfe0f; . Einen Anh\u00e4nger mit einer kleinen Muschel. Sie begl\u00fcckte alle Pilger, die an ihr vorbeigingen damit &#x1f970; Pause in einem Strandcaf\u00e9, dort gab es f\u00fcr uns frische, noch hei\u00dfe Natas &#x1f60b; .<br \/>\nDanach f\u00fchrte Der Weg immer wieder ein St\u00fcck weg von der K\u00fcste. Durch einen Wald mit sch\u00f6nem Blick zum Meer. \u00dcber kleine Pfade wo man das rauschende Meer nur h\u00f6rte. Am Strand eine weitere Pause und das Meer \u201eangehimmelt\u201c, Urlaubsstimmung.<br \/>\nDirekt an der K\u00fcste befindet sich unsere Herberge. Schnabulierten in einer Pizzeria, na was wohl? Nat\u00fcrlich eine Pizza und bewunderten dabei den Sonnenuntergang.<br \/>\nWar heute ein entspannter Tag finden S + R<\/p>\n<p>Unterkunft: Hostel D\u2018Avenida<br \/>\nAv. Dr. Ramos Pereira 353<\/p>\n<div id='gallery-1' class='gallery galleryid-21681 gallery-columns-3 gallery-size-thumbnail'><figure class='gallery-item'>\n\t\t\t<div class='gallery-icon portrait'>\n\t\t\t\t<a href='http:\/\/westwaerts-jakobsweg.at\/?attachment_id=21688'><img loading=\"lazy\" decoding=\"async\" width=\"150\" height=\"150\" src=\"http:\/\/westwaerts-jakobsweg.at\/wp-content\/uploads\/2023\/09\/6CD30B19-695B-4133-BE01-0B4FBD3DA754-150x150.jpeg\" class=\"attachment-thumbnail size-thumbnail\" alt=\"\" aria-describedby=\"gallery-1-21688\" \/><\/a>\n\t\t\t<\/div>\n\t\t\t\t<figcaption class='wp-caption-text gallery-caption' id='gallery-1-21688'>\n\t\t\t\tin Viana do Castelo\n\t\t\t\t<\/figcaption><\/figure><figure class='gallery-item'>\n\t\t\t<div class='gallery-icon portrait'>\n\t\t\t\t<a href='http:\/\/westwaerts-jakobsweg.at\/?attachment_id=21689'><img loading=\"lazy\" decoding=\"async\" width=\"150\" height=\"150\" src=\"http:\/\/westwaerts-jakobsweg.at\/wp-content\/uploads\/2023\/09\/15EE4E4D-05A1-48AA-ACC9-684A2015CFE9-150x150.jpeg\" class=\"attachment-thumbnail size-thumbnail\" alt=\"\" aria-describedby=\"gallery-1-21689\" \/><\/a>\n\t\t\t<\/div>\n\t\t\t\t<figcaption class='wp-caption-text gallery-caption' id='gallery-1-21689'>\n\t\t\t\tKathedrale von Viana do Castelo\n\t\t\t\t<\/figcaption><\/figure><figure class='gallery-item'>\n\t\t\t<div class='gallery-icon landscape'>\n\t\t\t\t<a href='http:\/\/westwaerts-jakobsweg.at\/?attachment_id=21690'><img loading=\"lazy\" decoding=\"async\" width=\"150\" height=\"150\" src=\"http:\/\/westwaerts-jakobsweg.at\/wp-content\/uploads\/2023\/09\/F63FF850-FB64-42C8-AFC0-538892A29FC2-150x150.jpeg\" class=\"attachment-thumbnail size-thumbnail\" alt=\"\" aria-describedby=\"gallery-1-21690\" \/><\/a>\n\t\t\t<\/div>\n\t\t\t\t<figcaption class='wp-caption-text gallery-caption' id='gallery-1-21690'>\n\t\t\t\tHauptplatz in Viana do Castelo\n\t\t\t\t<\/figcaption><\/figure><figure class='gallery-item'>\n\t\t\t<div class='gallery-icon portrait'>\n\t\t\t\t<a href='http:\/\/westwaerts-jakobsweg.at\/?attachment_id=21691'><img loading=\"lazy\" decoding=\"async\" width=\"150\" height=\"150\" src=\"http:\/\/westwaerts-jakobsweg.at\/wp-content\/uploads\/2023\/09\/3EFF98DC-6D6A-43C5-863C-104638A7CB4F-150x150.jpeg\" class=\"attachment-thumbnail size-thumbnail\" alt=\"\" \/><\/a>\n\t\t\t<\/div><\/figure><figure class='gallery-item'>\n\t\t\t<div class='gallery-icon landscape'>\n\t\t\t\t<a href='http:\/\/westwaerts-jakobsweg.at\/?attachment_id=21692'><img loading=\"lazy\" decoding=\"async\" width=\"150\" height=\"150\" src=\"http:\/\/westwaerts-jakobsweg.at\/wp-content\/uploads\/2023\/09\/4CF1BE4A-D4E0-4EC1-981B-2250F1DA9328-150x150.jpeg\" class=\"attachment-thumbnail size-thumbnail\" alt=\"\" aria-describedby=\"gallery-1-21692\" \/><\/a>\n\t\t\t<\/div>\n\t\t\t\t<figcaption class='wp-caption-text gallery-caption' id='gallery-1-21692'>\n\t\t\t\tWeg nach Vila Praia de \u00c2ncora\n\t\t\t\t<\/figcaption><\/figure><figure class='gallery-item'>\n\t\t\t<div class='gallery-icon landscape'>\n\t\t\t\t<a href='http:\/\/westwaerts-jakobsweg.at\/?attachment_id=21693'><img loading=\"lazy\" decoding=\"async\" width=\"150\" height=\"150\" src=\"http:\/\/westwaerts-jakobsweg.at\/wp-content\/uploads\/2023\/09\/22CBA500-CEF4-4B76-BC9F-B05B0B992585-150x150.jpeg\" class=\"attachment-thumbnail size-thumbnail\" alt=\"\" \/><\/a>\n\t\t\t<\/div><\/figure><figure class='gallery-item'>\n\t\t\t<div class='gallery-icon landscape'>\n\t\t\t\t<a href='http:\/\/westwaerts-jakobsweg.at\/?attachment_id=21694'><img loading=\"lazy\" decoding=\"async\" width=\"150\" height=\"150\" src=\"http:\/\/westwaerts-jakobsweg.at\/wp-content\/uploads\/2023\/09\/4C8A3741-6F0F-4491-9ED4-25D7570CFF1E-150x150.jpeg\" class=\"attachment-thumbnail size-thumbnail\" alt=\"\" aria-describedby=\"gallery-1-21694\" \/><\/a>\n\t\t\t<\/div>\n\t\t\t\t<figcaption class='wp-caption-text gallery-caption' id='gallery-1-21694'>\n\t\t\t\tVila Praia de \u00c2ncora\n\t\t\t\t<\/figcaption><\/figure><figure class='gallery-item'>\n\t\t\t<div class='gallery-icon landscape'>\n\t\t\t\t<a href='http:\/\/westwaerts-jakobsweg.at\/?attachment_id=21695'><img loading=\"lazy\" decoding=\"async\" width=\"150\" height=\"150\" src=\"http:\/\/westwaerts-jakobsweg.at\/wp-content\/uploads\/2023\/09\/42961C75-0051-4BCB-BBC1-3808BCAE5D63-150x150.jpeg\" class=\"attachment-thumbnail size-thumbnail\" alt=\"\" \/><\/a>\n\t\t\t<\/div><\/figure><figure class='gallery-item'>\n\t\t\t<div class='gallery-icon landscape'>\n\t\t\t\t<a href='http:\/\/westwaerts-jakobsweg.at\/?attachment_id=21696'><img loading=\"lazy\" decoding=\"async\" width=\"150\" height=\"150\" src=\"http:\/\/westwaerts-jakobsweg.at\/wp-content\/uploads\/2023\/09\/B937290C-3FD5-4EA0-B5BE-31B18B892B32-150x150.jpeg\" class=\"attachment-thumbnail size-thumbnail\" alt=\"\" aria-describedby=\"gallery-1-21696\" \/><\/a>\n\t\t\t<\/div>\n\t\t\t\t<figcaption class='wp-caption-text gallery-caption' id='gallery-1-21696'>\n\t\t\t\tSonnenuntergang in Vila Praia de \u00c2ncora\n\t\t\t\t<\/figcaption><\/figure>\n\t\t<\/div>\n\n","protected":false},"excerpt":{"rendered":"<p>Viana do Castelo &#8211; Vila Praia de \u00c2ncora 21km (111km) Wir blieben im 4Bettzimmer alleine &#x1f44d; . Haben gut und lange geschlafen. Sonne und blauer Himmel, herrlich. Nach dem Fr\u00fchst\u00fcck haben wir noch a bissi Stadt gschaut und die Kathedrale besucht. Laut Buch ist es die sch\u00f6nste Stadt auf dem K\u00fcstenweg. Zur Begutachtung blieb gestern keine Zeit \u00fcbrig. Es begann ein sch\u00f6ner Spazierweg entlang der K\u00fcste. Vorbei an drei Festungen. Von einer Pilgerin bekamen wir wieder einmal ein Geschenk &#x2764;&#xfe0f;&#8230;<\/p>\n<p class=\"read-more\"><a class=\"btn btn-default\" href=\"http:\/\/westwaerts-jakobsweg.at\/?p=21681\">Weiterlesen<span class=\"screen-reader-text\"> Weiterlesen<\/span><\/a><\/p>\n","protected":false},"author":1,"featured_media":0,"comment_status":"open","ping_status":"open","sticky":false,"template":"","format":"standard","meta":{"footnotes":""},"categories":[49,52],"tags":[],"_links":{"self":[{"href":"http:\/\/westwaerts-jakobsweg.at\/index.php?rest_route=\/wp\/v2\/posts\/21681"}],"collection":[{"href":"http:\/\/westwaerts-jakobsweg.at\/index.php?rest_route=\/wp\/v2\/posts"}],"about":[{"href":"http:\/\/westwaerts-jakobsweg.at\/index.php?rest_route=\/wp\/v2\/types\/post"}],"author":[{"embeddable":true,"href":"http:\/\/westwaerts-jakobsweg.at\/index.php?rest_route=\/wp\/v2\/users\/1"}],"replies":[{"embeddable":true,"href":"http:\/\/westwaerts-jakobsweg.at\/index.php?rest_route=%2Fwp%2Fv2%2Fcomments&post=21681"}],"version-history":[{"count":0,"href":"http:\/\/westwaerts-jakobsweg.at\/index.php?rest_route=\/wp\/v2\/posts\/21681\/revisions"}],"wp:attachment":[{"href":"http:\/\/westwaerts-jakobsweg.at\/index.php?rest_route=%2Fwp%2Fv2%2Fmedia&parent=21681"}],"wp:term":[{"taxonomy":"category","embeddable":true,"href":"http:\/\/westwaerts-jakobsweg.at\/index.php?rest_route=%2Fwp%2Fv2%2Fcategories&post=21681"},{"taxonomy":"post_tag","embeddable":true,"href":"http:\/\/westwaerts-jakobsweg.at\/index.php?rest_route=%2Fwp%2Fv2%2Ftags&post=21681"}],"curies":[{"name":"wp","href":"https:\/\/api.w.org\/{rel}","templated":true}]}}