{"id":21698,"date":"2023-09-24T16:39:08","date_gmt":"2023-09-24T14:39:08","guid":{"rendered":"http:\/\/westwaerts-jakobsweg.at\/?p=21698"},"modified":"2023-10-07T10:23:28","modified_gmt":"2023-10-07T08:23:28","slug":"c-portugues-tag-6","status":"publish","type":"post","link":"http:\/\/westwaerts-jakobsweg.at\/?p=21698","title":{"rendered":"C.Portugu\u00e9s Tag 6"},"content":{"rendered":"<p>Vila Praia de \u00c2ncora &#8211; Vila Nova de Cerveira 23km (134)<\/p>\n<p>Wie gut, dass ich meine Ohropax in der N\u00e4he hatte. Im Damenzimmer gabs letzte Nacht ein Schnarch\/R\u00f6chelkonzert &#x1f633; .<br \/>\nNach dem Fr\u00fchst\u00fcck zur T\u00fcr hinaus und wir waren am Caminho. Das letzte mal ging es entlang der K\u00fcste. Rauschende Wellen. Vor uns ein Berg, dahinter liegt Spanien. Nebel zog vom Festland ins Meer hinaus, die Sonne brachte die Gischt zum Strahlen. Wundersch\u00f6n verabschiedete sich das Meer von uns. Kein Weiterkommen war mit mir, musste st\u00e4ndig fotografieren und schauen &#x1f609; .<br \/>\nIn Moledo blieben wir trotz Umweg weiterhin am K\u00fcstenweg, bis er dann endg\u00fcltig abzweigte. Ein sch\u00f6ner Waldweg brachte uns zum Rio Coura, hier warten Taxi Boote, f\u00fcr die \u00dcberfahrt nach Spanien.<br \/>\nWir gingen weiter den Fluss entlang, wo wir dann in Caminha, zum sch\u00f6nen Hauptplatz f\u00fcr unsere Pause abbogen. Was da in der Vitrine vom Caf\u00e9 f\u00fcr K\u00f6stlichkeiten angeboten werden. Mindestens 20 verschiedene s\u00fc\u00dfe Teilchen. Wir blieben allerdings bei \u201eunseren\u201c Natas &#x1f60b; .<br \/>\nMan verl\u00e4sst Caminha \u00fcber die Flussbr\u00fccke und muss sich dann wieder f\u00fcr eine Variante entscheiden. Landweg oder, daf\u00fcr entschieden wir uns, entlang vom Grenzfluss Rio Mi\u00f1o. Bis dahin gings aber noch ein St\u00fcck durch ein besiedeltes Gebiet.<br \/>\nViele Radfahrer nutzten heute am Sonntag, den sch\u00f6nen Weg entlang vom Fluss, der uns direkt nach Vila Nova de Cerveira brachte. Dort ist heute ein Musikfestival und was ordentliches los. Au\u00dferdem haben die Einwohner den Ort \u201ebeh\u00e4kelt\u201c. Ganz viele Motive gibt es davon. Laut Angabe bleibt das f\u00fcr drei Monate so.<br \/>\nWir leisten uns heute ein Zweibettzimmer in der netten Jugendherberge und freuen uns \u00fcber eine Waschmaschine und einen Trockner &#x1f60a; .<br \/>\nSo, m\u00fcssen schauen was f\u00fcr geh\u00e4keltes Zeug in der Stadt herumsteht.<br \/>\nEinen sch\u00f6nen Sonntag w\u00fcnschen S + R<\/p>\n<p>Unterkunft: Jugendherberge<br \/>\nRua Alto das Veigas Tel.: +351 251709933<\/p>\n<div id='gallery-1' class='gallery galleryid-21698 gallery-columns-3 gallery-size-thumbnail'><figure class='gallery-item'>\n\t\t\t<div class='gallery-icon landscape'>\n\t\t\t\t<a href='http:\/\/westwaerts-jakobsweg.at\/?attachment_id=21705'><img loading=\"lazy\" decoding=\"async\" width=\"150\" height=\"150\" src=\"http:\/\/westwaerts-jakobsweg.at\/wp-content\/uploads\/2023\/09\/CDA6B897-D8FE-415E-9561-884FDD3708A9-150x150.jpeg\" class=\"attachment-thumbnail size-thumbnail\" alt=\"\" aria-describedby=\"gallery-1-21705\" \/><\/a>\n\t\t\t<\/div>\n\t\t\t\t<figcaption class='wp-caption-text gallery-caption' id='gallery-1-21705'>\n\t\t\t\twundersch\u00f6ne Verabschiedung&#8230;\n\t\t\t\t<\/figcaption><\/figure><figure class='gallery-item'>\n\t\t\t<div class='gallery-icon landscape'>\n\t\t\t\t<a href='http:\/\/westwaerts-jakobsweg.at\/?attachment_id=21706'><img loading=\"lazy\" decoding=\"async\" width=\"150\" height=\"150\" src=\"http:\/\/westwaerts-jakobsweg.at\/wp-content\/uploads\/2023\/09\/A48DAA24-CD41-453A-AACE-B84742DB6600-150x150.jpeg\" class=\"attachment-thumbnail size-thumbnail\" alt=\"\" aria-describedby=\"gallery-1-21706\" \/><\/a>\n\t\t\t<\/div>\n\t\t\t\t<figcaption class='wp-caption-text gallery-caption' id='gallery-1-21706'>\n\t\t\t\t&#8230;vom K\u00fcstenweg\n\t\t\t\t<\/figcaption><\/figure><figure class='gallery-item'>\n\t\t\t<div class='gallery-icon portrait'>\n\t\t\t\t<a href='http:\/\/westwaerts-jakobsweg.at\/?attachment_id=21707'><img loading=\"lazy\" decoding=\"async\" width=\"150\" height=\"150\" src=\"http:\/\/westwaerts-jakobsweg.at\/wp-content\/uploads\/2023\/09\/8B14CF70-5030-4C18-8CD2-3AE07D8C142E-150x150.jpeg\" class=\"attachment-thumbnail size-thumbnail\" alt=\"\" \/><\/a>\n\t\t\t<\/div><\/figure><figure class='gallery-item'>\n\t\t\t<div class='gallery-icon landscape'>\n\t\t\t\t<a href='http:\/\/westwaerts-jakobsweg.at\/?attachment_id=21708'><img loading=\"lazy\" decoding=\"async\" width=\"150\" height=\"150\" src=\"http:\/\/westwaerts-jakobsweg.at\/wp-content\/uploads\/2023\/09\/045829DF-E2F8-4021-8512-5C38F5A9DF11-150x150.jpeg\" class=\"attachment-thumbnail size-thumbnail\" alt=\"\" aria-describedby=\"gallery-1-21708\" \/><\/a>\n\t\t\t<\/div>\n\t\t\t\t<figcaption class='wp-caption-text gallery-caption' id='gallery-1-21708'>\n\t\t\t\tTaxiboote warten auf die Pilger die schneller in Spanien sein wollen\n\t\t\t\t<\/figcaption><\/figure><figure class='gallery-item'>\n\t\t\t<div class='gallery-icon portrait'>\n\t\t\t\t<a href='http:\/\/westwaerts-jakobsweg.at\/?attachment_id=21709'><img loading=\"lazy\" decoding=\"async\" width=\"150\" height=\"150\" src=\"http:\/\/westwaerts-jakobsweg.at\/wp-content\/uploads\/2023\/09\/1CD1274C-4412-4B75-B27A-2505F6BC0ABB-150x150.jpeg\" class=\"attachment-thumbnail size-thumbnail\" alt=\"\" aria-describedby=\"gallery-1-21709\" \/><\/a>\n\t\t\t<\/div>\n\t\t\t\t<figcaption class='wp-caption-text gallery-caption' id='gallery-1-21709'>\n\t\t\t\tWehrturm Torre do Rel\u00f3gio in Caminha\n\t\t\t\t<\/figcaption><\/figure><figure class='gallery-item'>\n\t\t\t<div class='gallery-icon landscape'>\n\t\t\t\t<a href='http:\/\/westwaerts-jakobsweg.at\/?attachment_id=21710'><img loading=\"lazy\" decoding=\"async\" width=\"150\" height=\"150\" src=\"http:\/\/westwaerts-jakobsweg.at\/wp-content\/uploads\/2023\/09\/B1506B58-0EA3-4825-B334-C8D84AEF9CCA-150x150.jpeg\" class=\"attachment-thumbnail size-thumbnail\" alt=\"\" \/><\/a>\n\t\t\t<\/div><\/figure><figure class='gallery-item'>\n\t\t\t<div class='gallery-icon landscape'>\n\t\t\t\t<a href='http:\/\/westwaerts-jakobsweg.at\/?attachment_id=21711'><img loading=\"lazy\" decoding=\"async\" width=\"150\" height=\"150\" src=\"http:\/\/westwaerts-jakobsweg.at\/wp-content\/uploads\/2023\/09\/EAE5CDB0-95D2-4F73-BD0F-20097124B520-150x150.jpeg\" class=\"attachment-thumbnail size-thumbnail\" alt=\"\" aria-describedby=\"gallery-1-21711\" \/><\/a>\n\t\t\t<\/div>\n\t\t\t\t<figcaption class='wp-caption-text gallery-caption' id='gallery-1-21711'>\n\t\t\t\tentlang vom Grenzfluss Min\u00f5&#8230;\n\t\t\t\t<\/figcaption><\/figure><figure class='gallery-item'>\n\t\t\t<div class='gallery-icon portrait'>\n\t\t\t\t<a href='http:\/\/westwaerts-jakobsweg.at\/?attachment_id=21712'><img loading=\"lazy\" decoding=\"async\" width=\"150\" height=\"150\" src=\"http:\/\/westwaerts-jakobsweg.at\/wp-content\/uploads\/2023\/09\/6221FAB3-B9C2-49E2-AD0B-783FF310E756-150x150.jpeg\" class=\"attachment-thumbnail size-thumbnail\" alt=\"\" aria-describedby=\"gallery-1-21712\" \/><\/a>\n\t\t\t<\/div>\n\t\t\t\t<figcaption class='wp-caption-text gallery-caption' id='gallery-1-21712'>\n\t\t\t\t&#8230;nach Vila Nova de Cerveira\n\t\t\t\t<\/figcaption><\/figure><figure class='gallery-item'>\n\t\t\t<div class='gallery-icon portrait'>\n\t\t\t\t<a href='http:\/\/westwaerts-jakobsweg.at\/?attachment_id=21713'><img loading=\"lazy\" decoding=\"async\" width=\"150\" height=\"150\" src=\"http:\/\/westwaerts-jakobsweg.at\/wp-content\/uploads\/2023\/09\/EDDAC657-3283-475B-AF6C-CA86C650B0A8-150x150.jpeg\" class=\"attachment-thumbnail size-thumbnail\" alt=\"\" \/><\/a>\n\t\t\t<\/div><\/figure>\n\t\t<\/div>\n\n","protected":false},"excerpt":{"rendered":"<p>Vila Praia de \u00c2ncora &#8211; Vila Nova de Cerveira 23km (134) Wie gut, dass ich meine Ohropax in der N\u00e4he hatte. Im Damenzimmer gabs letzte Nacht ein Schnarch\/R\u00f6chelkonzert &#x1f633; . Nach dem Fr\u00fchst\u00fcck zur T\u00fcr hinaus und wir waren am Caminho. Das letzte mal ging es entlang der K\u00fcste. Rauschende Wellen. Vor uns ein Berg, dahinter liegt Spanien. Nebel zog vom Festland ins Meer hinaus, die Sonne brachte die Gischt zum Strahlen. Wundersch\u00f6n verabschiedete sich das Meer von uns. Kein&#8230;<\/p>\n<p class=\"read-more\"><a class=\"btn btn-default\" href=\"http:\/\/westwaerts-jakobsweg.at\/?p=21698\">Weiterlesen<span class=\"screen-reader-text\"> Weiterlesen<\/span><\/a><\/p>\n","protected":false},"author":1,"featured_media":0,"comment_status":"open","ping_status":"open","sticky":false,"template":"","format":"standard","meta":{"footnotes":""},"categories":[49,52],"tags":[],"_links":{"self":[{"href":"http:\/\/westwaerts-jakobsweg.at\/index.php?rest_route=\/wp\/v2\/posts\/21698"}],"collection":[{"href":"http:\/\/westwaerts-jakobsweg.at\/index.php?rest_route=\/wp\/v2\/posts"}],"about":[{"href":"http:\/\/westwaerts-jakobsweg.at\/index.php?rest_route=\/wp\/v2\/types\/post"}],"author":[{"embeddable":true,"href":"http:\/\/westwaerts-jakobsweg.at\/index.php?rest_route=\/wp\/v2\/users\/1"}],"replies":[{"embeddable":true,"href":"http:\/\/westwaerts-jakobsweg.at\/index.php?rest_route=%2Fwp%2Fv2%2Fcomments&post=21698"}],"version-history":[{"count":0,"href":"http:\/\/westwaerts-jakobsweg.at\/index.php?rest_route=\/wp\/v2\/posts\/21698\/revisions"}],"wp:attachment":[{"href":"http:\/\/westwaerts-jakobsweg.at\/index.php?rest_route=%2Fwp%2Fv2%2Fmedia&parent=21698"}],"wp:term":[{"taxonomy":"category","embeddable":true,"href":"http:\/\/westwaerts-jakobsweg.at\/index.php?rest_route=%2Fwp%2Fv2%2Fcategories&post=21698"},{"taxonomy":"post_tag","embeddable":true,"href":"http:\/\/westwaerts-jakobsweg.at\/index.php?rest_route=%2Fwp%2Fv2%2Ftags&post=21698"}],"curies":[{"name":"wp","href":"https:\/\/api.w.org\/{rel}","templated":true}]}}