{"id":21842,"date":"2023-10-02T08:07:28","date_gmt":"2023-10-02T06:07:28","guid":{"rendered":"http:\/\/westwaerts-jakobsweg.at\/?p=21842"},"modified":"2023-10-07T11:50:03","modified_gmt":"2023-10-07T09:50:03","slug":"c-portugues-tag-14","status":"publish","type":"post","link":"http:\/\/westwaerts-jakobsweg.at\/?p=21842","title":{"rendered":"C. Portugu\u00e9s Tag 14"},"content":{"rendered":"<p>Sonja besitzt jetzt eine Gipshand und soll zu Hause operiert werden. Somit ist unsere Pilgerreise beendet. Traurig, aber der Camino Ingl\u00e9s l\u00e4uft uns ja eh nicht davon &#x1f937;&#x200d;&#x2640;&#xfe0f; .<br \/>\nGestern am Abend sind wir noch zur Kathedrale gegangen, haben sie umrundet und den Schattenpilger fotografiert. Eine sch\u00f6ne Abendstimmung war und so eine angenehme Ruhe &#x1f60a; .<br \/>\nNach dem Fr\u00fchst\u00fcck heute, stapften wir zuerst ins Reiseb\u00fcro und hofften baldigst einen R\u00fcckflug zu erwischen. Morgen geht es heimw\u00e4rts. Santiago &#8211; Madrid &#8211; Wien.<br \/>\nNoch in Santiago herumstrawanzt, Pilger gschaut, Kaffee geschl\u00fcrft, Tarte de Santiago in den Gassen gekostet, im Park spazieren gegangen, Eink\u00e4ufe erledigt und nat\u00fcrlich die Kathedrale besucht und Kerzerl angez\u00fcndet.<br \/>\nDie Lust f\u00fcr den Rundgang, um den Jakobus in der Kathedrale zu umarmen, ist uns bei der riesigen Warteschlange vergangen. Das hab ich noch nie erlebt.<br \/>\nDie Besitzer von unserer Unterkunft sind so lieb und hilfsbereit. Wir d\u00fcrfen eine weiteren Nacht da schlafen und das in einem sch\u00f6neren Zimmer und mit einem Preisnachlass &#x2764;&#xfe0f; .<br \/>\nVielen Dank nochmals sagen S + R<\/p>\n<p>Unterkunft: wie gestern &#x1f970;<\/p>\n<div id='gallery-1' class='gallery galleryid-21842 gallery-columns-3 gallery-size-thumbnail'><figure class='gallery-item'>\n\t\t\t<div class='gallery-icon landscape'>\n\t\t\t\t<a href='http:\/\/westwaerts-jakobsweg.at\/?attachment_id=21847'><img loading=\"lazy\" decoding=\"async\" width=\"150\" height=\"150\" src=\"http:\/\/westwaerts-jakobsweg.at\/wp-content\/uploads\/2023\/10\/94FEFEA8-6A6C-4E96-B265-E487D65F1907-150x150.jpeg\" class=\"attachment-thumbnail size-thumbnail\" alt=\"\" aria-describedby=\"gallery-1-21847\" \/><\/a>\n\t\t\t<\/div>\n\t\t\t\t<figcaption class='wp-caption-text gallery-caption' id='gallery-1-21847'>\n\t\t\t\tSpaziergang&#8230;\n\t\t\t\t<\/figcaption><\/figure><figure class='gallery-item'>\n\t\t\t<div class='gallery-icon portrait'>\n\t\t\t\t<a href='http:\/\/westwaerts-jakobsweg.at\/?attachment_id=21848'><img loading=\"lazy\" decoding=\"async\" width=\"150\" height=\"150\" src=\"http:\/\/westwaerts-jakobsweg.at\/wp-content\/uploads\/2023\/10\/7F587C8C-A8AD-461C-9112-635658A99CE9-150x150.jpeg\" class=\"attachment-thumbnail size-thumbnail\" alt=\"\" aria-describedby=\"gallery-1-21848\" \/><\/a>\n\t\t\t<\/div>\n\t\t\t\t<figcaption class='wp-caption-text gallery-caption' id='gallery-1-21848'>\n\t\t\t\t&#8230;im Park da Alameda\n\t\t\t\t<\/figcaption><\/figure><figure class='gallery-item'>\n\t\t\t<div class='gallery-icon portrait'>\n\t\t\t\t<a href='http:\/\/westwaerts-jakobsweg.at\/?attachment_id=21849'><img loading=\"lazy\" decoding=\"async\" width=\"150\" height=\"150\" src=\"http:\/\/westwaerts-jakobsweg.at\/wp-content\/uploads\/2023\/10\/8EE90B49-8BFB-4E00-A4E2-7C65957CF659-150x150.jpeg\" class=\"attachment-thumbnail size-thumbnail\" alt=\"\" \/><\/a>\n\t\t\t<\/div><\/figure><figure class='gallery-item'>\n\t\t\t<div class='gallery-icon landscape'>\n\t\t\t\t<a href='http:\/\/westwaerts-jakobsweg.at\/?attachment_id=21850'><img loading=\"lazy\" decoding=\"async\" width=\"150\" height=\"150\" src=\"http:\/\/westwaerts-jakobsweg.at\/wp-content\/uploads\/2023\/10\/8A32826E-3887-481F-96EC-18DC54DF646F-150x150.jpeg\" class=\"attachment-thumbnail size-thumbnail\" alt=\"\" aria-describedby=\"gallery-1-21850\" \/><\/a>\n\t\t\t<\/div>\n\t\t\t\t<figcaption class='wp-caption-text gallery-caption' id='gallery-1-21850'>\n\t\t\t\tM\u00e4nnerbekanntschaft&#8230;\n\t\t\t\t<\/figcaption><\/figure><figure class='gallery-item'>\n\t\t\t<div class='gallery-icon portrait'>\n\t\t\t\t<a href='http:\/\/westwaerts-jakobsweg.at\/?attachment_id=21855'><img loading=\"lazy\" decoding=\"async\" width=\"150\" height=\"150\" src=\"http:\/\/westwaerts-jakobsweg.at\/wp-content\/uploads\/2023\/10\/2D1518A2-FC98-44D7-B8A0-8AB2C40C59FC-150x150.jpeg\" class=\"attachment-thumbnail size-thumbnail\" alt=\"\" aria-describedby=\"gallery-1-21855\" \/><\/a>\n\t\t\t<\/div>\n\t\t\t\t<figcaption class='wp-caption-text gallery-caption' id='gallery-1-21855'>\n\t\t\t\t&#8230;im Park\n\t\t\t\t<\/figcaption><\/figure><figure class='gallery-item'>\n\t\t\t<div class='gallery-icon landscape'>\n\t\t\t\t<a href='http:\/\/westwaerts-jakobsweg.at\/?attachment_id=21851'><img loading=\"lazy\" decoding=\"async\" width=\"150\" height=\"150\" src=\"http:\/\/westwaerts-jakobsweg.at\/wp-content\/uploads\/2023\/10\/6D7518E0-92C1-4290-AB81-F2309BF4B3C9-150x150.jpeg\" class=\"attachment-thumbnail size-thumbnail\" alt=\"\" aria-describedby=\"gallery-1-21851\" \/><\/a>\n\t\t\t<\/div>\n\t\t\t\t<figcaption class='wp-caption-text gallery-caption' id='gallery-1-21851'>\n\t\t\t\tanstellen f\u00fcr die Umarmung des Hl. Jakobus, nein danke\n\t\t\t\t<\/figcaption><\/figure><figure class='gallery-item'>\n\t\t\t<div class='gallery-icon landscape'>\n\t\t\t\t<a href='http:\/\/westwaerts-jakobsweg.at\/?attachment_id=21852'><img loading=\"lazy\" decoding=\"async\" width=\"150\" height=\"150\" src=\"http:\/\/westwaerts-jakobsweg.at\/wp-content\/uploads\/2023\/10\/1E962CDC-2037-4B3A-8582-8F30424FFE5C-150x150.jpeg\" class=\"attachment-thumbnail size-thumbnail\" alt=\"\" aria-describedby=\"gallery-1-21852\" \/><\/a>\n\t\t\t<\/div>\n\t\t\t\t<figcaption class='wp-caption-text gallery-caption' id='gallery-1-21852'>\n\t\t\t\tin der Kathedrale&#8230;\n\t\t\t\t<\/figcaption><\/figure><figure class='gallery-item'>\n\t\t\t<div class='gallery-icon portrait'>\n\t\t\t\t<a href='http:\/\/westwaerts-jakobsweg.at\/?attachment_id=21853'><img loading=\"lazy\" decoding=\"async\" width=\"150\" height=\"150\" src=\"http:\/\/westwaerts-jakobsweg.at\/wp-content\/uploads\/2023\/10\/D3DF061E-7C7D-42E3-926C-B4B4FD4E445F-150x150.jpeg\" class=\"attachment-thumbnail size-thumbnail\" alt=\"\" aria-describedby=\"gallery-1-21853\" \/><\/a>\n\t\t\t<\/div>\n\t\t\t\t<figcaption class='wp-caption-text gallery-caption' id='gallery-1-21853'>\n\t\t\t\tvon Santiago de C.\n\t\t\t\t<\/figcaption><\/figure><figure class='gallery-item'>\n\t\t\t<div class='gallery-icon portrait'>\n\t\t\t\t<a href='http:\/\/westwaerts-jakobsweg.at\/?attachment_id=21854'><img loading=\"lazy\" decoding=\"async\" width=\"150\" height=\"150\" src=\"http:\/\/westwaerts-jakobsweg.at\/wp-content\/uploads\/2023\/10\/B669448A-F33A-4109-93B5-E8E37965296B-150x150.jpeg\" class=\"attachment-thumbnail size-thumbnail\" alt=\"\" \/><\/a>\n\t\t\t<\/div><\/figure>\n\t\t<\/div>\n\n<p>Der Camino Portugu\u00e9s, entlang der K\u00fcste bis Valenca, hat uns sehr gut gefallen. Das Meer hat uns zeitweise verzaubert. War eher ein Urlaubsfeeling bei diesem herrlichen Wetter das uns der Wettergott schickte. Die Herbergen sind eher privat, es gibt aber auch Jugendherbergen. Die Menschen sehr freundlich und hilfsbereit. Sofort war bei einer Weg\u00fcberlegung jemand da der uns den rechten Weg zeigte &#x1f60a;. Die Pilgerzahl war \u00fcberschaubar, ein Bettchen gabs immer f\u00fcr uns.<br \/>\nVon Valenca \u00fcber die Grenzbr\u00fccke nach Tui erreicht man Spanien. Dort haben wir uns f\u00fcr das sch\u00f6ne Landesinnere entschieden. Die Kombi vom Meer ins Landesinnere war f\u00fcr uns goldrichtig. Auch wenn ab da mehr Pilger unterwegs waren, weil einige Wege zusammenkommen, gabs f\u00fcr uns immer ein Bettchen.<br \/>\nDer Weg war insgesamt unkompliziert und mit Sonja sehr harmonisch.<br \/>\nIch sage danke f\u00fcr die Kommentare, die mich wie immer erfreuten und w\u00fcnsche allen einen sch\u00f6nen Herbst &#x1f60a; .<br \/>\nDer n\u00e4chste Weg wird endlich der Camino de Levante, Ottos Wunschweg, den Corona verhinderte.<br \/>\nDarauf hoffen und freuen sich O + R<\/p>\n","protected":false},"excerpt":{"rendered":"<p>Sonja besitzt jetzt eine Gipshand und soll zu Hause operiert werden. Somit ist unsere Pilgerreise beendet. Traurig, aber der Camino Ingl\u00e9s l\u00e4uft uns ja eh nicht davon &#x1f937;&#x200d;&#x2640;&#xfe0f; . Gestern am Abend sind wir noch zur Kathedrale gegangen, haben sie umrundet und den Schattenpilger fotografiert. Eine sch\u00f6ne Abendstimmung war und so eine angenehme Ruhe &#x1f60a; . Nach dem Fr\u00fchst\u00fcck heute, stapften wir zuerst ins Reiseb\u00fcro und hofften baldigst einen R\u00fcckflug zu erwischen. Morgen geht es heimw\u00e4rts. Santiago &#8211; Madrid &#8211;&#8230;<\/p>\n<p class=\"read-more\"><a class=\"btn btn-default\" href=\"http:\/\/westwaerts-jakobsweg.at\/?p=21842\">Weiterlesen<span class=\"screen-reader-text\"> Weiterlesen<\/span><\/a><\/p>\n","protected":false},"author":1,"featured_media":0,"comment_status":"open","ping_status":"open","sticky":false,"template":"","format":"standard","meta":{"footnotes":""},"categories":[49,52],"tags":[],"_links":{"self":[{"href":"http:\/\/westwaerts-jakobsweg.at\/index.php?rest_route=\/wp\/v2\/posts\/21842"}],"collection":[{"href":"http:\/\/westwaerts-jakobsweg.at\/index.php?rest_route=\/wp\/v2\/posts"}],"about":[{"href":"http:\/\/westwaerts-jakobsweg.at\/index.php?rest_route=\/wp\/v2\/types\/post"}],"author":[{"embeddable":true,"href":"http:\/\/westwaerts-jakobsweg.at\/index.php?rest_route=\/wp\/v2\/users\/1"}],"replies":[{"embeddable":true,"href":"http:\/\/westwaerts-jakobsweg.at\/index.php?rest_route=%2Fwp%2Fv2%2Fcomments&post=21842"}],"version-history":[{"count":0,"href":"http:\/\/westwaerts-jakobsweg.at\/index.php?rest_route=\/wp\/v2\/posts\/21842\/revisions"}],"wp:attachment":[{"href":"http:\/\/westwaerts-jakobsweg.at\/index.php?rest_route=%2Fwp%2Fv2%2Fmedia&parent=21842"}],"wp:term":[{"taxonomy":"category","embeddable":true,"href":"http:\/\/westwaerts-jakobsweg.at\/index.php?rest_route=%2Fwp%2Fv2%2Fcategories&post=21842"},{"taxonomy":"post_tag","embeddable":true,"href":"http:\/\/westwaerts-jakobsweg.at\/index.php?rest_route=%2Fwp%2Fv2%2Ftags&post=21842"}],"curies":[{"name":"wp","href":"https:\/\/api.w.org\/{rel}","templated":true}]}}