{"id":24141,"date":"2024-08-01T13:06:46","date_gmt":"2024-08-01T11:06:46","guid":{"rendered":"http:\/\/westwaerts-jakobsweg.at\/?p=24141"},"modified":"2024-11-11T14:33:39","modified_gmt":"2024-11-11T13:33:39","slug":"c-ingles","status":"publish","type":"post","link":"http:\/\/westwaerts-jakobsweg.at\/?p=24141","title":{"rendered":"C. Ingl\u00e9s"},"content":{"rendered":"<p>Letztes Jahr wurde Sonja und mir der Camino Ingl\u00e9s, durch Sonjas Handbruch, nicht geg\u00f6nnt. Also ist er jetzt, als Abschluss von den heurigen Wegen dran. Nicht mit Sonja, sie will nicht mehr, daf\u00fcr mit Karin unserer Tochter. Passt, bereits vor Jahren hatten wir die Idee gemeinsam einen Jakobsweg zu gehen.<br \/>\nAb A Coru\u00f1a mit 73km und ab Ferrol mit 113km ist der Camino Ingl\u00e9s der k\u00fcrzeste Jakobsweg. Wir entscheiden uns f\u00fcr den Start in Ferrol. \u00a0Der Ort liegt an der nord-westlichsten Ecke von Nordspanien an einem Meeresarm. Die Meeresarme nennt man in Galicien R\u00edas.<br \/>\nZu Beginn begleitet uns das Meer und f\u00fchrt uns dann durch das gr\u00fcne Galicien nach Santiago.<br \/>\nDamit der Flug sich lohnt h\u00e4ngen wir noch den Camino Muxia\/Finisterre an.<br \/>\nAuf das letzte Abenteuer in diesem Jahr freuen sich K + R<\/p>\n<p><a href=\"http:\/\/westwaerts-jakobsweg.at\/wp-content\/uploads\/2024\/08\/IMG_7414.jpeg\"><img loading=\"lazy\" decoding=\"async\" class=\"aligncenter size-thumbnail wp-image-24201\" src=\"http:\/\/westwaerts-jakobsweg.at\/wp-content\/uploads\/2024\/08\/IMG_7414-150x150.jpeg\" alt=\"\" width=\"150\" height=\"150\" \/><\/a><\/p>\n","protected":false},"excerpt":{"rendered":"<p>Letztes Jahr wurde Sonja und mir der Camino Ingl\u00e9s, durch Sonjas Handbruch, nicht geg\u00f6nnt. Also ist er jetzt, als Abschluss von den heurigen Wegen dran. Nicht mit Sonja, sie will nicht mehr, daf\u00fcr mit Karin unserer Tochter. Passt, bereits vor Jahren hatten wir die Idee gemeinsam einen Jakobsweg zu gehen. Ab A Coru\u00f1a mit 73km und ab Ferrol mit 113km ist der Camino Ingl\u00e9s der k\u00fcrzeste Jakobsweg. Wir entscheiden uns f\u00fcr den Start in Ferrol. \u00a0Der Ort liegt an der&#8230;<\/p>\n<p class=\"read-more\"><a class=\"btn btn-default\" href=\"http:\/\/westwaerts-jakobsweg.at\/?p=24141\">Weiterlesen<span class=\"screen-reader-text\"> Weiterlesen<\/span><\/a><\/p>\n","protected":false},"author":1,"featured_media":24163,"comment_status":"open","ping_status":"open","sticky":false,"template":"","format":"standard","meta":{"footnotes":""},"categories":[56,61],"tags":[],"_links":{"self":[{"href":"http:\/\/westwaerts-jakobsweg.at\/index.php?rest_route=\/wp\/v2\/posts\/24141"}],"collection":[{"href":"http:\/\/westwaerts-jakobsweg.at\/index.php?rest_route=\/wp\/v2\/posts"}],"about":[{"href":"http:\/\/westwaerts-jakobsweg.at\/index.php?rest_route=\/wp\/v2\/types\/post"}],"author":[{"embeddable":true,"href":"http:\/\/westwaerts-jakobsweg.at\/index.php?rest_route=\/wp\/v2\/users\/1"}],"replies":[{"embeddable":true,"href":"http:\/\/westwaerts-jakobsweg.at\/index.php?rest_route=%2Fwp%2Fv2%2Fcomments&post=24141"}],"version-history":[{"count":0,"href":"http:\/\/westwaerts-jakobsweg.at\/index.php?rest_route=\/wp\/v2\/posts\/24141\/revisions"}],"wp:featuredmedia":[{"embeddable":true,"href":"http:\/\/westwaerts-jakobsweg.at\/index.php?rest_route=\/wp\/v2\/media\/24163"}],"wp:attachment":[{"href":"http:\/\/westwaerts-jakobsweg.at\/index.php?rest_route=%2Fwp%2Fv2%2Fmedia&parent=24141"}],"wp:term":[{"taxonomy":"category","embeddable":true,"href":"http:\/\/westwaerts-jakobsweg.at\/index.php?rest_route=%2Fwp%2Fv2%2Fcategories&post=24141"},{"taxonomy":"post_tag","embeddable":true,"href":"http:\/\/westwaerts-jakobsweg.at\/index.php?rest_route=%2Fwp%2Fv2%2Ftags&post=24141"}],"curies":[{"name":"wp","href":"https:\/\/api.w.org\/{rel}","templated":true}]}}