{"id":24206,"date":"2024-09-22T21:27:11","date_gmt":"2024-09-22T19:27:11","guid":{"rendered":"http:\/\/westwaerts-jakobsweg.at\/?p=24206"},"modified":"2024-11-11T14:32:02","modified_gmt":"2024-11-11T13:32:02","slug":"camino-ingles-tag-1","status":"publish","type":"post","link":"http:\/\/westwaerts-jakobsweg.at\/?p=24206","title":{"rendered":"Camino Ingl\u00e9s Tag 1"},"content":{"rendered":"<p>Flug von Wien &#8211; Frankfurt\/Main &#8211; Santiago<\/p>\n<p>Otto hat uns zwei zum Flughafen gebracht, danke daf\u00fcr. Ohne Zwischenf\u00e4lle sind wir in Santiago angekommen und mit dem Bus in die Stadt gefahren. Schon komisch Santiago zu Beginn.<br \/>\nErstmals sind unsere Ruckis Handgep\u00e4ck. Unsere Trekking St\u00f6cke haben wir deshalb zu Hause gelassen. Zwar gibt es am Wiener Flughafen kein Problem sie mitzunehmen aber angeblich in Santiago beim Heimflug schon. (Nachtrag: Stimmt nicht, auch am Flughafen von Santiago sind Wanderst\u00f6cke im Handgep\u00e4ck erlaubt. Sie m\u00fcssen nicht einmal in den Rucksack passen).<br \/>\nIch bekam von der Gruppe Camino Ingl\u00e9s die wertvolle Mitteilung, Trekking St\u00f6cke die Pilger im Pilgerb\u00fcro oder in der Casa Ivar zur\u00fccklassen, darf man sich nehmen. Tja, jetzt sind wir gl\u00fcckliche Besitzer von guten St\u00f6cken (Casa Ivar). Karin hat dort noch einen quitsch \u2013 pinkfarbenen Poncho und einen Pilgerpass ergattert. Wenn wir zur\u00fcckkommen nach Santiago werden wir die Sachen f\u00fcr die n\u00e4chsten Pilger wieder abgeben. Bis auf den Pilgerpass nat\u00fcrlich \ud83d\ude09 .<br \/>\nKarin ist von der Stadt begeistert und genie\u00dft das Nachtleben, w\u00e4hrend ich mich um den Blog k\u00fcmmere.<br \/>\nDen Abend bei angenehmer Temperatur ausklingen, lassen K + R<\/p>\n<p>Unterkunft: San Martin Pinario<br \/>\nVis-a-vis von der Kathedrale<br \/>\nTel.: +34 981560282<\/p>\n<div id='gallery-1' class='gallery galleryid-24206 gallery-columns-3 gallery-size-thumbnail'><figure class='gallery-item'>\n\t\t\t<div class='gallery-icon portrait'>\n\t\t\t\t<a href='http:\/\/westwaerts-jakobsweg.at\/?attachment_id=24214'><img loading=\"lazy\" decoding=\"async\" width=\"150\" height=\"150\" src=\"http:\/\/westwaerts-jakobsweg.at\/wp-content\/uploads\/2024\/09\/IMG_7430-150x150.jpeg\" class=\"attachment-thumbnail size-thumbnail\" alt=\"\" aria-describedby=\"gallery-1-24214\" \/><\/a>\n\t\t\t<\/div>\n\t\t\t\t<figcaption class='wp-caption-text gallery-caption' id='gallery-1-24214'>\n\t\t\t\tauf nach Spanien&#8230;\n\t\t\t\t<\/figcaption><\/figure><figure class='gallery-item'>\n\t\t\t<div class='gallery-icon portrait'>\n\t\t\t\t<a href='http:\/\/westwaerts-jakobsweg.at\/?attachment_id=24213'><img loading=\"lazy\" decoding=\"async\" width=\"150\" height=\"150\" src=\"http:\/\/westwaerts-jakobsweg.at\/wp-content\/uploads\/2024\/09\/IMG_7428-150x150.jpeg\" class=\"attachment-thumbnail size-thumbnail\" alt=\"\" aria-describedby=\"gallery-1-24213\" \/><\/a>\n\t\t\t<\/div>\n\t\t\t\t<figcaption class='wp-caption-text gallery-caption' id='gallery-1-24213'>\n\t\t\t\t&#8230;oder doch wieder nach Hause? \ud83d\ude42\n\t\t\t\t<\/figcaption><\/figure><figure class='gallery-item'>\n\t\t\t<div class='gallery-icon portrait'>\n\t\t\t\t<a href='http:\/\/westwaerts-jakobsweg.at\/?attachment_id=24217'><img loading=\"lazy\" decoding=\"async\" width=\"150\" height=\"150\" src=\"http:\/\/westwaerts-jakobsweg.at\/wp-content\/uploads\/2024\/09\/e40baafe-5592-4903-86b7-3eab546789ae-150x150.jpeg\" class=\"attachment-thumbnail size-thumbnail\" alt=\"\" aria-describedby=\"gallery-1-24217\" \/><\/a>\n\t\t\t<\/div>\n\t\t\t\t<figcaption class='wp-caption-text gallery-caption' id='gallery-1-24217'>\n\t\t\t\t\u00fcber oder in den Wolken?\n\t\t\t\t<\/figcaption><\/figure><figure class='gallery-item'>\n\t\t\t<div class='gallery-icon landscape'>\n\t\t\t\t<a href='http:\/\/westwaerts-jakobsweg.at\/?attachment_id=24212'><img loading=\"lazy\" decoding=\"async\" width=\"150\" height=\"150\" src=\"http:\/\/westwaerts-jakobsweg.at\/wp-content\/uploads\/2024\/09\/IMG_7420-e1727067849826-150x150.jpeg\" class=\"attachment-thumbnail size-thumbnail\" alt=\"\" aria-describedby=\"gallery-1-24212\" \/><\/a>\n\t\t\t<\/div>\n\t\t\t\t<figcaption class='wp-caption-text gallery-caption' id='gallery-1-24212'>\n\t\t\t\tunsere Unterkunft in Santiago, San Martin Pinario\n\t\t\t\t<\/figcaption><\/figure><figure class='gallery-item'>\n\t\t\t<div class='gallery-icon portrait'>\n\t\t\t\t<a href='http:\/\/westwaerts-jakobsweg.at\/?attachment_id=24216'><img loading=\"lazy\" decoding=\"async\" width=\"150\" height=\"150\" src=\"http:\/\/westwaerts-jakobsweg.at\/wp-content\/uploads\/2024\/09\/IMG_7436-150x150.jpeg\" class=\"attachment-thumbnail size-thumbnail\" alt=\"\" aria-describedby=\"gallery-1-24216\" \/><\/a>\n\t\t\t<\/div>\n\t\t\t\t<figcaption class='wp-caption-text gallery-caption' id='gallery-1-24216'>\n\t\t\t\tSchattenpilger bei der Kathedrale\n\t\t\t\t<\/figcaption><\/figure><figure class='gallery-item'>\n\t\t\t<div class='gallery-icon landscape'>\n\t\t\t\t<a href='http:\/\/westwaerts-jakobsweg.at\/?attachment_id=24215'><img loading=\"lazy\" decoding=\"async\" width=\"150\" height=\"150\" src=\"http:\/\/westwaerts-jakobsweg.at\/wp-content\/uploads\/2024\/09\/IMG_7431-150x150.jpeg\" class=\"attachment-thumbnail size-thumbnail\" alt=\"\" aria-describedby=\"gallery-1-24215\" \/><\/a>\n\t\t\t<\/div>\n\t\t\t\t<figcaption class='wp-caption-text gallery-caption' id='gallery-1-24215'>\n\t\t\t\tKathedrale in Santiago d. C.\n\t\t\t\t<\/figcaption><\/figure>\n\t\t<\/div>\n\n<p><iframe loading=\"lazy\" title=\"23. September 2024\" width=\"640\" height=\"360\" src=\"https:\/\/www.youtube.com\/embed\/ZcMjen8DP4c?feature=oembed\" frameborder=\"0\" allow=\"accelerometer; autoplay; clipboard-write; encrypted-media; gyroscope; picture-in-picture; web-share\" referrerpolicy=\"strict-origin-when-cross-origin\" allowfullscreen><\/iframe><\/p>\n","protected":false},"excerpt":{"rendered":"<p>Flug von Wien &#8211; Frankfurt\/Main &#8211; Santiago Otto hat uns zwei zum Flughafen gebracht, danke daf\u00fcr. Ohne Zwischenf\u00e4lle sind wir in Santiago angekommen und mit dem Bus in die Stadt gefahren. Schon komisch Santiago zu Beginn. Erstmals sind unsere Ruckis Handgep\u00e4ck. Unsere Trekking St\u00f6cke haben wir deshalb zu Hause gelassen. Zwar gibt es am Wiener Flughafen kein Problem sie mitzunehmen aber angeblich in Santiago beim Heimflug schon. (Nachtrag: Stimmt nicht, auch am Flughafen von Santiago sind Wanderst\u00f6cke im Handgep\u00e4ck erlaubt&#8230;.<\/p>\n<p class=\"read-more\"><a class=\"btn btn-default\" href=\"http:\/\/westwaerts-jakobsweg.at\/?p=24206\">Weiterlesen<span class=\"screen-reader-text\"> Weiterlesen<\/span><\/a><\/p>\n","protected":false},"author":1,"featured_media":0,"comment_status":"open","ping_status":"open","sticky":false,"template":"","format":"standard","meta":{"footnotes":""},"categories":[61],"tags":[],"_links":{"self":[{"href":"http:\/\/westwaerts-jakobsweg.at\/index.php?rest_route=\/wp\/v2\/posts\/24206"}],"collection":[{"href":"http:\/\/westwaerts-jakobsweg.at\/index.php?rest_route=\/wp\/v2\/posts"}],"about":[{"href":"http:\/\/westwaerts-jakobsweg.at\/index.php?rest_route=\/wp\/v2\/types\/post"}],"author":[{"embeddable":true,"href":"http:\/\/westwaerts-jakobsweg.at\/index.php?rest_route=\/wp\/v2\/users\/1"}],"replies":[{"embeddable":true,"href":"http:\/\/westwaerts-jakobsweg.at\/index.php?rest_route=%2Fwp%2Fv2%2Fcomments&post=24206"}],"version-history":[{"count":0,"href":"http:\/\/westwaerts-jakobsweg.at\/index.php?rest_route=\/wp\/v2\/posts\/24206\/revisions"}],"wp:attachment":[{"href":"http:\/\/westwaerts-jakobsweg.at\/index.php?rest_route=%2Fwp%2Fv2%2Fmedia&parent=24206"}],"wp:term":[{"taxonomy":"category","embeddable":true,"href":"http:\/\/westwaerts-jakobsweg.at\/index.php?rest_route=%2Fwp%2Fv2%2Fcategories&post=24206"},{"taxonomy":"post_tag","embeddable":true,"href":"http:\/\/westwaerts-jakobsweg.at\/index.php?rest_route=%2Fwp%2Fv2%2Ftags&post=24206"}],"curies":[{"name":"wp","href":"https:\/\/api.w.org\/{rel}","templated":true}]}}