{"id":24228,"date":"2024-09-23T10:16:23","date_gmt":"2024-09-23T08:16:23","guid":{"rendered":"http:\/\/westwaerts-jakobsweg.at\/?p=24228"},"modified":"2024-09-23T18:11:08","modified_gmt":"2024-09-23T16:11:08","slug":"camino-ingles-tag-2","status":"publish","type":"post","link":"http:\/\/westwaerts-jakobsweg.at\/?p=24228","title":{"rendered":"Camino Ingl\u00e9s Tag 2"},"content":{"rendered":"<p>Mit dem Bus von Santiago nach Ferrol<\/p>\n<p>In der Stadt war gestern was los. Viele Pilger und Touris gibt es noch.<br \/>\nAu\u00dferdem war bei der Kathedrale eine Fiesta mit spanischer Musik. Die Leute sangen begeistert mit :-), wir nat\u00fcrlich auch \ud83d\ude09 .<br \/>\nHatten in unserer sch\u00f6nen Unterkunft ein tolles Fr\u00fchst\u00fccksbuffet. Danach eilten wir zum Bahnhof. Einige Pilger haben das gleiche Ziel. Sind gespannt wieviele am Weg sind.<br \/>\nDie Fahrt war recht sch\u00f6n. Man kommt durch einige Ortschaften vom Camino Ingl\u00e9s und das Meer hatte wieder unsere volle Begeisterung.<br \/>\nEine kleine Wanderung durch Ferrol, haupts\u00e4chlich der Hafen hat es uns angetan. Dort beginnt auch der Camino Ingl\u00e9s, nicht wie sonst bei einer Kirche.<br \/>\nDie Leut sind so lieb und hilfsbereit. Ungefragt hat uns ein Herr den Weg zur Herberge gezeigt \ud83d\ude42 . Die befindet sich in einem Glaskasten, sie ist recht neu, sauber und nicht weit vom Camino entfernt.<br \/>\n10km sind wir heut durch die Gegend geschlapft. Jetzt sitzen wir hinter der Herberge in einer Gr\u00fcnanlage, mit Blick auf das Meer.<br \/>\nDas Leben ist sch\u00f6n finden K + R<\/p>\n<p>Unterkunft: \u00f6ffentliche Herberge<br \/>\nEstrada Alta 25<\/p>\n<div id='gallery-1' class='gallery galleryid-24228 gallery-columns-3 gallery-size-thumbnail'><figure class='gallery-item'>\n\t\t\t<div class='gallery-icon landscape'>\n\t\t\t\t<a href='http:\/\/westwaerts-jakobsweg.at\/?attachment_id=24235'><img loading=\"lazy\" decoding=\"async\" width=\"150\" height=\"150\" src=\"http:\/\/westwaerts-jakobsweg.at\/wp-content\/uploads\/2024\/09\/5e49f3a8-b372-484c-887c-f802d5bd7519-150x150.jpg\" class=\"attachment-thumbnail size-thumbnail\" alt=\"\" aria-describedby=\"gallery-1-24235\" \/><\/a>\n\t\t\t<\/div>\n\t\t\t\t<figcaption class='wp-caption-text gallery-caption' id='gallery-1-24235'>\n\t\t\t\tmit dem Bus durch Pontedeume\n\t\t\t\t<\/figcaption><\/figure><figure class='gallery-item'>\n\t\t\t<div class='gallery-icon landscape'>\n\t\t\t\t<a href='http:\/\/westwaerts-jakobsweg.at\/?attachment_id=24236'><img loading=\"lazy\" decoding=\"async\" width=\"150\" height=\"150\" src=\"http:\/\/westwaerts-jakobsweg.at\/wp-content\/uploads\/2024\/09\/IMG_7454-150x150.jpg\" class=\"attachment-thumbnail size-thumbnail\" alt=\"\" \/><\/a>\n\t\t\t<\/div><\/figure><figure class='gallery-item'>\n\t\t\t<div class='gallery-icon portrait'>\n\t\t\t\t<a href='http:\/\/westwaerts-jakobsweg.at\/?attachment_id=24237'><img loading=\"lazy\" decoding=\"async\" width=\"150\" height=\"150\" src=\"http:\/\/westwaerts-jakobsweg.at\/wp-content\/uploads\/2024\/09\/IMG_7464-150x150.jpg\" class=\"attachment-thumbnail size-thumbnail\" alt=\"\" aria-describedby=\"gallery-1-24237\" \/><\/a>\n\t\t\t<\/div>\n\t\t\t\t<figcaption class='wp-caption-text gallery-caption' id='gallery-1-24237'>\n\t\t\t\tam Hafen in Ferrol\n\t\t\t\t<\/figcaption><\/figure><figure class='gallery-item'>\n\t\t\t<div class='gallery-icon portrait'>\n\t\t\t\t<a href='http:\/\/westwaerts-jakobsweg.at\/?attachment_id=24238'><img loading=\"lazy\" decoding=\"async\" width=\"150\" height=\"150\" src=\"http:\/\/westwaerts-jakobsweg.at\/wp-content\/uploads\/2024\/09\/5087c1b9-bf7b-43ba-9356-9647f4c36c6b-150x150.jpg\" class=\"attachment-thumbnail size-thumbnail\" alt=\"\" aria-describedby=\"gallery-1-24238\" \/><\/a>\n\t\t\t<\/div>\n\t\t\t\t<figcaption class='wp-caption-text gallery-caption' id='gallery-1-24238'>\n\t\t\t\tHafen in Ferrol\n\t\t\t\t<\/figcaption><\/figure><figure class='gallery-item'>\n\t\t\t<div class='gallery-icon portrait'>\n\t\t\t\t<a href='http:\/\/westwaerts-jakobsweg.at\/?attachment_id=24239'><img loading=\"lazy\" decoding=\"async\" width=\"150\" height=\"150\" src=\"http:\/\/westwaerts-jakobsweg.at\/wp-content\/uploads\/2024\/09\/9b682405-76b2-44b0-9d22-95b889554c9c-150x150.jpg\" class=\"attachment-thumbnail size-thumbnail\" alt=\"\" \/><\/a>\n\t\t\t<\/div><\/figure><figure class='gallery-item'>\n\t\t\t<div class='gallery-icon landscape'>\n\t\t\t\t<a href='http:\/\/westwaerts-jakobsweg.at\/?attachment_id=24240'><img loading=\"lazy\" decoding=\"async\" width=\"150\" height=\"150\" src=\"http:\/\/westwaerts-jakobsweg.at\/wp-content\/uploads\/2024\/09\/IMG_7472-150x150.jpg\" class=\"attachment-thumbnail size-thumbnail\" alt=\"\" aria-describedby=\"gallery-1-24240\" \/><\/a>\n\t\t\t<\/div>\n\t\t\t\t<figcaption class='wp-caption-text gallery-caption' id='gallery-1-24240'>\n\t\t\t\tneben der Info in Ferrol\n\t\t\t\t<\/figcaption><\/figure><figure class='gallery-item'>\n\t\t\t<div class='gallery-icon portrait'>\n\t\t\t\t<a href='http:\/\/westwaerts-jakobsweg.at\/?attachment_id=24241'><img loading=\"lazy\" decoding=\"async\" width=\"150\" height=\"150\" src=\"http:\/\/westwaerts-jakobsweg.at\/wp-content\/uploads\/2024\/09\/IMG_7475-150x150.jpg\" class=\"attachment-thumbnail size-thumbnail\" alt=\"\" aria-describedby=\"gallery-1-24241\" \/><\/a>\n\t\t\t<\/div>\n\t\t\t\t<figcaption class='wp-caption-text gallery-caption' id='gallery-1-24241'>\n\t\t\t\tBlick von der Herberge in Ferrol&#8230;\n\t\t\t\t<\/figcaption><\/figure><figure class='gallery-item'>\n\t\t\t<div class='gallery-icon portrait'>\n\t\t\t\t<a href='http:\/\/westwaerts-jakobsweg.at\/?attachment_id=24242'><img loading=\"lazy\" decoding=\"async\" width=\"150\" height=\"150\" src=\"http:\/\/westwaerts-jakobsweg.at\/wp-content\/uploads\/2024\/09\/IMG_7474-150x150.jpg\" class=\"attachment-thumbnail size-thumbnail\" alt=\"\" aria-describedby=\"gallery-1-24242\" \/><\/a>\n\t\t\t<\/div>\n\t\t\t\t<figcaption class='wp-caption-text gallery-caption' id='gallery-1-24242'>\n\t\t\t\t&#8230;Karin genie\u00dft die Sonne, das Glasgeb\u00e4ude ist die Herberge\n\t\t\t\t<\/figcaption><\/figure>\n\t\t<\/div>\n\n","protected":false},"excerpt":{"rendered":"<p>Mit dem Bus von Santiago nach Ferrol In der Stadt war gestern was los. Viele Pilger und Touris gibt es noch. Au\u00dferdem war bei der Kathedrale eine Fiesta mit spanischer Musik. Die Leute sangen begeistert mit :-), wir nat\u00fcrlich auch \ud83d\ude09 . Hatten in unserer sch\u00f6nen Unterkunft ein tolles Fr\u00fchst\u00fccksbuffet. Danach eilten wir zum Bahnhof. Einige Pilger haben das gleiche Ziel. Sind gespannt wieviele am Weg sind. Die Fahrt war recht sch\u00f6n. Man kommt durch einige Ortschaften vom Camino Ingl\u00e9s&#8230;<\/p>\n<p class=\"read-more\"><a class=\"btn btn-default\" href=\"http:\/\/westwaerts-jakobsweg.at\/?p=24228\">Weiterlesen<span class=\"screen-reader-text\"> Weiterlesen<\/span><\/a><\/p>\n","protected":false},"author":1,"featured_media":0,"comment_status":"open","ping_status":"open","sticky":false,"template":"","format":"standard","meta":{"footnotes":""},"categories":[56,61],"tags":[],"_links":{"self":[{"href":"http:\/\/westwaerts-jakobsweg.at\/index.php?rest_route=\/wp\/v2\/posts\/24228"}],"collection":[{"href":"http:\/\/westwaerts-jakobsweg.at\/index.php?rest_route=\/wp\/v2\/posts"}],"about":[{"href":"http:\/\/westwaerts-jakobsweg.at\/index.php?rest_route=\/wp\/v2\/types\/post"}],"author":[{"embeddable":true,"href":"http:\/\/westwaerts-jakobsweg.at\/index.php?rest_route=\/wp\/v2\/users\/1"}],"replies":[{"embeddable":true,"href":"http:\/\/westwaerts-jakobsweg.at\/index.php?rest_route=%2Fwp%2Fv2%2Fcomments&post=24228"}],"version-history":[{"count":0,"href":"http:\/\/westwaerts-jakobsweg.at\/index.php?rest_route=\/wp\/v2\/posts\/24228\/revisions"}],"wp:attachment":[{"href":"http:\/\/westwaerts-jakobsweg.at\/index.php?rest_route=%2Fwp%2Fv2%2Fmedia&parent=24228"}],"wp:term":[{"taxonomy":"category","embeddable":true,"href":"http:\/\/westwaerts-jakobsweg.at\/index.php?rest_route=%2Fwp%2Fv2%2Fcategories&post=24228"},{"taxonomy":"post_tag","embeddable":true,"href":"http:\/\/westwaerts-jakobsweg.at\/index.php?rest_route=%2Fwp%2Fv2%2Ftags&post=24228"}],"curies":[{"name":"wp","href":"https:\/\/api.w.org\/{rel}","templated":true}]}}