{"id":24246,"date":"2024-09-24T15:22:30","date_gmt":"2024-09-24T13:22:30","guid":{"rendered":"http:\/\/westwaerts-jakobsweg.at\/?p=24246"},"modified":"2024-10-16T11:24:18","modified_gmt":"2024-10-16T09:24:18","slug":"camino-ingles-tag-3-26-5km","status":"publish","type":"post","link":"http:\/\/westwaerts-jakobsweg.at\/?p=24246","title":{"rendered":"Camino Ingl\u00e9s Tag 3"},"content":{"rendered":"<p>Ferrol &#8211; Xubia \u00a016.5km<\/p>\n<p>Gestern am Abend hat es noch ordentlich gesch\u00fcttet. Wir haben gut geschlafen. Heute in der Fr\u00fch war ich noch total daneben. Hab von Karin die Socken angezogen, in ihren Rucksack meine Sachen eingepackt, zuletzt noch ihre Schuhe angezogen und mich gewundert warum sie mir auf einmal zu klein sind \ud83d\ude42 .<br \/>\nKein Regen heute aber sehr schw\u00fcl zu Beginn, sp\u00e4ter sommerlich warm.<br \/>\nLang geht es zu Stadt hinaus, mit Blick auf den Marinehafen. Zwischendurch sch\u00f6ne Wege entlang vom Meer mit sch\u00f6nen Str\u00e4nden.<br \/>\nMaronib\u00e4ume wachsen da, die Fr\u00fcchte wollten nat\u00fcrlich gesammelt werden. Tratschen mit Einheimischen war angesagt. Wir konnten tr\u00f6deln, die Etappe war kurz \ud83d\ude42 .<br \/>\nDie Abk\u00fcrzung vom Buch mit 10 km n\u00fctzten wir nat\u00fcrlich nicht. Der Camino Ingl\u00e9s ist sowieso schon kurz genug.<br \/>\nBald, nach einer Pause in Gandara beginnt ein sch\u00f6ner Wald-Wanderweg. Nach einem kleiner Umweg zu einer alten M\u00fchle und durch ein sch\u00f6nes Schwemmgebiet erreicht man den 100km Stein. Haha, gleich am ersten Tag. Ein Foto muss nat\u00fcrlich trotzdem sein \ud83d\ude42 .<br \/>\nEntlang der Uferpromenade erreicht man die Herberge. Die liegt wundersch\u00f6n mitten im Gr\u00fcnen. Haben dort Sepp aus der Steiermark getroffen.<br \/>\nZufrieden mit den ersten Tag<br \/>\nsind K + R<\/p>\n<p>Unterkunft: \u00f6ffentliche Herberge Santa Mar\u00eda de Neda in Xubia<\/p>\n<div id='gallery-1' class='gallery galleryid-24246 gallery-columns-3 gallery-size-thumbnail'><figure class='gallery-item'>\n\t\t\t<div class='gallery-icon portrait'>\n\t\t\t\t<a href='http:\/\/westwaerts-jakobsweg.at\/?attachment_id=24251'><img loading=\"lazy\" decoding=\"async\" width=\"150\" height=\"150\" src=\"http:\/\/westwaerts-jakobsweg.at\/wp-content\/uploads\/2024\/09\/IMG_7498-150x150.jpg\" class=\"attachment-thumbnail size-thumbnail\" alt=\"\" aria-describedby=\"gallery-1-24251\" \/><\/a>\n\t\t\t<\/div>\n\t\t\t\t<figcaption class='wp-caption-text gallery-caption' id='gallery-1-24251'>\n\t\t\t\tin Ferrol\n\t\t\t\t<\/figcaption><\/figure><figure class='gallery-item'>\n\t\t\t<div class='gallery-icon landscape'>\n\t\t\t\t<a href='http:\/\/westwaerts-jakobsweg.at\/?attachment_id=24252'><img loading=\"lazy\" decoding=\"async\" width=\"150\" height=\"150\" src=\"http:\/\/westwaerts-jakobsweg.at\/wp-content\/uploads\/2024\/09\/IMG_7503-150x150.jpg\" class=\"attachment-thumbnail size-thumbnail\" alt=\"\" aria-describedby=\"gallery-1-24252\" \/><\/a>\n\t\t\t<\/div>\n\t\t\t\t<figcaption class='wp-caption-text gallery-caption' id='gallery-1-24252'>\n\t\t\t\tbeim Milit\u00e4rhafen in Ferrol\n\t\t\t\t<\/figcaption><\/figure><figure class='gallery-item'>\n\t\t\t<div class='gallery-icon landscape'>\n\t\t\t\t<a href='http:\/\/westwaerts-jakobsweg.at\/?attachment_id=24253'><img loading=\"lazy\" decoding=\"async\" width=\"150\" height=\"150\" src=\"http:\/\/westwaerts-jakobsweg.at\/wp-content\/uploads\/2024\/09\/IMG_7511-150x150.jpg\" class=\"attachment-thumbnail size-thumbnail\" alt=\"\" aria-describedby=\"gallery-1-24253\" \/><\/a>\n\t\t\t<\/div>\n\t\t\t\t<figcaption class='wp-caption-text gallery-caption' id='gallery-1-24253'>\n\t\t\t\tentlang der Ria (Meeresarm)\n\t\t\t\t<\/figcaption><\/figure><figure class='gallery-item'>\n\t\t\t<div class='gallery-icon portrait'>\n\t\t\t\t<a href='http:\/\/westwaerts-jakobsweg.at\/?attachment_id=24263'><img loading=\"lazy\" decoding=\"async\" width=\"150\" height=\"150\" src=\"http:\/\/westwaerts-jakobsweg.at\/wp-content\/uploads\/2024\/09\/IMG_7546-150x150.jpg\" class=\"attachment-thumbnail size-thumbnail\" alt=\"\" \/><\/a>\n\t\t\t<\/div><\/figure><figure class='gallery-item'>\n\t\t\t<div class='gallery-icon portrait'>\n\t\t\t\t<a href='http:\/\/westwaerts-jakobsweg.at\/?attachment_id=24256'><img loading=\"lazy\" decoding=\"async\" width=\"150\" height=\"150\" src=\"http:\/\/westwaerts-jakobsweg.at\/wp-content\/uploads\/2024\/09\/IMG_7530-150x150.jpg\" class=\"attachment-thumbnail size-thumbnail\" alt=\"\" aria-describedby=\"gallery-1-24256\" \/><\/a>\n\t\t\t<\/div>\n\t\t\t\t<figcaption class='wp-caption-text gallery-caption' id='gallery-1-24256'>\n\t\t\t\tKirche San Martin de Xubia\n\t\t\t\t<\/figcaption><\/figure><figure class='gallery-item'>\n\t\t\t<div class='gallery-icon landscape'>\n\t\t\t\t<a href='http:\/\/westwaerts-jakobsweg.at\/?attachment_id=24257'><img loading=\"lazy\" decoding=\"async\" width=\"150\" height=\"150\" src=\"http:\/\/westwaerts-jakobsweg.at\/wp-content\/uploads\/2024\/09\/IMG_7537-150x150.jpg\" class=\"attachment-thumbnail size-thumbnail\" alt=\"\" \/><\/a>\n\t\t\t<\/div><\/figure><figure class='gallery-item'>\n\t\t\t<div class='gallery-icon portrait'>\n\t\t\t\t<a href='http:\/\/westwaerts-jakobsweg.at\/?attachment_id=24258'><img loading=\"lazy\" decoding=\"async\" width=\"150\" height=\"150\" src=\"http:\/\/westwaerts-jakobsweg.at\/wp-content\/uploads\/2024\/09\/IMG_7520-150x150.jpg\" class=\"attachment-thumbnail size-thumbnail\" alt=\"\" \/><\/a>\n\t\t\t<\/div><\/figure><figure class='gallery-item'>\n\t\t\t<div class='gallery-icon portrait'>\n\t\t\t\t<a href='http:\/\/westwaerts-jakobsweg.at\/?attachment_id=24259'><img loading=\"lazy\" decoding=\"async\" width=\"150\" height=\"150\" src=\"http:\/\/westwaerts-jakobsweg.at\/wp-content\/uploads\/2024\/09\/IMG_7556-150x150.jpg\" class=\"attachment-thumbnail size-thumbnail\" alt=\"\" aria-describedby=\"gallery-1-24259\" \/><\/a>\n\t\t\t<\/div>\n\t\t\t\t<figcaption class='wp-caption-text gallery-caption' id='gallery-1-24259'>\n\t\t\t\tbald in der Herberge von Xubia\n\t\t\t\t<\/figcaption><\/figure><figure class='gallery-item'>\n\t\t\t<div class='gallery-icon landscape'>\n\t\t\t\t<a href='http:\/\/westwaerts-jakobsweg.at\/?attachment_id=24260'><img loading=\"lazy\" decoding=\"async\" width=\"150\" height=\"150\" src=\"http:\/\/westwaerts-jakobsweg.at\/wp-content\/uploads\/2024\/09\/IMG_7561-150x150.jpg\" class=\"attachment-thumbnail size-thumbnail\" alt=\"\" \/><\/a>\n\t\t\t<\/div><\/figure>\n\t\t<\/div>\n\n","protected":false},"excerpt":{"rendered":"<p>Ferrol &#8211; Xubia \u00a016.5km Gestern am Abend hat es noch ordentlich gesch\u00fcttet. Wir haben gut geschlafen. Heute in der Fr\u00fch war ich noch total daneben. Hab von Karin die Socken angezogen, in ihren Rucksack meine Sachen eingepackt, zuletzt noch ihre Schuhe angezogen und mich gewundert warum sie mir auf einmal zu klein sind \ud83d\ude42 . Kein Regen heute aber sehr schw\u00fcl zu Beginn, sp\u00e4ter sommerlich warm. Lang geht es zu Stadt hinaus, mit Blick auf den Marinehafen. Zwischendurch sch\u00f6ne Wege&#8230;<\/p>\n<p class=\"read-more\"><a class=\"btn btn-default\" href=\"http:\/\/westwaerts-jakobsweg.at\/?p=24246\">Weiterlesen<span class=\"screen-reader-text\"> Weiterlesen<\/span><\/a><\/p>\n","protected":false},"author":1,"featured_media":0,"comment_status":"open","ping_status":"open","sticky":false,"template":"","format":"standard","meta":{"footnotes":""},"categories":[56,61],"tags":[],"_links":{"self":[{"href":"http:\/\/westwaerts-jakobsweg.at\/index.php?rest_route=\/wp\/v2\/posts\/24246"}],"collection":[{"href":"http:\/\/westwaerts-jakobsweg.at\/index.php?rest_route=\/wp\/v2\/posts"}],"about":[{"href":"http:\/\/westwaerts-jakobsweg.at\/index.php?rest_route=\/wp\/v2\/types\/post"}],"author":[{"embeddable":true,"href":"http:\/\/westwaerts-jakobsweg.at\/index.php?rest_route=\/wp\/v2\/users\/1"}],"replies":[{"embeddable":true,"href":"http:\/\/westwaerts-jakobsweg.at\/index.php?rest_route=%2Fwp%2Fv2%2Fcomments&post=24246"}],"version-history":[{"count":0,"href":"http:\/\/westwaerts-jakobsweg.at\/index.php?rest_route=\/wp\/v2\/posts\/24246\/revisions"}],"wp:attachment":[{"href":"http:\/\/westwaerts-jakobsweg.at\/index.php?rest_route=%2Fwp%2Fv2%2Fmedia&parent=24246"}],"wp:term":[{"taxonomy":"category","embeddable":true,"href":"http:\/\/westwaerts-jakobsweg.at\/index.php?rest_route=%2Fwp%2Fv2%2Fcategories&post=24246"},{"taxonomy":"post_tag","embeddable":true,"href":"http:\/\/westwaerts-jakobsweg.at\/index.php?rest_route=%2Fwp%2Fv2%2Ftags&post=24246"}],"curies":[{"name":"wp","href":"https:\/\/api.w.org\/{rel}","templated":true}]}}