{"id":24408,"date":"2024-09-30T15:46:45","date_gmt":"2024-09-30T13:46:45","guid":{"rendered":"http:\/\/westwaerts-jakobsweg.at\/?p=24408"},"modified":"2024-10-16T12:20:54","modified_gmt":"2024-10-16T10:20:54","slug":"camino-muxia-finisterre-tag-1","status":"publish","type":"post","link":"http:\/\/westwaerts-jakobsweg.at\/?p=24408","title":{"rendered":"Camino Muxia\/Finisterre Tag 1"},"content":{"rendered":"<p>Santiago de Compostela &#8211; Negreira  22.1km (140.2km)<\/p>\n<p>Viel zu viel haben wir vom guten Fr\u00fchst\u00fccksbuffet gegessen. Sind schon gespannt wie viele Pilger es zum Meer zieht?<br \/>\nImmer wieder faszinierend, wie nah bei der Stadt der wundersch\u00f6ne, h\u00fcgelige Zauberwald liegt. So typisch in Galicien. Nur einmal zieht sich ein steiler Weg bergauf, keuch, keuch.<br \/>\nDer versprochener Regen blieb zum Gl\u00fcck aus, wir hatten gutes Wanderwetter. Aber mit Nebel und nebelreissen, den ganzen Tag, das soll ja angeblich gut f\u00fcr die Haut sein \ud83d\ude09 . Allerdings wird da alles  ganz sch\u00f6n feucht.<br \/>\nNach einer Pause ging es angenehm ruhig durch d\u00fcnn besiedeltes Gebiet.<br \/>\nBei der Ponte Maceira mit dem sch\u00f6nen Wasserfall musste nat\u00fcrlich, wie immer, ein Foto-Shooting sein. Das erledigte eine Kanadierin f\u00fcr uns \ud83d\ude42 .<br \/>\nNicht viele Pilger sind unterwegs, sechs habe ich gez\u00e4hlt die auf den R\u00fcckweg nach Santiago waren. Das sind wir auch bald, falls wir den Weg finden \ud83d\ude09 .<br \/>\nIn der Herberge sind wir heute von Franzosen umzingelt, hoffentlich sind sie lieb zu uns \ud83d\ude09 .<br \/>\nUnsere feuchte W\u00e4sche ist bereits gewaschen und dreht sich im Trockner, das ist gut.<br \/>\nWir k\u00f6nnen heute kochen, in unserer Herberge ist eine tolle K\u00fcche, juhu.<br \/>\nEinkaufen gehen jetzt K + R<\/p>\n<p>Unterkunft: Herberge Alecrin<br \/>\nAvda. de Santiago 51<br \/>\nTel.:+34 616628768 od.981818286<br \/>\n<div id='gallery-1' class='gallery galleryid-24408 gallery-columns-3 gallery-size-thumbnail'><figure class='gallery-item'>\n\t\t\t<div class='gallery-icon landscape'>\n\t\t\t\t<a href='http:\/\/westwaerts-jakobsweg.at\/?attachment_id=24414'><img loading=\"lazy\" decoding=\"async\" width=\"150\" height=\"150\" src=\"http:\/\/westwaerts-jakobsweg.at\/wp-content\/uploads\/2024\/09\/IMG_7916-150x150.jpg\" class=\"attachment-thumbnail size-thumbnail\" alt=\"\" aria-describedby=\"gallery-1-24414\" \/><\/a>\n\t\t\t<\/div>\n\t\t\t\t<figcaption class='wp-caption-text gallery-caption' id='gallery-1-24414'>\n\t\t\t\tbald nach Santiago d.C&#8230;..\n\t\t\t\t<\/figcaption><\/figure><figure class='gallery-item'>\n\t\t\t<div class='gallery-icon portrait'>\n\t\t\t\t<a href='http:\/\/westwaerts-jakobsweg.at\/?attachment_id=24415'><img loading=\"lazy\" decoding=\"async\" width=\"150\" height=\"150\" src=\"http:\/\/westwaerts-jakobsweg.at\/wp-content\/uploads\/2024\/09\/2976a449-e302-4cf3-9bcb-01235f6e8190-150x150.jpg\" class=\"attachment-thumbnail size-thumbnail\" alt=\"\" aria-describedby=\"gallery-1-24415\" \/><\/a>\n\t\t\t<\/div>\n\t\t\t\t<figcaption class='wp-caption-text gallery-caption' id='gallery-1-24415'>\n\t\t\t\t&#8230;.beginnt der sch\u00f6ne Wald&#8230;\n\t\t\t\t<\/figcaption><\/figure><figure class='gallery-item'>\n\t\t\t<div class='gallery-icon portrait'>\n\t\t\t\t<a href='http:\/\/westwaerts-jakobsweg.at\/?attachment_id=24416'><img loading=\"lazy\" decoding=\"async\" width=\"150\" height=\"150\" src=\"http:\/\/westwaerts-jakobsweg.at\/wp-content\/uploads\/2024\/09\/f8371040-1677-435a-be80-65f018309455-150x150.jpg\" class=\"attachment-thumbnail size-thumbnail\" alt=\"\" aria-describedby=\"gallery-1-24416\" \/><\/a>\n\t\t\t<\/div>\n\t\t\t\t<figcaption class='wp-caption-text gallery-caption' id='gallery-1-24416'>\n\t\t\t\t&#8230;typisch Galicien \ud83d\ude42\n\t\t\t\t<\/figcaption><\/figure><figure class='gallery-item'>\n\t\t\t<div class='gallery-icon portrait'>\n\t\t\t\t<a href='http:\/\/westwaerts-jakobsweg.at\/?attachment_id=24417'><img loading=\"lazy\" decoding=\"async\" width=\"150\" height=\"150\" src=\"http:\/\/westwaerts-jakobsweg.at\/wp-content\/uploads\/2024\/09\/IMG_7919-150x150.jpg\" class=\"attachment-thumbnail size-thumbnail\" alt=\"\" \/><\/a>\n\t\t\t<\/div><\/figure><figure class='gallery-item'>\n\t\t\t<div class='gallery-icon landscape'>\n\t\t\t\t<a href='http:\/\/westwaerts-jakobsweg.at\/?attachment_id=24418'><img loading=\"lazy\" decoding=\"async\" width=\"150\" height=\"150\" src=\"http:\/\/westwaerts-jakobsweg.at\/wp-content\/uploads\/2024\/09\/IMG_7925-150x150.jpg\" class=\"attachment-thumbnail size-thumbnail\" alt=\"\" \/><\/a>\n\t\t\t<\/div><\/figure><figure class='gallery-item'>\n\t\t\t<div class='gallery-icon portrait'>\n\t\t\t\t<a href='http:\/\/westwaerts-jakobsweg.at\/?attachment_id=24419'><img loading=\"lazy\" decoding=\"async\" width=\"150\" height=\"150\" src=\"http:\/\/westwaerts-jakobsweg.at\/wp-content\/uploads\/2024\/09\/IMG_7923-150x150.jpg\" class=\"attachment-thumbnail size-thumbnail\" alt=\"\" \/><\/a>\n\t\t\t<\/div><\/figure><figure class='gallery-item'>\n\t\t\t<div class='gallery-icon portrait'>\n\t\t\t\t<a href='http:\/\/westwaerts-jakobsweg.at\/?attachment_id=24420'><img loading=\"lazy\" decoding=\"async\" width=\"150\" height=\"150\" src=\"http:\/\/westwaerts-jakobsweg.at\/wp-content\/uploads\/2024\/09\/c745368b-dec2-4bd7-bdee-9cfe5533a0a4-150x150.jpg\" class=\"attachment-thumbnail size-thumbnail\" alt=\"\" \/><\/a>\n\t\t\t<\/div><\/figure><figure class='gallery-item'>\n\t\t\t<div class='gallery-icon landscape'>\n\t\t\t\t<a href='http:\/\/westwaerts-jakobsweg.at\/?attachment_id=24421'><img loading=\"lazy\" decoding=\"async\" width=\"150\" height=\"150\" src=\"http:\/\/westwaerts-jakobsweg.at\/wp-content\/uploads\/2024\/09\/IMG_7935-150x150.jpg\" class=\"attachment-thumbnail size-thumbnail\" alt=\"\" aria-describedby=\"gallery-1-24421\" \/><\/a>\n\t\t\t<\/div>\n\t\t\t\t<figcaption class='wp-caption-text gallery-caption' id='gallery-1-24421'>\n\t\t\t\tbei der Ponte Maceira \n\t\t\t\t<\/figcaption><\/figure><figure class='gallery-item'>\n\t\t\t<div class='gallery-icon landscape'>\n\t\t\t\t<a href='http:\/\/westwaerts-jakobsweg.at\/?attachment_id=24422'><img loading=\"lazy\" decoding=\"async\" width=\"150\" height=\"150\" src=\"http:\/\/westwaerts-jakobsweg.at\/wp-content\/uploads\/2024\/09\/f02a94d8-d331-4802-b581-2a2a0014b586-150x150.jpg\" class=\"attachment-thumbnail size-thumbnail\" alt=\"\" aria-describedby=\"gallery-1-24422\" \/><\/a>\n\t\t\t<\/div>\n\t\t\t\t<figcaption class='wp-caption-text gallery-caption' id='gallery-1-24422'>\n\t\t\t\t Ponte Maceira \n\t\t\t\t<\/figcaption><\/figure><figure class='gallery-item'>\n\t\t\t<div class='gallery-icon landscape'>\n\t\t\t\t<a href='http:\/\/westwaerts-jakobsweg.at\/?attachment_id=24423'><img loading=\"lazy\" decoding=\"async\" width=\"150\" height=\"150\" src=\"http:\/\/westwaerts-jakobsweg.at\/wp-content\/uploads\/2024\/09\/62df6df0-0c2a-4ff7-a22a-523543b1277e-150x150.jpg\" class=\"attachment-thumbnail size-thumbnail\" alt=\"\" aria-describedby=\"gallery-1-24423\" \/><\/a>\n\t\t\t<\/div>\n\t\t\t\t<figcaption class='wp-caption-text gallery-caption' id='gallery-1-24423'>\n\t\t\t\tHerberge Alecrin in Negreira\n\t\t\t\t<\/figcaption><\/figure>\n\t\t<\/div>\n<\/p>\n","protected":false},"excerpt":{"rendered":"<p>Santiago de Compostela &#8211; Negreira 22.1km (140.2km) Viel zu viel haben wir vom guten Fr\u00fchst\u00fccksbuffet gegessen. Sind schon gespannt wie viele Pilger es zum Meer zieht? Immer wieder faszinierend, wie nah bei der Stadt der wundersch\u00f6ne, h\u00fcgelige Zauberwald liegt. So typisch in Galicien. Nur einmal zieht sich ein steiler Weg bergauf, keuch, keuch. Der versprochener Regen blieb zum Gl\u00fcck aus, wir hatten gutes Wanderwetter. Aber mit Nebel und nebelreissen, den ganzen Tag, das soll ja angeblich gut f\u00fcr die Haut&#8230;<\/p>\n<p class=\"read-more\"><a class=\"btn btn-default\" href=\"http:\/\/westwaerts-jakobsweg.at\/?p=24408\">Weiterlesen<span class=\"screen-reader-text\"> Weiterlesen<\/span><\/a><\/p>\n","protected":false},"author":1,"featured_media":0,"comment_status":"open","ping_status":"open","sticky":false,"template":"","format":"standard","meta":{"footnotes":""},"categories":[56,60],"tags":[],"_links":{"self":[{"href":"http:\/\/westwaerts-jakobsweg.at\/index.php?rest_route=\/wp\/v2\/posts\/24408"}],"collection":[{"href":"http:\/\/westwaerts-jakobsweg.at\/index.php?rest_route=\/wp\/v2\/posts"}],"about":[{"href":"http:\/\/westwaerts-jakobsweg.at\/index.php?rest_route=\/wp\/v2\/types\/post"}],"author":[{"embeddable":true,"href":"http:\/\/westwaerts-jakobsweg.at\/index.php?rest_route=\/wp\/v2\/users\/1"}],"replies":[{"embeddable":true,"href":"http:\/\/westwaerts-jakobsweg.at\/index.php?rest_route=%2Fwp%2Fv2%2Fcomments&post=24408"}],"version-history":[{"count":0,"href":"http:\/\/westwaerts-jakobsweg.at\/index.php?rest_route=\/wp\/v2\/posts\/24408\/revisions"}],"wp:attachment":[{"href":"http:\/\/westwaerts-jakobsweg.at\/index.php?rest_route=%2Fwp%2Fv2%2Fmedia&parent=24408"}],"wp:term":[{"taxonomy":"category","embeddable":true,"href":"http:\/\/westwaerts-jakobsweg.at\/index.php?rest_route=%2Fwp%2Fv2%2Fcategories&post=24408"},{"taxonomy":"post_tag","embeddable":true,"href":"http:\/\/westwaerts-jakobsweg.at\/index.php?rest_route=%2Fwp%2Fv2%2Ftags&post=24408"}],"curies":[{"name":"wp","href":"https:\/\/api.w.org\/{rel}","templated":true}]}}