{"id":24748,"date":"2024-10-27T07:04:44","date_gmt":"2024-10-27T06:04:44","guid":{"rendered":"http:\/\/westwaerts-jakobsweg.at\/?p=24748"},"modified":"2024-11-18T17:55:45","modified_gmt":"2024-11-18T16:55:45","slug":"www-06-tag-4","status":"publish","type":"post","link":"http:\/\/westwaerts-jakobsweg.at\/?p=24748","title":{"rendered":"WWW 06 Tag 4"},"content":{"rendered":"<p>Unterberg &#8211; Kalte Kuchl \u00a014.9km (78.8km)<\/p>\n<p>Ich konnte von meinem Bett den Himmel sehen. So viele Sterne auf einmal hab ich noch nie gesehen, zauberhaft \ud83d\ude42 .<br \/>\nBereits in der Fr\u00fch Sonnenschein. Heute war es ein gem\u00fctlicher Sonntagsspaziergang.<br \/>\nDie Wirtsleut sind nur mehr bis Ende des Monats da. Dann gehen sie, nach 35 Jahren, in den wohlverdienten Ruhestand. Sie hoffen auf Nachfolger. N\u00e4chsten Mai starten sie von Unterberg den Jakobsweg nach Santiago de Compostela \ud83d\ude42 . Wir w\u00fcnschen alles Gute.<br \/>\nVon nun an ging&#8217;s bergab. Zuerst durch den Bl\u00e4tterwald, dann auf einer Forststra\u00dfe. Zwischendurch ein St\u00fcck Themen-Sagenweg oberhalb der Stra\u00dfe.<br \/>\nPause in Rohr im Gebirge und weiter ging ein Themenweg, Wald und Wasser diesmal.<br \/>\nFast Durchgehend ein sch\u00f6ner Wanderweg durch W\u00e4lder und Wiesen. Nur ein kurzes, steiles St\u00fcck wollte uns zur\u00fcckhalten. Nix da wir wollen ankommen. Oben angelangt h\u00f6rten wir bereits die Motorr\u00e4der und bald sahen wir hinunter Zur Kalten Kuchl. Eh klar, bei dem Wetter war wieder der B\u00e4r los.<br \/>\nIm Wintergarten fanden wir noch ein Platzerl. Nach einem riesigen Speckbrot und gerade einem riesigen Topfenstrudel mit Vanilleso\u00dfe hoffen wir, dass Platz f\u00fcrs Abendessen bleibt \ud83d\ude09 .<\/p>\n<p>Unterkunft: Kalte Kuchl Alpengasthaus<br \/>\nTel.: 027668522<\/p>\n<div id='gallery-1' class='gallery galleryid-24748 gallery-columns-3 gallery-size-thumbnail'><figure class='gallery-item'>\n\t\t\t<div class='gallery-icon landscape'>\n\t\t\t\t<a href='http:\/\/westwaerts-jakobsweg.at\/?attachment_id=24773'><img loading=\"lazy\" decoding=\"async\" width=\"150\" height=\"150\" src=\"http:\/\/westwaerts-jakobsweg.at\/wp-content\/uploads\/2024\/10\/98C6C695-B781-417D-8CFE-8DDFDBFA526C-150x150.jpeg\" class=\"attachment-thumbnail size-thumbnail\" alt=\"\" \/><\/a>\n\t\t\t<\/div><\/figure><figure class='gallery-item'>\n\t\t\t<div class='gallery-icon landscape'>\n\t\t\t\t<a href='http:\/\/westwaerts-jakobsweg.at\/?attachment_id=24774'><img loading=\"lazy\" decoding=\"async\" width=\"150\" height=\"150\" src=\"http:\/\/westwaerts-jakobsweg.at\/wp-content\/uploads\/2024\/10\/59046F92-C377-403A-A7D5-771022387E1A-150x150.jpeg\" class=\"attachment-thumbnail size-thumbnail\" alt=\"\" aria-describedby=\"gallery-1-24774\" \/><\/a>\n\t\t\t<\/div>\n\t\t\t\t<figcaption class='wp-caption-text gallery-caption' id='gallery-1-24774'>\n\t\t\t\tKapelle am Unterberg\n\t\t\t\t<\/figcaption><\/figure><figure class='gallery-item'>\n\t\t\t<div class='gallery-icon landscape'>\n\t\t\t\t<a href='http:\/\/westwaerts-jakobsweg.at\/?attachment_id=24775'><img loading=\"lazy\" decoding=\"async\" width=\"150\" height=\"150\" src=\"http:\/\/westwaerts-jakobsweg.at\/wp-content\/uploads\/2024\/10\/0A680FAA-7317-4183-A196-646C9608B3ED-150x150.jpeg\" class=\"attachment-thumbnail size-thumbnail\" alt=\"\" aria-describedby=\"gallery-1-24775\" \/><\/a>\n\t\t\t<\/div>\n\t\t\t\t<figcaption class='wp-caption-text gallery-caption' id='gallery-1-24775'>\n\t\t\t\thinunter nach Rohr im Gebirge\n\t\t\t\t<\/figcaption><\/figure><figure class='gallery-item'>\n\t\t\t<div class='gallery-icon portrait'>\n\t\t\t\t<a href='http:\/\/westwaerts-jakobsweg.at\/?attachment_id=24777'><img loading=\"lazy\" decoding=\"async\" width=\"150\" height=\"150\" src=\"http:\/\/westwaerts-jakobsweg.at\/wp-content\/uploads\/2024\/10\/7252E72E-9F06-4824-BB5B-E12012822FAB-150x150.jpeg\" class=\"attachment-thumbnail size-thumbnail\" alt=\"\" \/><\/a>\n\t\t\t<\/div><\/figure><figure class='gallery-item'>\n\t\t\t<div class='gallery-icon landscape'>\n\t\t\t\t<a href='http:\/\/westwaerts-jakobsweg.at\/?attachment_id=24778'><img loading=\"lazy\" decoding=\"async\" width=\"150\" height=\"150\" src=\"http:\/\/westwaerts-jakobsweg.at\/wp-content\/uploads\/2024\/10\/19B03F48-045E-4271-B399-E94AA3F0C900-150x150.jpeg\" class=\"attachment-thumbnail size-thumbnail\" alt=\"\" aria-describedby=\"gallery-1-24778\" \/><\/a>\n\t\t\t<\/div>\n\t\t\t\t<figcaption class='wp-caption-text gallery-caption' id='gallery-1-24778'>\n\t\t\t\tEnde vom Themen-Sagenweg \n\t\t\t\t<\/figcaption><\/figure><figure class='gallery-item'>\n\t\t\t<div class='gallery-icon portrait'>\n\t\t\t\t<a href='http:\/\/westwaerts-jakobsweg.at\/?attachment_id=24779'><img loading=\"lazy\" decoding=\"async\" width=\"150\" height=\"150\" src=\"http:\/\/westwaerts-jakobsweg.at\/wp-content\/uploads\/2024\/10\/AD253233-8197-48B1-BFE2-1EBA8DC11706-150x150.jpeg\" class=\"attachment-thumbnail size-thumbnail\" alt=\"\" \/><\/a>\n\t\t\t<\/div><\/figure><figure class='gallery-item'>\n\t\t\t<div class='gallery-icon landscape'>\n\t\t\t\t<a href='http:\/\/westwaerts-jakobsweg.at\/?attachment_id=24780'><img loading=\"lazy\" decoding=\"async\" width=\"150\" height=\"150\" src=\"http:\/\/westwaerts-jakobsweg.at\/wp-content\/uploads\/2024\/10\/ADAB908A-B366-43DC-BC3E-229E8F8A3B79-150x150.jpeg\" class=\"attachment-thumbnail size-thumbnail\" alt=\"\" aria-describedby=\"gallery-1-24780\" \/><\/a>\n\t\t\t<\/div>\n\t\t\t\t<figcaption class='wp-caption-text gallery-caption' id='gallery-1-24780'>\n\t\t\t\tRohr im Gebirge, Themenweg, Wald und Wasser \n\t\t\t\t<\/figcaption><\/figure><figure class='gallery-item'>\n\t\t\t<div class='gallery-icon landscape'>\n\t\t\t\t<a href='http:\/\/westwaerts-jakobsweg.at\/?attachment_id=24781'><img loading=\"lazy\" decoding=\"async\" width=\"150\" height=\"150\" src=\"http:\/\/westwaerts-jakobsweg.at\/wp-content\/uploads\/2024\/10\/6939F67A-DDFD-46E9-91F9-4370C11E5080-150x150.jpeg\" class=\"attachment-thumbnail size-thumbnail\" alt=\"\" aria-describedby=\"gallery-1-24781\" \/><\/a>\n\t\t\t<\/div>\n\t\t\t\t<figcaption class='wp-caption-text gallery-caption' id='gallery-1-24781'>\n\t\t\t\tBlick zur Kalten Kuchl&#8230;\n\t\t\t\t<\/figcaption><\/figure><figure class='gallery-item'>\n\t\t\t<div class='gallery-icon landscape'>\n\t\t\t\t<a href='http:\/\/westwaerts-jakobsweg.at\/?attachment_id=24782'><img loading=\"lazy\" decoding=\"async\" width=\"150\" height=\"150\" src=\"http:\/\/westwaerts-jakobsweg.at\/wp-content\/uploads\/2024\/10\/6E82888E-92B8-4D73-B53F-E9398DD71364-150x150.jpeg\" class=\"attachment-thumbnail size-thumbnail\" alt=\"\" aria-describedby=\"gallery-1-24782\" \/><\/a>\n\t\t\t<\/div>\n\t\t\t\t<figcaption class='wp-caption-text gallery-caption' id='gallery-1-24782'>\n\t\t\t\t&#8230;mit dem gr\u00f6\u00dften Topfenstrudel ever\n\t\t\t\t<\/figcaption><\/figure>\n\t\t<\/div>\n\n","protected":false},"excerpt":{"rendered":"<p>Unterberg &#8211; Kalte Kuchl \u00a014.9km (78.8km) Ich konnte von meinem Bett den Himmel sehen. So viele Sterne auf einmal hab ich noch nie gesehen, zauberhaft \ud83d\ude42 . Bereits in der Fr\u00fch Sonnenschein. Heute war es ein gem\u00fctlicher Sonntagsspaziergang. Die Wirtsleut sind nur mehr bis Ende des Monats da. Dann gehen sie, nach 35 Jahren, in den wohlverdienten Ruhestand. Sie hoffen auf Nachfolger. N\u00e4chsten Mai starten sie von Unterberg den Jakobsweg nach Santiago de Compostela \ud83d\ude42 . Wir w\u00fcnschen alles Gute&#8230;.<\/p>\n<p class=\"read-more\"><a class=\"btn btn-default\" href=\"http:\/\/westwaerts-jakobsweg.at\/?p=24748\">Weiterlesen<span class=\"screen-reader-text\"> Weiterlesen<\/span><\/a><\/p>\n","protected":false},"author":1,"featured_media":0,"comment_status":"open","ping_status":"open","sticky":false,"template":"","format":"standard","meta":{"footnotes":""},"categories":[56,62],"tags":[],"_links":{"self":[{"href":"http:\/\/westwaerts-jakobsweg.at\/index.php?rest_route=\/wp\/v2\/posts\/24748"}],"collection":[{"href":"http:\/\/westwaerts-jakobsweg.at\/index.php?rest_route=\/wp\/v2\/posts"}],"about":[{"href":"http:\/\/westwaerts-jakobsweg.at\/index.php?rest_route=\/wp\/v2\/types\/post"}],"author":[{"embeddable":true,"href":"http:\/\/westwaerts-jakobsweg.at\/index.php?rest_route=\/wp\/v2\/users\/1"}],"replies":[{"embeddable":true,"href":"http:\/\/westwaerts-jakobsweg.at\/index.php?rest_route=%2Fwp%2Fv2%2Fcomments&post=24748"}],"version-history":[{"count":0,"href":"http:\/\/westwaerts-jakobsweg.at\/index.php?rest_route=\/wp\/v2\/posts\/24748\/revisions"}],"wp:attachment":[{"href":"http:\/\/westwaerts-jakobsweg.at\/index.php?rest_route=%2Fwp%2Fv2%2Fmedia&parent=24748"}],"wp:term":[{"taxonomy":"category","embeddable":true,"href":"http:\/\/westwaerts-jakobsweg.at\/index.php?rest_route=%2Fwp%2Fv2%2Fcategories&post=24748"},{"taxonomy":"post_tag","embeddable":true,"href":"http:\/\/westwaerts-jakobsweg.at\/index.php?rest_route=%2Fwp%2Fv2%2Ftags&post=24748"}],"curies":[{"name":"wp","href":"https:\/\/api.w.org\/{rel}","templated":true}]}}