{"id":26430,"date":"2025-05-12T16:49:03","date_gmt":"2025-05-12T14:49:03","guid":{"rendered":"http:\/\/westwaerts-jakobsweg.at\/?p=26430"},"modified":"2025-06-30T17:21:35","modified_gmt":"2025-06-30T15:21:35","slug":"c-portugues-a-lissabon-tag-28","status":"publish","type":"post","link":"http:\/\/westwaerts-jakobsweg.at\/?p=26430","title":{"rendered":"C. Portugu\u00eas a. Lissabon Tag 28"},"content":{"rendered":"<p style=\"text-align: center;\">A Armenteira &#8211; Vilanova de Arousa 24.8km (590.8km)<\/p>\n<p>Gestern bekamen wir ein Abteil mit zwei Betten nur f\u00fcr uns \ud83d\ude42 . In Armenteira gibt es eine Bar, ein sch\u00f6nes Kloster, ein Hotel, die Herberge und ein paar H\u00e4user, sonst nix. Die Herberge ist super ausgestattet mit Essen f\u00fcr die Mikrowelle, Getr\u00e4nke, Naschzeug\u2026<br \/>\nRegen heute und das die ganze Etappe \ud83d\ude41 .<br \/>\nDer Aufbruch von A Armenteira war trotz Regen wundersch\u00f6n, denn anderthalb Stunden lang wandert man auf einem der sch\u00f6nsten Flusswege Galiciens, genannt \u201eda Pedra e da Auga\u201c, immer am Ufer des Flusses Armenteira entlang, mit angeblich 50 hydraulische M\u00fchlen. Ein Pfad mit vielen Wurzeln, gro\u00dfen Steinen, kleinen Wasserf\u00e4llen, viel Moos. Einfach ein wildromantischer Zauberwald, der uns den gestrigen Tag schnell vergessen lies.<br \/>\nEs begann heftig zu sch\u00fctten. Schnell schwammen wir wieder einmal in unseren Schuhen. Wir fl\u00fcchteten in eine Bar, wo jeder zum Kaffee ein Marmeladenbrot und einen Kuchen geschenkt bekam. Wir warteten den argen Regen ab und als wir gerade losmarschieren wollten, hatte der Himmel f\u00fcr die Erde doch noch einige gef\u00fcllte K\u00fcbeln \u00fcber. Also fl\u00fcchteten wir zur\u00fcck in die Bar und konsumierten das ganze nochmals. Mit einen halben Liter Kaffee, 2x Brote und Kuchen intus, m\u00fcsste es ja gut weitergehen \ud83d\ude09 Die Flussroute f\u00fchrte weiter durch eine Weinbauebene. Ein weiterer Fluss vereinte sich mit unseren.<br \/>\nDie Gegend ver\u00e4nderte sich, es gab einen kleinen Anstieg. Die Ankunft in Vilanova de Arousa am Meer ist herrlich.<br \/>\nMan k\u00f6nnte zwar 35km nach Padron gehen aber das macht wohl selten ein Pilger. Eine Bootsfahrt ist zu verlockend \ud83d\ude42 .<br \/>\nWir haben f\u00fcr morgen Tickets f\u00fcr 8:00 ergattert.<br \/>\nEs w\u00e4hlen immer mehr Pilger die Variante Espiritual. Es macht Sinn die zwei Herbergen und die Bootsfahrt rechtzeitig zu reservieren.<br \/>\nDas es morgen nicht regnet hoffen O + R<\/p>\n<p>Unterkunft: priv. Herberge A Corticela<\/p>\n<p>&nbsp;<\/p>\n<div id='gallery-1' class='gallery galleryid-26430 gallery-columns-3 gallery-size-thumbnail'><figure class='gallery-item'>\n\t\t\t<div class='gallery-icon portrait'>\n\t\t\t\t<a href='http:\/\/westwaerts-jakobsweg.at\/?attachment_id=26447'><img loading=\"lazy\" decoding=\"async\" width=\"150\" height=\"150\" src=\"http:\/\/westwaerts-jakobsweg.at\/wp-content\/uploads\/2025\/05\/IMG_2134-150x150.jpeg\" class=\"attachment-thumbnail size-thumbnail\" alt=\"\" aria-describedby=\"gallery-1-26447\" \/><\/a>\n\t\t\t<\/div>\n\t\t\t\t<figcaption class='wp-caption-text gallery-caption' id='gallery-1-26447'>\n\t\t\t\tdie sch\u00f6nste Etappe&#8230;\n\t\t\t\t<\/figcaption><\/figure><figure class='gallery-item'>\n\t\t\t<div class='gallery-icon portrait'>\n\t\t\t\t<a href='http:\/\/westwaerts-jakobsweg.at\/?attachment_id=26446'><img loading=\"lazy\" decoding=\"async\" width=\"150\" height=\"150\" src=\"http:\/\/westwaerts-jakobsweg.at\/wp-content\/uploads\/2025\/05\/IMG_2135-150x150.jpeg\" class=\"attachment-thumbnail size-thumbnail\" alt=\"\" aria-describedby=\"gallery-1-26446\" \/><\/a>\n\t\t\t<\/div>\n\t\t\t\t<figcaption class='wp-caption-text gallery-caption' id='gallery-1-26446'>\n\t\t\t\t&#8230;vom Espiritual&#8230;\n\t\t\t\t<\/figcaption><\/figure><figure class='gallery-item'>\n\t\t\t<div class='gallery-icon landscape'>\n\t\t\t\t<a href='http:\/\/westwaerts-jakobsweg.at\/?attachment_id=26443'><img loading=\"lazy\" decoding=\"async\" width=\"150\" height=\"150\" src=\"http:\/\/westwaerts-jakobsweg.at\/wp-content\/uploads\/2025\/05\/IMG_2123-150x150.jpeg\" class=\"attachment-thumbnail size-thumbnail\" alt=\"\" aria-describedby=\"gallery-1-26443\" \/><\/a>\n\t\t\t<\/div>\n\t\t\t\t<figcaption class='wp-caption-text gallery-caption' id='gallery-1-26443'>\n\t\t\t\t&#8230;.war leider im Regen&#8230;\n\t\t\t\t<\/figcaption><\/figure><figure class='gallery-item'>\n\t\t\t<div class='gallery-icon landscape'>\n\t\t\t\t<a href='http:\/\/westwaerts-jakobsweg.at\/?attachment_id=26444'><img loading=\"lazy\" decoding=\"async\" width=\"150\" height=\"150\" src=\"http:\/\/westwaerts-jakobsweg.at\/wp-content\/uploads\/2025\/05\/IMG_2126-150x150.jpeg\" class=\"attachment-thumbnail size-thumbnail\" alt=\"\" aria-describedby=\"gallery-1-26444\" \/><\/a>\n\t\t\t<\/div>\n\t\t\t\t<figcaption class='wp-caption-text gallery-caption' id='gallery-1-26444'>\n\t\t\t\t&#8230;trotzdem zauberhaft\n\t\t\t\t<\/figcaption><\/figure><figure class='gallery-item'>\n\t\t\t<div class='gallery-icon landscape'>\n\t\t\t\t<a href='http:\/\/westwaerts-jakobsweg.at\/?attachment_id=26445'><img loading=\"lazy\" decoding=\"async\" width=\"150\" height=\"150\" src=\"http:\/\/westwaerts-jakobsweg.at\/wp-content\/uploads\/2025\/05\/IMG_2128-150x150.jpeg\" class=\"attachment-thumbnail size-thumbnail\" alt=\"\" aria-describedby=\"gallery-1-26445\" \/><\/a>\n\t\t\t<\/div>\n\t\t\t\t<figcaption class='wp-caption-text gallery-caption' id='gallery-1-26445'>\n\t\t\t\teine der 50 M\u00fchlen\n\t\t\t\t<\/figcaption><\/figure><figure class='gallery-item'>\n\t\t\t<div class='gallery-icon portrait'>\n\t\t\t\t<a href='http:\/\/westwaerts-jakobsweg.at\/?attachment_id=26442'><img loading=\"lazy\" decoding=\"async\" width=\"150\" height=\"150\" src=\"http:\/\/westwaerts-jakobsweg.at\/wp-content\/uploads\/2025\/05\/1090485-150x150.jpeg\" class=\"attachment-thumbnail size-thumbnail\" alt=\"\" \/><\/a>\n\t\t\t<\/div><\/figure><figure class='gallery-item'>\n\t\t\t<div class='gallery-icon landscape'>\n\t\t\t\t<a href='http:\/\/westwaerts-jakobsweg.at\/?attachment_id=26451'><img loading=\"lazy\" decoding=\"async\" width=\"150\" height=\"150\" src=\"http:\/\/westwaerts-jakobsweg.at\/wp-content\/uploads\/2025\/05\/1090486-150x150.jpeg\" class=\"attachment-thumbnail size-thumbnail\" alt=\"\" \/><\/a>\n\t\t\t<\/div><\/figure><figure class='gallery-item'>\n\t\t\t<div class='gallery-icon landscape'>\n\t\t\t\t<a href='http:\/\/westwaerts-jakobsweg.at\/?attachment_id=26448'><img loading=\"lazy\" decoding=\"async\" width=\"150\" height=\"150\" src=\"http:\/\/westwaerts-jakobsweg.at\/wp-content\/uploads\/2025\/05\/IMG_2152-150x150.jpeg\" class=\"attachment-thumbnail size-thumbnail\" alt=\"\" \/><\/a>\n\t\t\t<\/div><\/figure><figure class='gallery-item'>\n\t\t\t<div class='gallery-icon landscape'>\n\t\t\t\t<a href='http:\/\/westwaerts-jakobsweg.at\/?attachment_id=26449'><img loading=\"lazy\" decoding=\"async\" width=\"150\" height=\"150\" src=\"http:\/\/westwaerts-jakobsweg.at\/wp-content\/uploads\/2025\/05\/IMG_2154-150x150.jpeg\" class=\"attachment-thumbnail size-thumbnail\" alt=\"\" \/><\/a>\n\t\t\t<\/div><\/figure><figure class='gallery-item'>\n\t\t\t<div class='gallery-icon landscape'>\n\t\t\t\t<a href='http:\/\/westwaerts-jakobsweg.at\/?attachment_id=27217'><img loading=\"lazy\" decoding=\"async\" width=\"150\" height=\"150\" src=\"http:\/\/westwaerts-jakobsweg.at\/wp-content\/uploads\/2025\/05\/IMG_2163-150x150.jpg\" class=\"attachment-thumbnail size-thumbnail\" alt=\"\" aria-describedby=\"gallery-1-27217\" \/><\/a>\n\t\t\t<\/div>\n\t\t\t\t<figcaption class='wp-caption-text gallery-caption' id='gallery-1-27217'>\n\t\t\t\tVilanova de Arousa erreicht\n\t\t\t\t<\/figcaption><\/figure><figure class='gallery-item'>\n\t\t\t<div class='gallery-icon landscape'>\n\t\t\t\t<a href='http:\/\/westwaerts-jakobsweg.at\/?attachment_id=26450'><img loading=\"lazy\" decoding=\"async\" width=\"150\" height=\"150\" src=\"http:\/\/westwaerts-jakobsweg.at\/wp-content\/uploads\/2025\/05\/IMG_2158-150x150.jpeg\" class=\"attachment-thumbnail size-thumbnail\" alt=\"\" \/><\/a>\n\t\t\t<\/div><\/figure>\n\t\t<\/div>\n\n<p>&nbsp;<\/p>\n<p>&nbsp;<\/p>\n<p>&nbsp;<\/p>\n<p>&nbsp;<\/p>\n","protected":false},"excerpt":{"rendered":"<p>A Armenteira &#8211; Vilanova de Arousa 24.8km (590.8km) Gestern bekamen wir ein Abteil mit zwei Betten nur f\u00fcr uns \ud83d\ude42 . In Armenteira gibt es eine Bar, ein sch\u00f6nes Kloster, ein Hotel, die Herberge und ein paar H\u00e4user, sonst nix. Die Herberge ist super ausgestattet mit Essen f\u00fcr die Mikrowelle, Getr\u00e4nke, Naschzeug\u2026 Regen heute und das die ganze Etappe \ud83d\ude41 . Der Aufbruch von A Armenteira war trotz Regen wundersch\u00f6n, denn anderthalb Stunden lang wandert man auf einem der sch\u00f6nsten&#8230;<\/p>\n<p class=\"read-more\"><a class=\"btn btn-default\" href=\"http:\/\/westwaerts-jakobsweg.at\/?p=26430\">Weiterlesen<span class=\"screen-reader-text\"> Weiterlesen<\/span><\/a><\/p>\n","protected":false},"author":1,"featured_media":0,"comment_status":"open","ping_status":"open","sticky":false,"template":"","format":"standard","meta":{"footnotes":""},"categories":[63,65],"tags":[],"_links":{"self":[{"href":"http:\/\/westwaerts-jakobsweg.at\/index.php?rest_route=\/wp\/v2\/posts\/26430"}],"collection":[{"href":"http:\/\/westwaerts-jakobsweg.at\/index.php?rest_route=\/wp\/v2\/posts"}],"about":[{"href":"http:\/\/westwaerts-jakobsweg.at\/index.php?rest_route=\/wp\/v2\/types\/post"}],"author":[{"embeddable":true,"href":"http:\/\/westwaerts-jakobsweg.at\/index.php?rest_route=\/wp\/v2\/users\/1"}],"replies":[{"embeddable":true,"href":"http:\/\/westwaerts-jakobsweg.at\/index.php?rest_route=%2Fwp%2Fv2%2Fcomments&post=26430"}],"version-history":[{"count":0,"href":"http:\/\/westwaerts-jakobsweg.at\/index.php?rest_route=\/wp\/v2\/posts\/26430\/revisions"}],"wp:attachment":[{"href":"http:\/\/westwaerts-jakobsweg.at\/index.php?rest_route=%2Fwp%2Fv2%2Fmedia&parent=26430"}],"wp:term":[{"taxonomy":"category","embeddable":true,"href":"http:\/\/westwaerts-jakobsweg.at\/index.php?rest_route=%2Fwp%2Fv2%2Fcategories&post=26430"},{"taxonomy":"post_tag","embeddable":true,"href":"http:\/\/westwaerts-jakobsweg.at\/index.php?rest_route=%2Fwp%2Fv2%2Ftags&post=26430"}],"curies":[{"name":"wp","href":"https:\/\/api.w.org\/{rel}","templated":true}]}}