{"id":26518,"date":"2025-05-15T09:05:15","date_gmt":"2025-05-15T07:05:15","guid":{"rendered":"http:\/\/westwaerts-jakobsweg.at\/?p=26518"},"modified":"2025-06-30T17:59:25","modified_gmt":"2025-06-30T15:59:25","slug":"c-portugues-a-lissabon-tag-31","status":"publish","type":"post","link":"http:\/\/westwaerts-jakobsweg.at\/?p=26518","title":{"rendered":"C. Portugu\u00eas a. Lissabon Tag 31"},"content":{"rendered":"<p>Santiago d.C. und Heimflug<\/p>\n<p>Unser Flug ist erst am Nachmittag, also werden wir uns nach dem Fr\u00fchst\u00fcck noch a bissl in Santiago rumtreiben.<br \/>\nDie Idee mit dem Dachbesuch der Kathedrale m\u00fcssen wir auf ein anderes Mal verschieben. Tickets gibt es erst f\u00fcr Nachmittag, das ist zu sp\u00e4t, da sind wir bereits am Flughafen.<br \/>\nEin Marktbesuch ist ja auch immer wieder interessant, allerdings machte das mir mit unserer Tochter mehr Spa\u00df \ud83d\ude09 .<br \/>\nIn einer sonnigen Bar sitzen und das Treiben um den Markt beobachten ist auch sch\u00f6n. Ein Kindergarten, die Kinder hielten sich an einem bunten Seil fest und horchten ganz interessiert bei den Erkl\u00e4rungen der Fr\u00fcchte zu, so lieb \ud83d\ude42 .<br \/>\nViele Touris sind in der Stadt. Verabschiedung von Stephan, ein gemeinsames Foto, damit Moni auch einmal ihren Schatz sieht \ud83d\ude09 und nat\u00fcrlich f\u00fcr uns zur Erinnerung an den frechsten und liebsten Pilger vom Weg \ud83d\ude42 .<\/p>\n<p>Ja, wie war der Weg. Von Lissabon bis Porto zu viel Asphalt + Kopfsteinpflaster Auf letzteren zu gehen ist recht unangenehm. Sch\u00f6ne St\u00e4dte gab es und nette Menschen lernten wir kennen.<br \/>\nVon Porto nach Santiago hat mir der K\u00fcstenweg mit Sonja vor zwei Jahren besser gefallen.<br \/>\nWie immer sind die Einheimischen sehr hilfsbereit und die Herbergen recht brauchbar, ab Porto zum Teil direkt luxuri\u00f6s.<br \/>\nMein neuer Rucksack wurde ein guter Freund und Otto war mit seinem Wagen auch zufrieden. Nur meine Schuhe passten nicht. Wie kam ich nur zu Lederschuhen, viel zu schwer und zu hoch noch dazu. Meine Fussis waren richtig eingesperrt und durch den vielen Regen verformten sich die Schuhe. Hab mir dadurch bei der linken, kleinen Zehe eine Druckstelle oder H\u00fchnerauge eingehandelt, autsch \ud83d\ude41 .<br \/>\nWir danken euch f\u00fcr die Kommentare, die uns immer erfreuen und w\u00fcnschen allen einen sch\u00f6nen Sommer \ud83d\ude42 .<br \/>\nBom Caminho oder Buen Camino O + R<\/p>\n<p>P.S.: es passt zwar nicht zum Thema pilgern\/wandern aber wir werden \u00a0unsere Motorradtour in Norwegen auch in den Blog stellen.<\/p>\n<div id='gallery-1' class='gallery galleryid-26518 gallery-columns-3 gallery-size-thumbnail'><figure class='gallery-item'>\n\t\t\t<div class='gallery-icon portrait'>\n\t\t\t\t<a href='http:\/\/westwaerts-jakobsweg.at\/?attachment_id=26534'><img loading=\"lazy\" decoding=\"async\" width=\"150\" height=\"150\" src=\"http:\/\/westwaerts-jakobsweg.at\/wp-content\/uploads\/2025\/05\/1090540-150x150.jpeg\" class=\"attachment-thumbnail size-thumbnail\" alt=\"\" \/><\/a>\n\t\t\t<\/div><\/figure><figure class='gallery-item'>\n\t\t\t<div class='gallery-icon portrait'>\n\t\t\t\t<a href='http:\/\/westwaerts-jakobsweg.at\/?attachment_id=26532'><img loading=\"lazy\" decoding=\"async\" width=\"150\" height=\"150\" src=\"http:\/\/westwaerts-jakobsweg.at\/wp-content\/uploads\/2025\/05\/IMG_2323-150x150.jpeg\" class=\"attachment-thumbnail size-thumbnail\" alt=\"\" \/><\/a>\n\t\t\t<\/div><\/figure><figure class='gallery-item'>\n\t\t\t<div class='gallery-icon portrait'>\n\t\t\t\t<a href='http:\/\/westwaerts-jakobsweg.at\/?attachment_id=26527'><img loading=\"lazy\" decoding=\"async\" width=\"150\" height=\"150\" src=\"http:\/\/westwaerts-jakobsweg.at\/wp-content\/uploads\/2025\/05\/1090541-150x150.jpeg\" class=\"attachment-thumbnail size-thumbnail\" alt=\"\" aria-describedby=\"gallery-1-26527\" \/><\/a>\n\t\t\t<\/div>\n\t\t\t\t<figcaption class='wp-caption-text gallery-caption' id='gallery-1-26527'>\n\t\t\t\tFranziskaner Kirche in Santiago\n\t\t\t\t<\/figcaption><\/figure><figure class='gallery-item'>\n\t\t\t<div class='gallery-icon portrait'>\n\t\t\t\t<a href='http:\/\/westwaerts-jakobsweg.at\/?attachment_id=26536'><img loading=\"lazy\" decoding=\"async\" width=\"150\" height=\"150\" src=\"http:\/\/westwaerts-jakobsweg.at\/wp-content\/uploads\/2025\/05\/IMG_6588-150x150.jpeg\" class=\"attachment-thumbnail size-thumbnail\" alt=\"\" aria-describedby=\"gallery-1-26536\" \/><\/a>\n\t\t\t<\/div>\n\t\t\t\t<figcaption class='wp-caption-text gallery-caption' id='gallery-1-26536'>\n\t\t\t\tKathedrale in Santiago d.C.\n\t\t\t\t<\/figcaption><\/figure><figure class='gallery-item'>\n\t\t\t<div class='gallery-icon portrait'>\n\t\t\t\t<a href='http:\/\/westwaerts-jakobsweg.at\/?attachment_id=26535'><img loading=\"lazy\" decoding=\"async\" width=\"150\" height=\"150\" src=\"http:\/\/westwaerts-jakobsweg.at\/wp-content\/uploads\/2025\/05\/1090543-150x150.jpeg\" class=\"attachment-thumbnail size-thumbnail\" alt=\"\" \/><\/a>\n\t\t\t<\/div><\/figure><figure class='gallery-item'>\n\t\t\t<div class='gallery-icon portrait'>\n\t\t\t\t<a href='http:\/\/westwaerts-jakobsweg.at\/?attachment_id=26528'><img loading=\"lazy\" decoding=\"async\" width=\"150\" height=\"150\" src=\"http:\/\/westwaerts-jakobsweg.at\/wp-content\/uploads\/2025\/05\/IMG_2311-150x150.jpeg\" class=\"attachment-thumbnail size-thumbnail\" alt=\"\" aria-describedby=\"gallery-1-26528\" \/><\/a>\n\t\t\t<\/div>\n\t\t\t\t<figcaption class='wp-caption-text gallery-caption' id='gallery-1-26528'>\n\t\t\t\tMarkt in Santiago\n\t\t\t\t<\/figcaption><\/figure><figure class='gallery-item'>\n\t\t\t<div class='gallery-icon portrait'>\n\t\t\t\t<a href='http:\/\/westwaerts-jakobsweg.at\/?attachment_id=26529'><img loading=\"lazy\" decoding=\"async\" width=\"150\" height=\"150\" src=\"http:\/\/westwaerts-jakobsweg.at\/wp-content\/uploads\/2025\/05\/IMG_2313-150x150.jpeg\" class=\"attachment-thumbnail size-thumbnail\" alt=\"\" \/><\/a>\n\t\t\t<\/div><\/figure><figure class='gallery-item'>\n\t\t\t<div class='gallery-icon landscape'>\n\t\t\t\t<a href='http:\/\/westwaerts-jakobsweg.at\/?attachment_id=26530'><img loading=\"lazy\" decoding=\"async\" width=\"150\" height=\"150\" src=\"http:\/\/westwaerts-jakobsweg.at\/wp-content\/uploads\/2025\/05\/IMG_2315-150x150.jpeg\" class=\"attachment-thumbnail size-thumbnail\" alt=\"\" \/><\/a>\n\t\t\t<\/div><\/figure><figure class='gallery-item'>\n\t\t\t<div class='gallery-icon portrait'>\n\t\t\t\t<a href='http:\/\/westwaerts-jakobsweg.at\/?attachment_id=26531'><img loading=\"lazy\" decoding=\"async\" width=\"150\" height=\"150\" src=\"http:\/\/westwaerts-jakobsweg.at\/wp-content\/uploads\/2025\/05\/IMG_2318-150x150.jpeg\" class=\"attachment-thumbnail size-thumbnail\" alt=\"\" aria-describedby=\"gallery-1-26531\" \/><\/a>\n\t\t\t<\/div>\n\t\t\t\t<figcaption class='wp-caption-text gallery-caption' id='gallery-1-26531'>\n\t\t\t\tMarktbesuch  \ud83d\ude42\n\t\t\t\t<\/figcaption><\/figure><figure class='gallery-item'>\n\t\t\t<div class='gallery-icon portrait'>\n\t\t\t\t<a href='http:\/\/westwaerts-jakobsweg.at\/?attachment_id=26533'><img loading=\"lazy\" decoding=\"async\" width=\"150\" height=\"150\" src=\"http:\/\/westwaerts-jakobsweg.at\/wp-content\/uploads\/2025\/05\/IMG_2328-150x150.jpeg\" class=\"attachment-thumbnail size-thumbnail\" alt=\"\" aria-describedby=\"gallery-1-26533\" \/><\/a>\n\t\t\t<\/div>\n\t\t\t\t<figcaption class='wp-caption-text gallery-caption' id='gallery-1-26533'>\n\t\t\t\tVerabschiedung von Stephan&#8230;\n\t\t\t\t<\/figcaption><\/figure><figure class='gallery-item'>\n\t\t\t<div class='gallery-icon portrait'>\n\t\t\t\t<a href='http:\/\/westwaerts-jakobsweg.at\/?attachment_id=26537'><img loading=\"lazy\" decoding=\"async\" width=\"150\" height=\"150\" src=\"http:\/\/westwaerts-jakobsweg.at\/wp-content\/uploads\/2025\/05\/1090547-150x150.jpeg\" class=\"attachment-thumbnail size-thumbnail\" alt=\"\" aria-describedby=\"gallery-1-26537\" \/><\/a>\n\t\t\t<\/div>\n\t\t\t\t<figcaption class='wp-caption-text gallery-caption' id='gallery-1-26537'>\n\t\t\t\t&#8230;.und von Santiago d.C.\n\t\t\t\t<\/figcaption><\/figure>\n\t\t<\/div>\n\n","protected":false},"excerpt":{"rendered":"<p>Santiago d.C. und Heimflug Unser Flug ist erst am Nachmittag, also werden wir uns nach dem Fr\u00fchst\u00fcck noch a bissl in Santiago rumtreiben. Die Idee mit dem Dachbesuch der Kathedrale m\u00fcssen wir auf ein anderes Mal verschieben. Tickets gibt es erst f\u00fcr Nachmittag, das ist zu sp\u00e4t, da sind wir bereits am Flughafen. Ein Marktbesuch ist ja auch immer wieder interessant, allerdings machte das mir mit unserer Tochter mehr Spa\u00df \ud83d\ude09 . In einer sonnigen Bar sitzen und das Treiben&#8230;<\/p>\n<p class=\"read-more\"><a class=\"btn btn-default\" href=\"http:\/\/westwaerts-jakobsweg.at\/?p=26518\">Weiterlesen<span class=\"screen-reader-text\"> Weiterlesen<\/span><\/a><\/p>\n","protected":false},"author":1,"featured_media":0,"comment_status":"open","ping_status":"open","sticky":false,"template":"","format":"standard","meta":{"footnotes":""},"categories":[63,65],"tags":[],"_links":{"self":[{"href":"http:\/\/westwaerts-jakobsweg.at\/index.php?rest_route=\/wp\/v2\/posts\/26518"}],"collection":[{"href":"http:\/\/westwaerts-jakobsweg.at\/index.php?rest_route=\/wp\/v2\/posts"}],"about":[{"href":"http:\/\/westwaerts-jakobsweg.at\/index.php?rest_route=\/wp\/v2\/types\/post"}],"author":[{"embeddable":true,"href":"http:\/\/westwaerts-jakobsweg.at\/index.php?rest_route=\/wp\/v2\/users\/1"}],"replies":[{"embeddable":true,"href":"http:\/\/westwaerts-jakobsweg.at\/index.php?rest_route=%2Fwp%2Fv2%2Fcomments&post=26518"}],"version-history":[{"count":0,"href":"http:\/\/westwaerts-jakobsweg.at\/index.php?rest_route=\/wp\/v2\/posts\/26518\/revisions"}],"wp:attachment":[{"href":"http:\/\/westwaerts-jakobsweg.at\/index.php?rest_route=%2Fwp%2Fv2%2Fmedia&parent=26518"}],"wp:term":[{"taxonomy":"category","embeddable":true,"href":"http:\/\/westwaerts-jakobsweg.at\/index.php?rest_route=%2Fwp%2Fv2%2Fcategories&post=26518"},{"taxonomy":"post_tag","embeddable":true,"href":"http:\/\/westwaerts-jakobsweg.at\/index.php?rest_route=%2Fwp%2Fv2%2Ftags&post=26518"}],"curies":[{"name":"wp","href":"https:\/\/api.w.org\/{rel}","templated":true}]}}