{"id":26548,"date":"2025-06-09T08:40:13","date_gmt":"2025-06-09T06:40:13","guid":{"rendered":"http:\/\/westwaerts-jakobsweg.at\/?p=26548"},"modified":"2025-06-11T19:18:14","modified_gmt":"2025-06-11T17:18:14","slug":"weststeirischer-jskobsweg","status":"publish","type":"post","link":"http:\/\/westwaerts-jakobsweg.at\/?p=26548","title":{"rendered":"Weststeirischer Jakobsweg"},"content":{"rendered":"<p>Zwei Jahre wartet bereits der Weststeirische Jakobsweg auf uns. Jetzt ist es soweit.<br \/>\nWir starten morgen in Thal bei der Jakobskirche die von Ernst Fuchs gestaltet wurde und gehen bis Lavam\u00fcnd in K\u00e4rnten.<br \/>\nEr\u00f6ffnet wurde der Weg 2010, der Wanderf\u00fchrer von Outdoor ist leider auch nicht viel frischer. Haben aber im Internet eine gute Seite vom Verein zur F\u00f6rderung der steirischen Jakobswege gefunden und hoffen diese ist aktuell.<br \/>\nEs gibt sogar einen eigenen Pilgerpass f\u00fcr diesen Weg. Da das Pfarramt nur Do. Vormittag ge\u00f6ffnet hat, liegen die Pilgerp\u00e4sse mit Stempel in der Kirche.<br \/>\nDer Beginn ist angeblich noch recht stra\u00dfenlastig. Es folgen W\u00e4lder, Almen und H\u00f6henmeter bis \u00fcber 2000. Sind gespannt ob die alten Fussis da mitspielen.<br \/>\nAuf ein neues Abenteuer freuen sich O + R<br \/>\n<div id='gallery-1' class='gallery galleryid-26548 gallery-columns-3 gallery-size-thumbnail'><figure class='gallery-item'>\n\t\t\t<div class='gallery-icon landscape'>\n\t\t\t\t<a href='http:\/\/westwaerts-jakobsweg.at\/?attachment_id=26578'><img loading=\"lazy\" decoding=\"async\" width=\"150\" height=\"150\" src=\"http:\/\/westwaerts-jakobsweg.at\/wp-content\/uploads\/2025\/06\/IMG_2484-150x150.jpeg\" class=\"attachment-thumbnail size-thumbnail\" alt=\"\" \/><\/a>\n\t\t\t<\/div><\/figure>\n\t\t<\/div>\n<\/p>\n","protected":false},"excerpt":{"rendered":"<p>Zwei Jahre wartet bereits der Weststeirische Jakobsweg auf uns. Jetzt ist es soweit. Wir starten morgen in Thal bei der Jakobskirche die von Ernst Fuchs gestaltet wurde und gehen bis Lavam\u00fcnd in K\u00e4rnten. Er\u00f6ffnet wurde der Weg 2010, der Wanderf\u00fchrer von Outdoor ist leider auch nicht viel frischer. Haben aber im Internet eine gute Seite vom Verein zur F\u00f6rderung der steirischen Jakobswege gefunden und hoffen diese ist aktuell. Es gibt sogar einen eigenen Pilgerpass f\u00fcr diesen Weg. Da das Pfarramt&#8230;<\/p>\n<p class=\"read-more\"><a class=\"btn btn-default\" href=\"http:\/\/westwaerts-jakobsweg.at\/?p=26548\">Weiterlesen<span class=\"screen-reader-text\"> Weiterlesen<\/span><\/a><\/p>\n","protected":false},"author":1,"featured_media":0,"comment_status":"open","ping_status":"open","sticky":false,"template":"","format":"standard","meta":{"footnotes":""},"categories":[63,67],"tags":[],"_links":{"self":[{"href":"http:\/\/westwaerts-jakobsweg.at\/index.php?rest_route=\/wp\/v2\/posts\/26548"}],"collection":[{"href":"http:\/\/westwaerts-jakobsweg.at\/index.php?rest_route=\/wp\/v2\/posts"}],"about":[{"href":"http:\/\/westwaerts-jakobsweg.at\/index.php?rest_route=\/wp\/v2\/types\/post"}],"author":[{"embeddable":true,"href":"http:\/\/westwaerts-jakobsweg.at\/index.php?rest_route=\/wp\/v2\/users\/1"}],"replies":[{"embeddable":true,"href":"http:\/\/westwaerts-jakobsweg.at\/index.php?rest_route=%2Fwp%2Fv2%2Fcomments&post=26548"}],"version-history":[{"count":0,"href":"http:\/\/westwaerts-jakobsweg.at\/index.php?rest_route=\/wp\/v2\/posts\/26548\/revisions"}],"wp:attachment":[{"href":"http:\/\/westwaerts-jakobsweg.at\/index.php?rest_route=%2Fwp%2Fv2%2Fmedia&parent=26548"}],"wp:term":[{"taxonomy":"category","embeddable":true,"href":"http:\/\/westwaerts-jakobsweg.at\/index.php?rest_route=%2Fwp%2Fv2%2Fcategories&post=26548"},{"taxonomy":"post_tag","embeddable":true,"href":"http:\/\/westwaerts-jakobsweg.at\/index.php?rest_route=%2Fwp%2Fv2%2Ftags&post=26548"}],"curies":[{"name":"wp","href":"https:\/\/api.w.org\/{rel}","templated":true}]}}