{"id":26554,"date":"2025-06-10T21:58:33","date_gmt":"2025-06-10T19:58:33","guid":{"rendered":"http:\/\/westwaerts-jakobsweg.at\/?p=26554"},"modified":"2025-06-22T13:44:03","modified_gmt":"2025-06-22T11:44:03","slug":"weststeirischer-jakobsweg-tag-1","status":"publish","type":"post","link":"http:\/\/westwaerts-jakobsweg.at\/?p=26554","title":{"rendered":"Weststeirischer Jakobsweg Tag 1"},"content":{"rendered":"<p>Thal &#8211; St. Pankrazen 22.5km<\/p>\n<p>Mit Zug und Busse nach Thal. Hinauf zur sch\u00f6nen, interessanten, von Ernst Fuchs gestalteten Jakobskirche gestapft, diese bewundert, die Pilgerp\u00e4sse abgeholt und um 10:30 endlich gestartet.<br \/>\nH\u00fcgelig wars heute, eh klar, wir sind in der Steiermark \ud83d\ude09 . Hei\u00df wars, wenig Schatten, gro\u00dfteils auf kleinen Landstra\u00dfen, viel zu wenig durch den Wald und auf Wanderwegen. Daf\u00fcr beidseits viel Natur mit traumhaft sch\u00f6nen Weitblicken.<br \/>\nEine gem\u00fctliche Pause in St. Oswald und uns in der Kirche einen Stempel geholt.<br \/>\nEigentlich wollten wir einen Abschneider machen aber eine alte Dame meinte, \u201cnein, nein da gehts zur Kirche hinauf, da gibt es einen Stempel und ins Buch m\u00fcsst ihr auch hineinschreiben\u201c. Haha, na gut, da kann man dann nicht mehr aus \ud83d\ude42 .<br \/>\nAb da nur Stra\u00dfe ohne Schatten, die F\u00fc\u00dfe rauchten. In Stiwoll gleich nochmals eingekehrt. Das muss gen\u00fctzt werden. Die meisten Einkehrm\u00f6glichkeiten sind geschlossen oder sind nur zum Wochenende ge\u00f6ffnet.<br \/>\nEinige Kilometer vor unserem Ziel zweigt der Weg in eine Schotterstra\u00dfe ab.<br \/>\nSt. Pakrazen liegt auf einem Berg. In Serpentinen windet sich, teils steil der Weg hinauf. Zum Gl\u00fcck durch einen schattigen Wald.<br \/>\nSchlafen heute bei einer Familie, die zwei Gastst\u00e4tten sind geschlossen.<br \/>\nFrau Scherr bekochte uns und auf der Terrasse wurde es mit einer Plauderei schnell sp\u00e4t.<br \/>\nAufs Bettchen freuen sich O + R<\/p>\n<p>Unterkunft: Fam. Ludmilla Scherr<\/p>\n<div id='gallery-1' class='gallery galleryid-26554 gallery-columns-3 gallery-size-thumbnail'><figure class='gallery-item'>\n\t\t\t<div class='gallery-icon portrait'>\n\t\t\t\t<a href='http:\/\/westwaerts-jakobsweg.at\/?attachment_id=26565'><img loading=\"lazy\" decoding=\"async\" width=\"150\" height=\"150\" src=\"http:\/\/westwaerts-jakobsweg.at\/wp-content\/uploads\/2025\/06\/IMG_2485-150x150.jpeg\" class=\"attachment-thumbnail size-thumbnail\" alt=\"\" aria-describedby=\"gallery-1-26565\" \/><\/a>\n\t\t\t<\/div>\n\t\t\t\t<figcaption class='wp-caption-text gallery-caption' id='gallery-1-26565'>\n\t\t\t\t Jakobskirche in Thal&#8230;\n\t\t\t\t<\/figcaption><\/figure><figure class='gallery-item'>\n\t\t\t<div class='gallery-icon landscape'>\n\t\t\t\t<a href='http:\/\/westwaerts-jakobsweg.at\/?attachment_id=26573'><img loading=\"lazy\" decoding=\"async\" width=\"150\" height=\"150\" src=\"http:\/\/westwaerts-jakobsweg.at\/wp-content\/uploads\/2025\/06\/1090550-150x150.jpeg\" class=\"attachment-thumbnail size-thumbnail\" alt=\"\" aria-describedby=\"gallery-1-26573\" \/><\/a>\n\t\t\t<\/div>\n\t\t\t\t<figcaption class='wp-caption-text gallery-caption' id='gallery-1-26573'>\n\t\t\t\t&#8230;von Ernst Fuchs gestaltet\n\t\t\t\t<\/figcaption><\/figure><figure class='gallery-item'>\n\t\t\t<div class='gallery-icon portrait'>\n\t\t\t\t<a href='http:\/\/westwaerts-jakobsweg.at\/?attachment_id=26574'><img loading=\"lazy\" decoding=\"async\" width=\"150\" height=\"150\" src=\"http:\/\/westwaerts-jakobsweg.at\/wp-content\/uploads\/2025\/06\/1090552-150x150.jpeg\" class=\"attachment-thumbnail size-thumbnail\" alt=\"\" \/><\/a>\n\t\t\t<\/div><\/figure><figure class='gallery-item'>\n\t\t\t<div class='gallery-icon portrait'>\n\t\t\t\t<a href='http:\/\/westwaerts-jakobsweg.at\/?attachment_id=26567'><img loading=\"lazy\" decoding=\"async\" width=\"150\" height=\"150\" src=\"http:\/\/westwaerts-jakobsweg.at\/wp-content\/uploads\/2025\/06\/IMG_2493-150x150.jpeg\" class=\"attachment-thumbnail size-thumbnail\" alt=\"\" \/><\/a>\n\t\t\t<\/div><\/figure><figure class='gallery-item'>\n\t\t\t<div class='gallery-icon portrait'>\n\t\t\t\t<a href='http:\/\/westwaerts-jakobsweg.at\/?attachment_id=26569'><img loading=\"lazy\" decoding=\"async\" width=\"150\" height=\"150\" src=\"http:\/\/westwaerts-jakobsweg.at\/wp-content\/uploads\/2025\/06\/IMG_2502-150x150.jpeg\" class=\"attachment-thumbnail size-thumbnail\" alt=\"\" \/><\/a>\n\t\t\t<\/div><\/figure><figure class='gallery-item'>\n\t\t\t<div class='gallery-icon landscape'>\n\t\t\t\t<a href='http:\/\/westwaerts-jakobsweg.at\/?attachment_id=26575'><img loading=\"lazy\" decoding=\"async\" width=\"150\" height=\"150\" src=\"http:\/\/westwaerts-jakobsweg.at\/wp-content\/uploads\/2025\/06\/1090555-150x150.jpeg\" class=\"attachment-thumbnail size-thumbnail\" alt=\"\" aria-describedby=\"gallery-1-26575\" \/><\/a>\n\t\t\t<\/div>\n\t\t\t\t<figcaption class='wp-caption-text gallery-caption' id='gallery-1-26575'>\n\t\t\t\tSchloss Plankenwarth\n\t\t\t\t<\/figcaption><\/figure><figure class='gallery-item'>\n\t\t\t<div class='gallery-icon landscape'>\n\t\t\t\t<a href='http:\/\/westwaerts-jakobsweg.at\/?attachment_id=26571'><img loading=\"lazy\" decoding=\"async\" width=\"150\" height=\"150\" src=\"http:\/\/westwaerts-jakobsweg.at\/wp-content\/uploads\/2025\/06\/IMG_2524-150x150.jpeg\" class=\"attachment-thumbnail size-thumbnail\" alt=\"\" \/><\/a>\n\t\t\t<\/div><\/figure><figure class='gallery-item'>\n\t\t\t<div class='gallery-icon portrait'>\n\t\t\t\t<a href='http:\/\/westwaerts-jakobsweg.at\/?attachment_id=26570'><img loading=\"lazy\" decoding=\"async\" width=\"150\" height=\"150\" src=\"http:\/\/westwaerts-jakobsweg.at\/wp-content\/uploads\/2025\/06\/IMG_2519-150x150.jpeg\" class=\"attachment-thumbnail size-thumbnail\" alt=\"\" \/><\/a>\n\t\t\t<\/div><\/figure><figure class='gallery-item'>\n\t\t\t<div class='gallery-icon landscape'>\n\t\t\t\t<a href='http:\/\/westwaerts-jakobsweg.at\/?attachment_id=26568'><img loading=\"lazy\" decoding=\"async\" width=\"150\" height=\"150\" src=\"http:\/\/westwaerts-jakobsweg.at\/wp-content\/uploads\/2025\/06\/IMG_2483-150x150.jpeg\" class=\"attachment-thumbnail size-thumbnail\" alt=\"\" \/><\/a>\n\t\t\t<\/div><\/figure><figure class='gallery-item'>\n\t\t\t<div class='gallery-icon landscape'>\n\t\t\t\t<a href='http:\/\/westwaerts-jakobsweg.at\/?attachment_id=26981'><img loading=\"lazy\" decoding=\"async\" width=\"150\" height=\"150\" src=\"http:\/\/westwaerts-jakobsweg.at\/wp-content\/uploads\/2025\/06\/IMG_2528-150x150.jpg\" class=\"attachment-thumbnail size-thumbnail\" alt=\"\" aria-describedby=\"gallery-1-26981\" \/><\/a>\n\t\t\t<\/div>\n\t\t\t\t<figcaption class='wp-caption-text gallery-caption' id='gallery-1-26981'>\n\t\t\t\thinauf nach St. Pankrazen\n\t\t\t\t<\/figcaption><\/figure><figure class='gallery-item'>\n\t\t\t<div class='gallery-icon portrait'>\n\t\t\t\t<a href='http:\/\/westwaerts-jakobsweg.at\/?attachment_id=26572'><img loading=\"lazy\" decoding=\"async\" width=\"150\" height=\"150\" src=\"http:\/\/westwaerts-jakobsweg.at\/wp-content\/uploads\/2025\/06\/IMG_2529-150x150.jpeg\" class=\"attachment-thumbnail size-thumbnail\" alt=\"\" aria-describedby=\"gallery-1-26572\" \/><\/a>\n\t\t\t<\/div>\n\t\t\t\t<figcaption class='wp-caption-text gallery-caption' id='gallery-1-26572'>\n\t\t\t\tHerz Jesu\/Herz Marien Kapelle\n\t\t\t\t<\/figcaption><\/figure><figure class='gallery-item'>\n\t\t\t<div class='gallery-icon landscape'>\n\t\t\t\t<a href='http:\/\/westwaerts-jakobsweg.at\/?attachment_id=26982'><img loading=\"lazy\" decoding=\"async\" width=\"150\" height=\"150\" src=\"http:\/\/westwaerts-jakobsweg.at\/wp-content\/uploads\/2025\/06\/IMG_2536-150x150.jpg\" class=\"attachment-thumbnail size-thumbnail\" alt=\"\" aria-describedby=\"gallery-1-26982\" \/><\/a>\n\t\t\t<\/div>\n\t\t\t\t<figcaption class='wp-caption-text gallery-caption' id='gallery-1-26982'>\n\t\t\t\tSt. Pankrazen\n\t\t\t\t<\/figcaption><\/figure>\n\t\t<\/div>\n\n","protected":false},"excerpt":{"rendered":"<p>Thal &#8211; St. Pankrazen 22.5km Mit Zug und Busse nach Thal. Hinauf zur sch\u00f6nen, interessanten, von Ernst Fuchs gestalteten Jakobskirche gestapft, diese bewundert, die Pilgerp\u00e4sse abgeholt und um 10:30 endlich gestartet. H\u00fcgelig wars heute, eh klar, wir sind in der Steiermark \ud83d\ude09 . Hei\u00df wars, wenig Schatten, gro\u00dfteils auf kleinen Landstra\u00dfen, viel zu wenig durch den Wald und auf Wanderwegen. Daf\u00fcr beidseits viel Natur mit traumhaft sch\u00f6nen Weitblicken. Eine gem\u00fctliche Pause in St. Oswald und uns in der Kirche einen&#8230;<\/p>\n<p class=\"read-more\"><a class=\"btn btn-default\" href=\"http:\/\/westwaerts-jakobsweg.at\/?p=26554\">Weiterlesen<span class=\"screen-reader-text\"> Weiterlesen<\/span><\/a><\/p>\n","protected":false},"author":1,"featured_media":0,"comment_status":"open","ping_status":"open","sticky":false,"template":"","format":"standard","meta":{"footnotes":""},"categories":[63,67],"tags":[],"_links":{"self":[{"href":"http:\/\/westwaerts-jakobsweg.at\/index.php?rest_route=\/wp\/v2\/posts\/26554"}],"collection":[{"href":"http:\/\/westwaerts-jakobsweg.at\/index.php?rest_route=\/wp\/v2\/posts"}],"about":[{"href":"http:\/\/westwaerts-jakobsweg.at\/index.php?rest_route=\/wp\/v2\/types\/post"}],"author":[{"embeddable":true,"href":"http:\/\/westwaerts-jakobsweg.at\/index.php?rest_route=\/wp\/v2\/users\/1"}],"replies":[{"embeddable":true,"href":"http:\/\/westwaerts-jakobsweg.at\/index.php?rest_route=%2Fwp%2Fv2%2Fcomments&post=26554"}],"version-history":[{"count":0,"href":"http:\/\/westwaerts-jakobsweg.at\/index.php?rest_route=\/wp\/v2\/posts\/26554\/revisions"}],"wp:attachment":[{"href":"http:\/\/westwaerts-jakobsweg.at\/index.php?rest_route=%2Fwp%2Fv2%2Fmedia&parent=26554"}],"wp:term":[{"taxonomy":"category","embeddable":true,"href":"http:\/\/westwaerts-jakobsweg.at\/index.php?rest_route=%2Fwp%2Fv2%2Fcategories&post=26554"},{"taxonomy":"post_tag","embeddable":true,"href":"http:\/\/westwaerts-jakobsweg.at\/index.php?rest_route=%2Fwp%2Fv2%2Ftags&post=26554"}],"curies":[{"name":"wp","href":"https:\/\/api.w.org\/{rel}","templated":true}]}}