{"id":26708,"date":"2025-06-16T09:50:57","date_gmt":"2025-06-16T07:50:57","guid":{"rendered":"http:\/\/westwaerts-jakobsweg.at\/?p=26708"},"modified":"2025-06-21T22:31:26","modified_gmt":"2025-06-21T20:31:26","slug":"weststeirischer-jakobsweg-tag-7","status":"publish","type":"post","link":"http:\/\/westwaerts-jakobsweg.at\/?p=26708","title":{"rendered":"Weststeirischer Jakobsweg Tag 7"},"content":{"rendered":"<p>Soboth &#8211; \u00a0Ende &#8211; Lavam\u00fcnd \u201eins Wasser gefallen\u201c<\/p>\n<p>Regen. Es w\u00e4re der letzte Tag vom Weststeirischen Jakobsweg gewesen aber die Motivation Wandern im Regen ist gerade nicht vorhanden \ud83d\ude09 . Vielleicht gibt es ja im n\u00e4chsten Jahr eine Fortsetzung? Durch K\u00e4rnten sind wir eh noch nicht gewandert.<br \/>\nGem\u00fctlich gefr\u00fchst\u00fcckt, das Wandertaxi brachte uns zum Bahnhof Wies-Eibiswald und ab mit uns nach Wien.<\/p>\n<p>Unterkunft: zu Hause \ud83d\ude42<\/p>\n<p>Der Weststeirische Jakobsweg ist zu Beginn asphaltlastig, f\u00fchrt dann immer \u00f6fter auf sch\u00f6nen Wanderwegen, bis man nur mehr durch die herrlichen W\u00e4lder der gr\u00fcnen Steiermark marschiert \ud83d\ude42 .<br \/>\nBei der Hitze wurden die vielen H\u00f6henmeter immer wieder eine Herausforderung.<br \/>\nDa leider die F\u00f6rderungen ausbleiben, k\u00fcmmert sich keiner mehr um die Wege. Die Jakobswegbeschilderung ist Abschnittsweise vorhanden, die Schilder brechen zum Teil altersbedingt ab oder es gibt sie gar nicht mehr. Die rot-wei\u00df-rote Markierung hilft, es ist kein Fehler ein GPS-Handy mitzuhaben.<br \/>\nDie Unterk\u00fcnfte die es noch gibt sind nett und der Empfang herzlich. Gasth\u00e4user sind zum Teil geschlossen oder teils nur zum WE ge\u00f6ffnet.<br \/>\nDas n\u00e4chste Abenteuer wird in Norwegen mit dem Motorrad sein. Wir hoffen auf gutes Wetter.<br \/>\nEinen sch\u00f6nen, gem\u00fctlichen Sommer w\u00fcnschen O + R<\/p>\n","protected":false},"excerpt":{"rendered":"<p>Soboth &#8211; \u00a0Ende &#8211; Lavam\u00fcnd \u201eins Wasser gefallen\u201c Regen. Es w\u00e4re der letzte Tag vom Weststeirischen Jakobsweg gewesen aber die Motivation Wandern im Regen ist gerade nicht vorhanden \ud83d\ude09 . Vielleicht gibt es ja im n\u00e4chsten Jahr eine Fortsetzung? Durch K\u00e4rnten sind wir eh noch nicht gewandert. Gem\u00fctlich gefr\u00fchst\u00fcckt, das Wandertaxi brachte uns zum Bahnhof Wies-Eibiswald und ab mit uns nach Wien. Unterkunft: zu Hause \ud83d\ude42 Der Weststeirische Jakobsweg ist zu Beginn asphaltlastig, f\u00fchrt dann immer \u00f6fter auf sch\u00f6nen Wanderwegen,&#8230;<\/p>\n<p class=\"read-more\"><a class=\"btn btn-default\" href=\"http:\/\/westwaerts-jakobsweg.at\/?p=26708\">Weiterlesen<span class=\"screen-reader-text\"> Weiterlesen<\/span><\/a><\/p>\n","protected":false},"author":1,"featured_media":0,"comment_status":"open","ping_status":"open","sticky":false,"template":"","format":"standard","meta":{"footnotes":""},"categories":[63,67],"tags":[],"_links":{"self":[{"href":"http:\/\/westwaerts-jakobsweg.at\/index.php?rest_route=\/wp\/v2\/posts\/26708"}],"collection":[{"href":"http:\/\/westwaerts-jakobsweg.at\/index.php?rest_route=\/wp\/v2\/posts"}],"about":[{"href":"http:\/\/westwaerts-jakobsweg.at\/index.php?rest_route=\/wp\/v2\/types\/post"}],"author":[{"embeddable":true,"href":"http:\/\/westwaerts-jakobsweg.at\/index.php?rest_route=\/wp\/v2\/users\/1"}],"replies":[{"embeddable":true,"href":"http:\/\/westwaerts-jakobsweg.at\/index.php?rest_route=%2Fwp%2Fv2%2Fcomments&post=26708"}],"version-history":[{"count":0,"href":"http:\/\/westwaerts-jakobsweg.at\/index.php?rest_route=\/wp\/v2\/posts\/26708\/revisions"}],"wp:attachment":[{"href":"http:\/\/westwaerts-jakobsweg.at\/index.php?rest_route=%2Fwp%2Fv2%2Fmedia&parent=26708"}],"wp:term":[{"taxonomy":"category","embeddable":true,"href":"http:\/\/westwaerts-jakobsweg.at\/index.php?rest_route=%2Fwp%2Fv2%2Fcategories&post=26708"},{"taxonomy":"post_tag","embeddable":true,"href":"http:\/\/westwaerts-jakobsweg.at\/index.php?rest_route=%2Fwp%2Fv2%2Ftags&post=26708"}],"curies":[{"name":"wp","href":"https:\/\/api.w.org\/{rel}","templated":true}]}}