{"id":27793,"date":"2025-07-17T11:57:58","date_gmt":"2025-07-17T09:57:58","guid":{"rendered":"http:\/\/westwaerts-jakobsweg.at\/?p=27793"},"modified":"2025-07-31T11:51:53","modified_gmt":"2025-07-31T09:51:53","slug":"norwegen-tour-tag-2","status":"publish","type":"post","link":"http:\/\/westwaerts-jakobsweg.at\/?p=27793","title":{"rendered":"Norwegen Tour Tag 2"},"content":{"rendered":"<hr \/>\n<p>Berlin &#8211; Ish\u00f3j Strandcamping (DK) 383km (1078km) + 2 Std. mit der F\u00e4hre<\/p>\n<p>Der Weg durch Berlin zog sich, eh klar, der Morgenstau wie bei uns. Aber wir erreichten rechtzeitig die 11:15 F\u00e4hre.<br \/>\nBis dorthin ein arger Wind, b\u00f6se dunkle Wolken am Himmel und vor Rostock begann ein leichter Regen, der dann auf der F\u00e4hre heftig wurde. Dichter Nebel kam dazu. Mit der Scandlines gings nach<br \/>\nGedser in D\u00e4nemark.<br \/>\nD\u00e4nemark begr\u00fc\u00dfte uns mit freundlichem Wetter \ud83d\ude42 . Es ging kreuz und quer durch l\u00e4ndliche D\u00f6rfer. Manche H\u00e4user haben Reetd\u00e4cher (Schilfd\u00e4cher), das sieht sehr h\u00fcsch aus.<br \/>\nDie Ostsee \u00fcberquerten wir \u00fcber eine imposante Br\u00fccke. Neue Br\u00fccken, ebenso imposant, sind in Arbeit. Am sch\u00f6nen Campingplatz Ish\u00f3j Strand stellten wir unser Zelt auf.<br \/>\nEtwas f\u00fcr den Bauch suchen m\u00fcssen O + R<\/p>\n<p>Unterkunft: Campingplatz Ish\u00f3j Strand<\/p>\n<div id='gallery-1' class='gallery galleryid-27793 gallery-columns-3 gallery-size-thumbnail'><figure class='gallery-item'>\n\t\t\t<div class='gallery-icon landscape'>\n\t\t\t\t<a href='http:\/\/westwaerts-jakobsweg.at\/?attachment_id=27833'><img loading=\"lazy\" decoding=\"async\" width=\"150\" height=\"150\" src=\"http:\/\/westwaerts-jakobsweg.at\/wp-content\/uploads\/2025\/07\/1090624-150x150.jpeg\" class=\"attachment-thumbnail size-thumbnail\" alt=\"\" aria-describedby=\"gallery-1-27833\" \/><\/a>\n\t\t\t<\/div>\n\t\t\t\t<figcaption class='wp-caption-text gallery-caption' id='gallery-1-27833'>\n\t\t\t\tvon Rostock&#8230;\n\t\t\t\t<\/figcaption><\/figure><figure class='gallery-item'>\n\t\t\t<div class='gallery-icon landscape'>\n\t\t\t\t<a href='http:\/\/westwaerts-jakobsweg.at\/?attachment_id=27834'><img loading=\"lazy\" decoding=\"async\" width=\"150\" height=\"150\" src=\"http:\/\/westwaerts-jakobsweg.at\/wp-content\/uploads\/2025\/07\/1090623-150x150.jpeg\" class=\"attachment-thumbnail size-thumbnail\" alt=\"\" aria-describedby=\"gallery-1-27834\" \/><\/a>\n\t\t\t<\/div>\n\t\t\t\t<figcaption class='wp-caption-text gallery-caption' id='gallery-1-27834'>\n\t\t\t\t&#8230;mit der F\u00e4hre&#8230;\n\t\t\t\t<\/figcaption><\/figure><figure class='gallery-item'>\n\t\t\t<div class='gallery-icon landscape'>\n\t\t\t\t<a href='http:\/\/westwaerts-jakobsweg.at\/?attachment_id=27835'><img loading=\"lazy\" decoding=\"async\" width=\"150\" height=\"150\" src=\"http:\/\/westwaerts-jakobsweg.at\/wp-content\/uploads\/2025\/07\/1090621-150x150.jpeg\" class=\"attachment-thumbnail size-thumbnail\" alt=\"\" aria-describedby=\"gallery-1-27835\" \/><\/a>\n\t\t\t<\/div>\n\t\t\t\t<figcaption class='wp-caption-text gallery-caption' id='gallery-1-27835'>\n\t\t\t\t&#8230;nach D\u00e4nemark\n\t\t\t\t<\/figcaption><\/figure><figure class='gallery-item'>\n\t\t\t<div class='gallery-icon landscape'>\n\t\t\t\t<a href='http:\/\/westwaerts-jakobsweg.at\/?attachment_id=27807'><img loading=\"lazy\" decoding=\"async\" width=\"150\" height=\"150\" src=\"http:\/\/westwaerts-jakobsweg.at\/wp-content\/uploads\/2025\/07\/PHOTO-2025-07-17-18-14-35-3-150x150.jpeg\" class=\"attachment-thumbnail size-thumbnail\" alt=\"\" aria-describedby=\"gallery-1-27807\" \/><\/a>\n\t\t\t<\/div>\n\t\t\t\t<figcaption class='wp-caption-text gallery-caption' id='gallery-1-27807'>\n\t\t\t\tAnkunft, Gedser in D\u00e4nemark\n\t\t\t\t<\/figcaption><\/figure><figure class='gallery-item'>\n\t\t\t<div class='gallery-icon landscape'>\n\t\t\t\t<a href='http:\/\/westwaerts-jakobsweg.at\/?attachment_id=27804'><img loading=\"lazy\" decoding=\"async\" width=\"150\" height=\"150\" src=\"http:\/\/westwaerts-jakobsweg.at\/wp-content\/uploads\/2025\/07\/PHOTO-2025-07-17-18-14-35-150x150.jpeg\" class=\"attachment-thumbnail size-thumbnail\" alt=\"\" \/><\/a>\n\t\t\t<\/div><\/figure><figure class='gallery-item'>\n\t\t\t<div class='gallery-icon landscape'>\n\t\t\t\t<a href='http:\/\/westwaerts-jakobsweg.at\/?attachment_id=27805'><img loading=\"lazy\" decoding=\"async\" width=\"150\" height=\"150\" src=\"http:\/\/westwaerts-jakobsweg.at\/wp-content\/uploads\/2025\/07\/PHOTO-2025-07-17-18-14-35-1-150x150.jpeg\" class=\"attachment-thumbnail size-thumbnail\" alt=\"\" \/><\/a>\n\t\t\t<\/div><\/figure><figure class='gallery-item'>\n\t\t\t<div class='gallery-icon landscape'>\n\t\t\t\t<a href='http:\/\/westwaerts-jakobsweg.at\/?attachment_id=27806'><img loading=\"lazy\" decoding=\"async\" width=\"150\" height=\"150\" src=\"http:\/\/westwaerts-jakobsweg.at\/wp-content\/uploads\/2025\/07\/PHOTO-2025-07-17-18-14-35-2-150x150.jpeg\" class=\"attachment-thumbnail size-thumbnail\" alt=\"\" aria-describedby=\"gallery-1-27806\" \/><\/a>\n\t\t\t<\/div>\n\t\t\t\t<figcaption class='wp-caption-text gallery-caption' id='gallery-1-27806'>\n\t\t\t\tam Campingplatz&#8230; \n\t\t\t\t<\/figcaption><\/figure><figure class='gallery-item'>\n\t\t\t<div class='gallery-icon landscape'>\n\t\t\t\t<a href='http:\/\/westwaerts-jakobsweg.at\/?attachment_id=27808'><img loading=\"lazy\" decoding=\"async\" width=\"150\" height=\"150\" src=\"http:\/\/westwaerts-jakobsweg.at\/wp-content\/uploads\/2025\/07\/PHOTO-2025-07-17-18-14-35-4-150x150.jpeg\" class=\"attachment-thumbnail size-thumbnail\" alt=\"\" aria-describedby=\"gallery-1-27808\" \/><\/a>\n\t\t\t<\/div>\n\t\t\t\t<figcaption class='wp-caption-text gallery-caption' id='gallery-1-27808'>\n\t\t\t\t&#8230;Ish\u00f3j Strandcamping\n\t\t\t\t<\/figcaption><\/figure><figure class='gallery-item'>\n\t\t\t<div class='gallery-icon landscape'>\n\t\t\t\t<a href='http:\/\/westwaerts-jakobsweg.at\/?attachment_id=27809'><img loading=\"lazy\" decoding=\"async\" width=\"150\" height=\"150\" src=\"http:\/\/westwaerts-jakobsweg.at\/wp-content\/uploads\/2025\/07\/PHOTO-2025-07-17-18-14-35-5-150x150.jpeg\" class=\"attachment-thumbnail size-thumbnail\" alt=\"\" aria-describedby=\"gallery-1-27809\" \/><\/a>\n\t\t\t<\/div>\n\t\t\t\t<figcaption class='wp-caption-text gallery-caption' id='gallery-1-27809'>\n\t\t\t\tgute Nacht\n\t\t\t\t<\/figcaption><\/figure>\n\t\t<\/div>\n\n","protected":false},"excerpt":{"rendered":"<p>Berlin &#8211; Ish\u00f3j Strandcamping (DK) 383km (1078km) + 2 Std. mit der F\u00e4hre Der Weg durch Berlin zog sich, eh klar, der Morgenstau wie bei uns. Aber wir erreichten rechtzeitig die 11:15 F\u00e4hre. Bis dorthin ein arger Wind, b\u00f6se dunkle Wolken am Himmel und vor Rostock begann ein leichter Regen, der dann auf der F\u00e4hre heftig wurde. Dichter Nebel kam dazu. Mit der Scandlines gings nach Gedser in D\u00e4nemark. D\u00e4nemark begr\u00fc\u00dfte uns mit freundlichem Wetter \ud83d\ude42 . Es ging kreuz&#8230;<\/p>\n<p class=\"read-more\"><a class=\"btn btn-default\" href=\"http:\/\/westwaerts-jakobsweg.at\/?p=27793\">Weiterlesen<span class=\"screen-reader-text\"> Weiterlesen<\/span><\/a><\/p>\n","protected":false},"author":1,"featured_media":0,"comment_status":"open","ping_status":"open","sticky":false,"template":"","format":"standard","meta":{"footnotes":""},"categories":[63,68],"tags":[],"_links":{"self":[{"href":"http:\/\/westwaerts-jakobsweg.at\/index.php?rest_route=\/wp\/v2\/posts\/27793"}],"collection":[{"href":"http:\/\/westwaerts-jakobsweg.at\/index.php?rest_route=\/wp\/v2\/posts"}],"about":[{"href":"http:\/\/westwaerts-jakobsweg.at\/index.php?rest_route=\/wp\/v2\/types\/post"}],"author":[{"embeddable":true,"href":"http:\/\/westwaerts-jakobsweg.at\/index.php?rest_route=\/wp\/v2\/users\/1"}],"replies":[{"embeddable":true,"href":"http:\/\/westwaerts-jakobsweg.at\/index.php?rest_route=%2Fwp%2Fv2%2Fcomments&post=27793"}],"version-history":[{"count":0,"href":"http:\/\/westwaerts-jakobsweg.at\/index.php?rest_route=\/wp\/v2\/posts\/27793\/revisions"}],"wp:attachment":[{"href":"http:\/\/westwaerts-jakobsweg.at\/index.php?rest_route=%2Fwp%2Fv2%2Fmedia&parent=27793"}],"wp:term":[{"taxonomy":"category","embeddable":true,"href":"http:\/\/westwaerts-jakobsweg.at\/index.php?rest_route=%2Fwp%2Fv2%2Fcategories&post=27793"},{"taxonomy":"post_tag","embeddable":true,"href":"http:\/\/westwaerts-jakobsweg.at\/index.php?rest_route=%2Fwp%2Fv2%2Ftags&post=27793"}],"curies":[{"name":"wp","href":"https:\/\/api.w.org\/{rel}","templated":true}]}}