{"id":28140,"date":"2026-02-12T19:52:43","date_gmt":"2026-02-12T18:52:43","guid":{"rendered":"http:\/\/westwaerts-jakobsweg.at\/?p=28140"},"modified":"2026-02-16T13:19:42","modified_gmt":"2026-02-16T12:19:42","slug":"van-fan-tag-3","status":"publish","type":"post","link":"http:\/\/westwaerts-jakobsweg.at\/?p=28140","title":{"rendered":"Van Fan  Tag 3"},"content":{"rendered":"<p>Opatija &#8211; irgendwo zwischen Senj und Split<\/p>\n<p>Wir freuen uns auf die Adria Magistrale, der angeblich sch\u00f6nsten K\u00fcstenstra\u00dfe der Welt.<br \/>\nBeeindruckende Ausblicke auf das tiefblaue Meer, kurvenreiche Stra\u00dfen, Gebirgsketten und Ortschaften, \u00a0eingebettet wie kleine Juwele zwischen Gebirge und Meer.<br \/>\nUnser erster Stopp war in Senj. Jedes Jahr wenn wir zur Insel Rab fahren sehen wir die Festung Nehj, die \u00fcber der historischen Stadt majest\u00e4tisch auf einen H\u00fcgel thront. Diesmal spazierten wir hinauf und wurden mit herrlichen Ausblicken belohnt.<br \/>\nAllm\u00e4hlich wurde es Zeit einen Stellplatz f\u00fcr die Nacht zu suchen. Den fanden wir dann, wie kann es anders sein, direkt beim Meer. Eine herrliche Ruhe, ein wundersch\u00f6ner Sonnenuntergang.<br \/>\nSo l\u00e4sst es sich leben finden O + R<\/p>\n<div id='gallery-1' class='gallery galleryid-28140 gallery-columns-3 gallery-size-thumbnail'><figure class='gallery-item'>\n\t\t\t<div class='gallery-icon landscape'>\n\t\t\t\t<a href='http:\/\/westwaerts-jakobsweg.at\/?attachment_id=28181'><img loading=\"lazy\" decoding=\"async\" width=\"150\" height=\"150\" src=\"http:\/\/westwaerts-jakobsweg.at\/wp-content\/uploads\/2026\/02\/IMG_3537-150x150.jpeg\" class=\"attachment-thumbnail size-thumbnail\" alt=\"\" aria-describedby=\"gallery-1-28181\" \/><\/a>\n\t\t\t<\/div>\n\t\t\t\t<figcaption class='wp-caption-text gallery-caption' id='gallery-1-28181'>\n\t\t\t\tRichtung Split\n\t\t\t\t<\/figcaption><\/figure><figure class='gallery-item'>\n\t\t\t<div class='gallery-icon landscape'>\n\t\t\t\t<a href='http:\/\/westwaerts-jakobsweg.at\/?attachment_id=28182'><img loading=\"lazy\" decoding=\"async\" width=\"150\" height=\"150\" src=\"http:\/\/westwaerts-jakobsweg.at\/wp-content\/uploads\/2026\/02\/IMG_3542-150x150.jpeg\" class=\"attachment-thumbnail size-thumbnail\" alt=\"\" aria-describedby=\"gallery-1-28182\" \/><\/a>\n\t\t\t<\/div>\n\t\t\t\t<figcaption class='wp-caption-text gallery-caption' id='gallery-1-28182'>\n\t\t\t\tFestung Nehj&#8230;\n\t\t\t\t<\/figcaption><\/figure><figure class='gallery-item'>\n\t\t\t<div class='gallery-icon landscape'>\n\t\t\t\t<a href='http:\/\/westwaerts-jakobsweg.at\/?attachment_id=28183'><img loading=\"lazy\" decoding=\"async\" width=\"150\" height=\"150\" src=\"http:\/\/westwaerts-jakobsweg.at\/wp-content\/uploads\/2026\/02\/IMG_3545-150x150.jpeg\" class=\"attachment-thumbnail size-thumbnail\" alt=\"\" aria-describedby=\"gallery-1-28183\" \/><\/a>\n\t\t\t<\/div>\n\t\t\t\t<figcaption class='wp-caption-text gallery-caption' id='gallery-1-28183'>\n\t\t\t\t&#8230;in Senj\n\t\t\t\t<\/figcaption><\/figure><figure class='gallery-item'>\n\t\t\t<div class='gallery-icon landscape'>\n\t\t\t\t<a href='http:\/\/westwaerts-jakobsweg.at\/?attachment_id=28184'><img loading=\"lazy\" decoding=\"async\" width=\"150\" height=\"150\" src=\"http:\/\/westwaerts-jakobsweg.at\/wp-content\/uploads\/2026\/02\/IMG_3548-150x150.jpeg\" class=\"attachment-thumbnail size-thumbnail\" alt=\"\" aria-describedby=\"gallery-1-28184\" \/><\/a>\n\t\t\t<\/div>\n\t\t\t\t<figcaption class='wp-caption-text gallery-caption' id='gallery-1-28184'>\n\t\t\t\twundersch\u00f6ne K\u00fcstenstra\u00dfe\n\t\t\t\t<\/figcaption><\/figure><figure class='gallery-item'>\n\t\t\t<div class='gallery-icon landscape'>\n\t\t\t\t<a href='http:\/\/westwaerts-jakobsweg.at\/?attachment_id=28185'><img loading=\"lazy\" decoding=\"async\" width=\"150\" height=\"150\" src=\"http:\/\/westwaerts-jakobsweg.at\/wp-content\/uploads\/2026\/02\/IMG_3553-150x150.jpeg\" class=\"attachment-thumbnail size-thumbnail\" alt=\"\" aria-describedby=\"gallery-1-28185\" \/><\/a>\n\t\t\t<\/div>\n\t\t\t\t<figcaption class='wp-caption-text gallery-caption' id='gallery-1-28185'>\n\t\t\t\tSonnenuntergang vom Stellplatz\n\t\t\t\t<\/figcaption><\/figure>\n\t\t<\/div>\n\n","protected":false},"excerpt":{"rendered":"<p>Opatija &#8211; irgendwo zwischen Senj und Split Wir freuen uns auf die Adria Magistrale, der angeblich sch\u00f6nsten K\u00fcstenstra\u00dfe der Welt. Beeindruckende Ausblicke auf das tiefblaue Meer, kurvenreiche Stra\u00dfen, Gebirgsketten und Ortschaften, \u00a0eingebettet wie kleine Juwele zwischen Gebirge und Meer. Unser erster Stopp war in Senj. Jedes Jahr wenn wir zur Insel Rab fahren sehen wir die Festung Nehj, die \u00fcber der historischen Stadt majest\u00e4tisch auf einen H\u00fcgel thront. Diesmal spazierten wir hinauf und wurden mit herrlichen Ausblicken belohnt. Allm\u00e4hlich wurde&#8230;<\/p>\n<p class=\"read-more\"><a class=\"btn btn-default\" href=\"http:\/\/westwaerts-jakobsweg.at\/?p=28140\">Weiterlesen<span class=\"screen-reader-text\"> Weiterlesen<\/span><\/a><\/p>\n","protected":false},"author":1,"featured_media":0,"comment_status":"open","ping_status":"open","sticky":false,"template":"","format":"standard","meta":{"footnotes":""},"categories":[63,72],"tags":[],"_links":{"self":[{"href":"http:\/\/westwaerts-jakobsweg.at\/index.php?rest_route=\/wp\/v2\/posts\/28140"}],"collection":[{"href":"http:\/\/westwaerts-jakobsweg.at\/index.php?rest_route=\/wp\/v2\/posts"}],"about":[{"href":"http:\/\/westwaerts-jakobsweg.at\/index.php?rest_route=\/wp\/v2\/types\/post"}],"author":[{"embeddable":true,"href":"http:\/\/westwaerts-jakobsweg.at\/index.php?rest_route=\/wp\/v2\/users\/1"}],"replies":[{"embeddable":true,"href":"http:\/\/westwaerts-jakobsweg.at\/index.php?rest_route=%2Fwp%2Fv2%2Fcomments&post=28140"}],"version-history":[{"count":0,"href":"http:\/\/westwaerts-jakobsweg.at\/index.php?rest_route=\/wp\/v2\/posts\/28140\/revisions"}],"wp:attachment":[{"href":"http:\/\/westwaerts-jakobsweg.at\/index.php?rest_route=%2Fwp%2Fv2%2Fmedia&parent=28140"}],"wp:term":[{"taxonomy":"category","embeddable":true,"href":"http:\/\/westwaerts-jakobsweg.at\/index.php?rest_route=%2Fwp%2Fv2%2Fcategories&post=28140"},{"taxonomy":"post_tag","embeddable":true,"href":"http:\/\/westwaerts-jakobsweg.at\/index.php?rest_route=%2Fwp%2Fv2%2Ftags&post=28140"}],"curies":[{"name":"wp","href":"https:\/\/api.w.org\/{rel}","templated":true}]}}