{"id":28142,"date":"2026-02-12T20:10:08","date_gmt":"2026-02-12T19:10:08","guid":{"rendered":"http:\/\/westwaerts-jakobsweg.at\/?p=28142"},"modified":"2026-02-16T13:28:18","modified_gmt":"2026-02-16T12:28:18","slug":"van-fan-tag-4","status":"publish","type":"post","link":"http:\/\/westwaerts-jakobsweg.at\/?p=28142","title":{"rendered":"Van Fan  Tag 4"},"content":{"rendered":"<p>Irgendwo zwischen Senj und Split &#8211; Split<\/p>\n<p>Sind rechtzeitig zum Sonnenaufgang munter geworden. Nach einem gem\u00fctlichen Fr\u00fchst\u00fcck schenkten wir weiterhin der K\u00fcstenstra\u00dfe unsere Bewunderung.<br \/>\nAuch Zadar, an der dalmatinischen K\u00fcste wollten wir nicht vers\u00e4umen. Einzigartig in Zadar, ist an der Uferpromenade die Meeresorgel mit den Kl\u00e4ngen des Meeres. Am Ende der Promenade befindet sich der \u201eGru\u00df an die Sonne\u201c. Eine am Boden eingelassene Lichtkonstruktion.<br \/>\nVon der Uferpromenade spazierten wir in die Altstadt zum antiken \u201eAlten R\u00f6mer Forum\u201c mit Glockenturm und der Kirche Donatus. Dort entdeckten wir einen Jakobsweg Pfeil. Ja es gibt angeblich einen Camino Zadar? Wo der wohl hinf\u00fchrt?<br \/>\nDurch die kleinen G\u00e4sschen noch zum Hafen spaziert und ein Caf\u00e9 besucht.<br \/>\nUnser heutiges Ziel ist Split. In der N\u00e4he gibt es einen netten Campingplatz (Stobte\u010d), wo wir uns f\u00fcr zwei N\u00e4chte einquartieren.<br \/>\nWir besitzen einen Camping Backofen, da werde ich jetzt eine Lasagne zaubern.<br \/>\nMahlzeit sagen O + R<\/p>\n<div id='gallery-1' class='gallery galleryid-28142 gallery-columns-3 gallery-size-thumbnail'><figure class='gallery-item'>\n\t\t\t<div class='gallery-icon landscape'>\n\t\t\t\t<a href='http:\/\/westwaerts-jakobsweg.at\/?attachment_id=28187'><img loading=\"lazy\" decoding=\"async\" width=\"150\" height=\"150\" src=\"http:\/\/westwaerts-jakobsweg.at\/wp-content\/uploads\/2026\/02\/IMG_3565-150x150.jpeg\" class=\"attachment-thumbnail size-thumbnail\" alt=\"\" aria-describedby=\"gallery-1-28187\" \/><\/a>\n\t\t\t<\/div>\n\t\t\t\t<figcaption class='wp-caption-text gallery-caption' id='gallery-1-28187'>\n\t\t\t\tRichtung Zadar\n\t\t\t\t<\/figcaption><\/figure><figure class='gallery-item'>\n\t\t\t<div class='gallery-icon landscape'>\n\t\t\t\t<a href='http:\/\/westwaerts-jakobsweg.at\/?attachment_id=28188'><img loading=\"lazy\" decoding=\"async\" width=\"150\" height=\"150\" src=\"http:\/\/westwaerts-jakobsweg.at\/wp-content\/uploads\/2026\/02\/IMG_3628-150x150.jpeg\" class=\"attachment-thumbnail size-thumbnail\" alt=\"\" \/><\/a>\n\t\t\t<\/div><\/figure><figure class='gallery-item'>\n\t\t\t<div class='gallery-icon landscape'>\n\t\t\t\t<a href='http:\/\/westwaerts-jakobsweg.at\/?attachment_id=28189'><img loading=\"lazy\" decoding=\"async\" width=\"150\" height=\"150\" src=\"http:\/\/westwaerts-jakobsweg.at\/wp-content\/uploads\/2026\/02\/IMG_3638-150x150.jpeg\" class=\"attachment-thumbnail size-thumbnail\" alt=\"\" aria-describedby=\"gallery-1-28189\" \/><\/a>\n\t\t\t<\/div>\n\t\t\t\t<figcaption class='wp-caption-text gallery-caption' id='gallery-1-28189'>\n\t\t\t\tMeeresorgel bei der Promenade in Zadar\n\t\t\t\t<\/figcaption><\/figure><figure class='gallery-item'>\n\t\t\t<div class='gallery-icon portrait'>\n\t\t\t\t<a href='http:\/\/westwaerts-jakobsweg.at\/?attachment_id=28190'><img loading=\"lazy\" decoding=\"async\" width=\"150\" height=\"150\" src=\"http:\/\/westwaerts-jakobsweg.at\/wp-content\/uploads\/2026\/02\/1090656-2-150x150.jpeg\" class=\"attachment-thumbnail size-thumbnail\" alt=\"\" aria-describedby=\"gallery-1-28190\" \/><\/a>\n\t\t\t<\/div>\n\t\t\t\t<figcaption class='wp-caption-text gallery-caption' id='gallery-1-28190'>\n\t\t\t\tGlockenturm im &#8222;Alten R\u00f6mer Forum&#8220;\n\t\t\t\t<\/figcaption><\/figure><figure class='gallery-item'>\n\t\t\t<div class='gallery-icon portrait'>\n\t\t\t\t<a href='http:\/\/westwaerts-jakobsweg.at\/?attachment_id=28191'><img loading=\"lazy\" decoding=\"async\" width=\"150\" height=\"150\" src=\"http:\/\/westwaerts-jakobsweg.at\/wp-content\/uploads\/2026\/02\/IMG_3582-150x150.jpeg\" class=\"attachment-thumbnail size-thumbnail\" alt=\"\" aria-describedby=\"gallery-1-28191\" \/><\/a>\n\t\t\t<\/div>\n\t\t\t\t<figcaption class='wp-caption-text gallery-caption' id='gallery-1-28191'>\n\t\t\t\tin Zadar gibt es einen Camino?\n\t\t\t\t<\/figcaption><\/figure><figure class='gallery-item'>\n\t\t\t<div class='gallery-icon landscape'>\n\t\t\t\t<a href='http:\/\/westwaerts-jakobsweg.at\/?attachment_id=28192'><img loading=\"lazy\" decoding=\"async\" width=\"150\" height=\"150\" src=\"http:\/\/westwaerts-jakobsweg.at\/wp-content\/uploads\/2026\/02\/IMG_3597-150x150.jpeg\" class=\"attachment-thumbnail size-thumbnail\" alt=\"\" aria-describedby=\"gallery-1-28192\" \/><\/a>\n\t\t\t<\/div>\n\t\t\t\t<figcaption class='wp-caption-text gallery-caption' id='gallery-1-28192'>\n\t\t\t\tK\u00fcstenstra\u00dfe Richtung Split\n\t\t\t\t<\/figcaption><\/figure><figure class='gallery-item'>\n\t\t\t<div class='gallery-icon portrait'>\n\t\t\t\t<a href='http:\/\/westwaerts-jakobsweg.at\/?attachment_id=28193'><img loading=\"lazy\" decoding=\"async\" width=\"150\" height=\"150\" src=\"http:\/\/westwaerts-jakobsweg.at\/wp-content\/uploads\/2026\/02\/IMG_3639-150x150.jpeg\" class=\"attachment-thumbnail size-thumbnail\" alt=\"\" aria-describedby=\"gallery-1-28193\" \/><\/a>\n\t\t\t<\/div>\n\t\t\t\t<figcaption class='wp-caption-text gallery-caption' id='gallery-1-28193'>\n\t\t\t\tkein Gugelhupf, eine Lasagne\n\t\t\t\t<\/figcaption><\/figure>\n\t\t<\/div>\n\n","protected":false},"excerpt":{"rendered":"<p>Irgendwo zwischen Senj und Split &#8211; Split Sind rechtzeitig zum Sonnenaufgang munter geworden. Nach einem gem\u00fctlichen Fr\u00fchst\u00fcck schenkten wir weiterhin der K\u00fcstenstra\u00dfe unsere Bewunderung. Auch Zadar, an der dalmatinischen K\u00fcste wollten wir nicht vers\u00e4umen. Einzigartig in Zadar, ist an der Uferpromenade die Meeresorgel mit den Kl\u00e4ngen des Meeres. Am Ende der Promenade befindet sich der \u201eGru\u00df an die Sonne\u201c. Eine am Boden eingelassene Lichtkonstruktion. Von der Uferpromenade spazierten wir in die Altstadt zum antiken \u201eAlten R\u00f6mer Forum\u201c mit Glockenturm und&#8230;<\/p>\n<p class=\"read-more\"><a class=\"btn btn-default\" href=\"http:\/\/westwaerts-jakobsweg.at\/?p=28142\">Weiterlesen<span class=\"screen-reader-text\"> Weiterlesen<\/span><\/a><\/p>\n","protected":false},"author":1,"featured_media":0,"comment_status":"open","ping_status":"open","sticky":false,"template":"","format":"standard","meta":{"footnotes":""},"categories":[63,72],"tags":[],"_links":{"self":[{"href":"http:\/\/westwaerts-jakobsweg.at\/index.php?rest_route=\/wp\/v2\/posts\/28142"}],"collection":[{"href":"http:\/\/westwaerts-jakobsweg.at\/index.php?rest_route=\/wp\/v2\/posts"}],"about":[{"href":"http:\/\/westwaerts-jakobsweg.at\/index.php?rest_route=\/wp\/v2\/types\/post"}],"author":[{"embeddable":true,"href":"http:\/\/westwaerts-jakobsweg.at\/index.php?rest_route=\/wp\/v2\/users\/1"}],"replies":[{"embeddable":true,"href":"http:\/\/westwaerts-jakobsweg.at\/index.php?rest_route=%2Fwp%2Fv2%2Fcomments&post=28142"}],"version-history":[{"count":0,"href":"http:\/\/westwaerts-jakobsweg.at\/index.php?rest_route=\/wp\/v2\/posts\/28142\/revisions"}],"wp:attachment":[{"href":"http:\/\/westwaerts-jakobsweg.at\/index.php?rest_route=%2Fwp%2Fv2%2Fmedia&parent=28142"}],"wp:term":[{"taxonomy":"category","embeddable":true,"href":"http:\/\/westwaerts-jakobsweg.at\/index.php?rest_route=%2Fwp%2Fv2%2Fcategories&post=28142"},{"taxonomy":"post_tag","embeddable":true,"href":"http:\/\/westwaerts-jakobsweg.at\/index.php?rest_route=%2Fwp%2Fv2%2Ftags&post=28142"}],"curies":[{"name":"wp","href":"https:\/\/api.w.org\/{rel}","templated":true}]}}