{"id":28491,"date":"2026-03-12T07:48:10","date_gmt":"2026-03-12T06:48:10","guid":{"rendered":"http:\/\/westwaerts-jakobsweg.at\/?p=28491"},"modified":"2026-04-04T13:04:08","modified_gmt":"2026-04-04T11:04:08","slug":"van-fan-tour-sf-tag-5","status":"publish","type":"post","link":"http:\/\/westwaerts-jakobsweg.at\/?p=28491","title":{"rendered":"Van Fan Tour SF Tag 5"},"content":{"rendered":"<p>Schluchsee &#8211; Colmar<\/p>\n<p>Es hat tats\u00e4chlich, durchgehend bis 3:00 geregnet. In der Fr\u00fch Sonnenschein, wie sch\u00f6n ist das denn, danke lieber Wettergott.<br \/>\nWir sagen auf Wiedersehen Schwarzwald, auf geht\u2019s ins Elsass.<br \/>\nAber vorher musste noch das \u201eM\u00e4nnergesch\u00e4ft\u201c Bauhaus besucht werden. Unsere Marco Polos ben\u00f6tigten einiges.<br \/>\nNicht mehr weit war es dann bis zur Stadt Colmar. Juhu, wir sind in Frankreich. Auch da verw\u00f6hnte uns die Sonne bis zum Abend.<br \/>\nVom WoMo Stellplatz erreichten wir schnell die Altstadt von Colmar die uns begeisterte.<br \/>\nDas Touristenb\u00fcro war ausgerechnet heute geschlossen. Eine Empfehlung, der Freiheitsstatue \u2013 Bodenmarkierungen zu folgen nervte uns, denn sie wollte uns kreuz und quer f\u00fchren. Naja, dann eben auf eigene Faust die Stadt erkunden.<br \/>\nWir starteten beim Unterlinden-Museum. Vorbei beim Kopfhaus, ber\u00fchmt f\u00fcr seine Fassade mit \u00fcber 100 K\u00f6pfen und beim historischen Pfister-Haus. Die St. Martinskirche ist riesig, eine imposante gotische Kirche, sie ist ein Wahrzeichen der Stadt.<br \/>\nUnz\u00e4hlige S\u00fc\u00dfwarengesch\u00e4fte und K\u00e4se in der Farbe gr\u00fcn und rot sahen wir.<br \/>\nNoch ein Rundgang durch die Markthalle musste sein, bevor wir entlang des Fl\u00fcsschen Lauch spazierten, das war f\u00fcr uns besonders reizvoll.<br \/>\nAls klein Venedig wird das malerische Viertel bezeichnet. Bunte Fachwerkh\u00e4user die sich an beiden Ufern reihen faszinierten uns. Alles so lieblich, wie Lebkuchenh\u00e4user.<br \/>\nNoch einen Caf\u00e9 au Lait mit Apfel-Streusel-Kuchen geschlemmt und zur\u00fcck zum Stellplatz marschiert.<\/p>\n<p>Zufrieden sind O+ R mit M+A<\/p>\n<div id='gallery-1' class='gallery galleryid-28491 gallery-columns-3 gallery-size-thumbnail'><figure class='gallery-item'>\n\t\t\t<div class='gallery-icon portrait'>\n\t\t\t\t<a href='http:\/\/westwaerts-jakobsweg.at\/?attachment_id=28498'><img loading=\"lazy\" decoding=\"async\" width=\"150\" height=\"150\" src=\"http:\/\/westwaerts-jakobsweg.at\/wp-content\/uploads\/2026\/03\/IMG_5506-150x150.jpeg\" class=\"attachment-thumbnail size-thumbnail\" alt=\"\" aria-describedby=\"gallery-1-28498\" \/><\/a>\n\t\t\t<\/div>\n\t\t\t\t<figcaption class='wp-caption-text gallery-caption' id='gallery-1-28498'>\n\t\t\t\tKopfhaus mit 100 K\u00f6pfen&#8230;\n\t\t\t\t<\/figcaption><\/figure><figure class='gallery-item'>\n\t\t\t<div class='gallery-icon landscape'>\n\t\t\t\t<a href='http:\/\/westwaerts-jakobsweg.at\/?attachment_id=28499'><img loading=\"lazy\" decoding=\"async\" width=\"150\" height=\"150\" src=\"http:\/\/westwaerts-jakobsweg.at\/wp-content\/uploads\/2026\/03\/IMG_5513-150x150.jpeg\" class=\"attachment-thumbnail size-thumbnail\" alt=\"\" aria-describedby=\"gallery-1-28499\" \/><\/a>\n\t\t\t<\/div>\n\t\t\t\t<figcaption class='wp-caption-text gallery-caption' id='gallery-1-28499'>\n\t\t\t\t&#8230;in der zauberhaften Altstadt von Colmar\n\t\t\t\t<\/figcaption><\/figure><figure class='gallery-item'>\n\t\t\t<div class='gallery-icon portrait'>\n\t\t\t\t<a href='http:\/\/westwaerts-jakobsweg.at\/?attachment_id=28505'><img loading=\"lazy\" decoding=\"async\" width=\"150\" height=\"150\" src=\"http:\/\/westwaerts-jakobsweg.at\/wp-content\/uploads\/2026\/03\/P1090850-150x150.jpeg\" class=\"attachment-thumbnail size-thumbnail\" alt=\"\" aria-describedby=\"gallery-1-28505\" \/><\/a>\n\t\t\t<\/div>\n\t\t\t\t<figcaption class='wp-caption-text gallery-caption' id='gallery-1-28505'>\n\t\t\t\tFreiheitsstatue als Bodenmarkierungen in Colmar\n\t\t\t\t<\/figcaption><\/figure><figure class='gallery-item'>\n\t\t\t<div class='gallery-icon portrait'>\n\t\t\t\t<a href='http:\/\/westwaerts-jakobsweg.at\/?attachment_id=28500'><img loading=\"lazy\" decoding=\"async\" width=\"150\" height=\"150\" src=\"http:\/\/westwaerts-jakobsweg.at\/wp-content\/uploads\/2026\/03\/IMG_5532-150x150.jpeg\" class=\"attachment-thumbnail size-thumbnail\" alt=\"\" \/><\/a>\n\t\t\t<\/div><\/figure><figure class='gallery-item'>\n\t\t\t<div class='gallery-icon portrait'>\n\t\t\t\t<a href='http:\/\/westwaerts-jakobsweg.at\/?attachment_id=28501'><img loading=\"lazy\" decoding=\"async\" width=\"150\" height=\"150\" src=\"http:\/\/westwaerts-jakobsweg.at\/wp-content\/uploads\/2026\/03\/P1090829-150x150.jpeg\" class=\"attachment-thumbnail size-thumbnail\" alt=\"\" aria-describedby=\"gallery-1-28501\" \/><\/a>\n\t\t\t<\/div>\n\t\t\t\t<figcaption class='wp-caption-text gallery-caption' id='gallery-1-28501'>\n\t\t\t\t St. Martinskirche in Colmar\n\t\t\t\t<\/figcaption><\/figure><figure class='gallery-item'>\n\t\t\t<div class='gallery-icon landscape'>\n\t\t\t\t<a href='http:\/\/westwaerts-jakobsweg.at\/?attachment_id=28502'><img loading=\"lazy\" decoding=\"async\" width=\"150\" height=\"150\" src=\"http:\/\/westwaerts-jakobsweg.at\/wp-content\/uploads\/2026\/03\/P1090830-150x150.jpeg\" class=\"attachment-thumbnail size-thumbnail\" alt=\"\" aria-describedby=\"gallery-1-28502\" \/><\/a>\n\t\t\t<\/div>\n\t\t\t\t<figcaption class='wp-caption-text gallery-caption' id='gallery-1-28502'>\n\t\t\t\thistorisches Pfister-Haus in Colmar\n\t\t\t\t<\/figcaption><\/figure><figure class='gallery-item'>\n\t\t\t<div class='gallery-icon landscape'>\n\t\t\t\t<a href='http:\/\/westwaerts-jakobsweg.at\/?attachment_id=28503'><img loading=\"lazy\" decoding=\"async\" width=\"150\" height=\"150\" src=\"http:\/\/westwaerts-jakobsweg.at\/wp-content\/uploads\/2026\/03\/P1090852-150x150.jpeg\" class=\"attachment-thumbnail size-thumbnail\" alt=\"\" aria-describedby=\"gallery-1-28503\" \/><\/a>\n\t\t\t<\/div>\n\t\t\t\t<figcaption class='wp-caption-text gallery-caption' id='gallery-1-28503'>\n\t\t\t\tKlein Venedig nennt man das Viertel&#8230;\n\t\t\t\t<\/figcaption><\/figure><figure class='gallery-item'>\n\t\t\t<div class='gallery-icon landscape'>\n\t\t\t\t<a href='http:\/\/westwaerts-jakobsweg.at\/?attachment_id=28506'><img loading=\"lazy\" decoding=\"async\" width=\"150\" height=\"150\" src=\"http:\/\/westwaerts-jakobsweg.at\/wp-content\/uploads\/2026\/03\/P1090843-150x150.jpeg\" class=\"attachment-thumbnail size-thumbnail\" alt=\"\" aria-describedby=\"gallery-1-28506\" \/><\/a>\n\t\t\t<\/div>\n\t\t\t\t<figcaption class='wp-caption-text gallery-caption' id='gallery-1-28506'>\n\t\t\t\t&#8230;mit den bunte Fachwerkh\u00e4user ..\n\t\t\t\t<\/figcaption><\/figure><figure class='gallery-item'>\n\t\t\t<div class='gallery-icon landscape'>\n\t\t\t\t<a href='http:\/\/westwaerts-jakobsweg.at\/?attachment_id=28507'><img loading=\"lazy\" decoding=\"async\" width=\"150\" height=\"150\" src=\"http:\/\/westwaerts-jakobsweg.at\/wp-content\/uploads\/2026\/03\/P1090842-150x150.jpeg\" class=\"attachment-thumbnail size-thumbnail\" alt=\"\" aria-describedby=\"gallery-1-28507\" \/><\/a>\n\t\t\t<\/div>\n\t\t\t\t<figcaption class='wp-caption-text gallery-caption' id='gallery-1-28507'>\n\t\t\t\t&#8230;entlang vom Fl\u00fcsschen Lauch \n\t\t\t\t<\/figcaption><\/figure><figure class='gallery-item'>\n\t\t\t<div class='gallery-icon portrait'>\n\t\t\t\t<a href='http:\/\/westwaerts-jakobsweg.at\/?attachment_id=28504'><img loading=\"lazy\" decoding=\"async\" width=\"150\" height=\"150\" src=\"http:\/\/westwaerts-jakobsweg.at\/wp-content\/uploads\/2026\/03\/P1090855-150x150.jpeg\" class=\"attachment-thumbnail size-thumbnail\" alt=\"\" \/><\/a>\n\t\t\t<\/div><\/figure><figure class='gallery-item'>\n\t\t\t<div class='gallery-icon landscape'>\n\t\t\t\t<a href='http:\/\/westwaerts-jakobsweg.at\/?attachment_id=28508'><img loading=\"lazy\" decoding=\"async\" width=\"150\" height=\"150\" src=\"http:\/\/westwaerts-jakobsweg.at\/wp-content\/uploads\/2026\/03\/IMG_5540-150x150.jpeg\" class=\"attachment-thumbnail size-thumbnail\" alt=\"\" \/><\/a>\n\t\t\t<\/div><\/figure>\n\t\t<\/div>\n\n","protected":false},"excerpt":{"rendered":"<p>Schluchsee &#8211; Colmar Es hat tats\u00e4chlich, durchgehend bis 3:00 geregnet. In der Fr\u00fch Sonnenschein, wie sch\u00f6n ist das denn, danke lieber Wettergott. Wir sagen auf Wiedersehen Schwarzwald, auf geht\u2019s ins Elsass. Aber vorher musste noch das \u201eM\u00e4nnergesch\u00e4ft\u201c Bauhaus besucht werden. Unsere Marco Polos ben\u00f6tigten einiges. Nicht mehr weit war es dann bis zur Stadt Colmar. Juhu, wir sind in Frankreich. Auch da verw\u00f6hnte uns die Sonne bis zum Abend. Vom WoMo Stellplatz erreichten wir schnell die Altstadt von Colmar die&#8230;<\/p>\n<p class=\"read-more\"><a class=\"btn btn-default\" href=\"http:\/\/westwaerts-jakobsweg.at\/?p=28491\">Weiterlesen<span class=\"screen-reader-text\"> Weiterlesen<\/span><\/a><\/p>\n","protected":false},"author":1,"featured_media":0,"comment_status":"open","ping_status":"open","sticky":false,"template":"","format":"standard","meta":{"footnotes":""},"categories":[69,70],"tags":[],"_links":{"self":[{"href":"http:\/\/westwaerts-jakobsweg.at\/index.php?rest_route=\/wp\/v2\/posts\/28491"}],"collection":[{"href":"http:\/\/westwaerts-jakobsweg.at\/index.php?rest_route=\/wp\/v2\/posts"}],"about":[{"href":"http:\/\/westwaerts-jakobsweg.at\/index.php?rest_route=\/wp\/v2\/types\/post"}],"author":[{"embeddable":true,"href":"http:\/\/westwaerts-jakobsweg.at\/index.php?rest_route=\/wp\/v2\/users\/1"}],"replies":[{"embeddable":true,"href":"http:\/\/westwaerts-jakobsweg.at\/index.php?rest_route=%2Fwp%2Fv2%2Fcomments&post=28491"}],"version-history":[{"count":0,"href":"http:\/\/westwaerts-jakobsweg.at\/index.php?rest_route=\/wp\/v2\/posts\/28491\/revisions"}],"wp:attachment":[{"href":"http:\/\/westwaerts-jakobsweg.at\/index.php?rest_route=%2Fwp%2Fv2%2Fmedia&parent=28491"}],"wp:term":[{"taxonomy":"category","embeddable":true,"href":"http:\/\/westwaerts-jakobsweg.at\/index.php?rest_route=%2Fwp%2Fv2%2Fcategories&post=28491"},{"taxonomy":"post_tag","embeddable":true,"href":"http:\/\/westwaerts-jakobsweg.at\/index.php?rest_route=%2Fwp%2Fv2%2Ftags&post=28491"}],"curies":[{"name":"wp","href":"https:\/\/api.w.org\/{rel}","templated":true}]}}