{"id":31180,"date":"2026-08-01T08:58:34","date_gmt":"2026-08-01T06:58:34","guid":{"rendered":"http:\/\/westwaerts-jakobsweg.at\/?p=31180"},"modified":"2026-08-02T18:27:10","modified_gmt":"2026-08-02T16:27:10","slug":"c-portugues-de-la-costa-2","status":"publish","type":"post","link":"http:\/\/westwaerts-jakobsweg.at\/?p=31180","title":{"rendered":"C. Portugues de la Costa"},"content":{"rendered":"<p>Tja morgen besuche ich zum dritten mal Porto. Diesmal mit Karin, unserer Tochter. Als ich mit Sonja am Caminho Portugu\u00eas 2023 unterwegs war, da war Karin von den Fotos im Blog total begeistert. Sie liebt das Meer.<br \/>\nNa dann schn\u00fcren wir unser Ranzerl und hoffen, dass f\u00fcrs Plantschen im Meer das Wetter passt. 2024 konnten wir zwei am Camino Ingl\u00e9s und vor allem beim Rundgang Santiago-Muxia-Fisterra-Santiago auch \u201eplantschen\u201c. Da kam das Wasser allerdings heftig von oben, das war eine echte Herausforderung.<br \/>\nDiesmal soll es bis Vigo der K\u00fcstenweg sein. Den kenn ich nur zum Teil. Auch wollen wir nach der Stadt Pontevedra zur Variante Espiritual abbiegen.<br \/>\nFinisterra besuchen wir mit dem Bus, geht sich bei Karin arbeitsm\u00e4\u00dfig nicht mehr gehend aus.<br \/>\nGanz ungewohnt haben wir die Unterk\u00fcnfte bereits gebucht. Wir wollen den Sommer genie\u00dfen und uns am Weg Zeit lassen. F\u00fcr mich ein Lernprozess \ud83d\ude09 .<br \/>\nAuf den Caminho Portugu\u00eas de la Costa freuen sich K+R<\/p>\n<div id='gallery-1' class='gallery galleryid-31180 gallery-columns-3 gallery-size-thumbnail'><figure class='gallery-item'>\n\t\t\t<div class='gallery-icon landscape'>\n\t\t\t\t<a href='http:\/\/westwaerts-jakobsweg.at\/?attachment_id=31191'><img loading=\"lazy\" decoding=\"async\" width=\"150\" height=\"150\" src=\"http:\/\/westwaerts-jakobsweg.at\/wp-content\/uploads\/2026\/08\/IMG_2677-150x150.jpeg\" class=\"attachment-thumbnail size-thumbnail\" alt=\"\" \/><\/a>\n\t\t\t<\/div><\/figure><figure class='gallery-item'>\n\t\t\t<div class='gallery-icon portrait'>\n\t\t\t\t<a href='http:\/\/westwaerts-jakobsweg.at\/?attachment_id=31192'><img loading=\"lazy\" decoding=\"async\" width=\"150\" height=\"150\" src=\"http:\/\/westwaerts-jakobsweg.at\/wp-content\/uploads\/2026\/08\/IMG_5194-150x150.jpg\" class=\"attachment-thumbnail size-thumbnail\" alt=\"\" \/><\/a>\n\t\t\t<\/div><\/figure>\n\t\t<\/div>\n\n","protected":false},"excerpt":{"rendered":"<p>Tja morgen besuche ich zum dritten mal Porto. Diesmal mit Karin, unserer Tochter. Als ich mit Sonja am Caminho Portugu\u00eas 2023 unterwegs war, da war Karin von den Fotos im Blog total begeistert. Sie liebt das Meer. Na dann schn\u00fcren wir unser Ranzerl und hoffen, dass f\u00fcrs Plantschen im Meer das Wetter passt. 2024 konnten wir zwei am Camino Ingl\u00e9s und vor allem beim Rundgang Santiago-Muxia-Fisterra-Santiago auch \u201eplantschen\u201c. Da kam das Wasser allerdings heftig von oben, das war eine echte&#8230;<\/p>\n<p class=\"read-more\"><a class=\"btn btn-default\" href=\"http:\/\/westwaerts-jakobsweg.at\/?p=31180\">Weiterlesen<span class=\"screen-reader-text\"> Weiterlesen<\/span><\/a><\/p>\n","protected":false},"author":1,"featured_media":0,"comment_status":"open","ping_status":"open","sticky":false,"template":"","format":"standard","meta":{"footnotes":""},"categories":[69,74],"tags":[],"_links":{"self":[{"href":"http:\/\/westwaerts-jakobsweg.at\/index.php?rest_route=\/wp\/v2\/posts\/31180"}],"collection":[{"href":"http:\/\/westwaerts-jakobsweg.at\/index.php?rest_route=\/wp\/v2\/posts"}],"about":[{"href":"http:\/\/westwaerts-jakobsweg.at\/index.php?rest_route=\/wp\/v2\/types\/post"}],"author":[{"embeddable":true,"href":"http:\/\/westwaerts-jakobsweg.at\/index.php?rest_route=\/wp\/v2\/users\/1"}],"replies":[{"embeddable":true,"href":"http:\/\/westwaerts-jakobsweg.at\/index.php?rest_route=%2Fwp%2Fv2%2Fcomments&post=31180"}],"version-history":[{"count":9,"href":"http:\/\/westwaerts-jakobsweg.at\/index.php?rest_route=\/wp\/v2\/posts\/31180\/revisions"}],"predecessor-version":[{"id":31196,"href":"http:\/\/westwaerts-jakobsweg.at\/index.php?rest_route=\/wp\/v2\/posts\/31180\/revisions\/31196"}],"wp:attachment":[{"href":"http:\/\/westwaerts-jakobsweg.at\/index.php?rest_route=%2Fwp%2Fv2%2Fmedia&parent=31180"}],"wp:term":[{"taxonomy":"category","embeddable":true,"href":"http:\/\/westwaerts-jakobsweg.at\/index.php?rest_route=%2Fwp%2Fv2%2Fcategories&post=31180"},{"taxonomy":"post_tag","embeddable":true,"href":"http:\/\/westwaerts-jakobsweg.at\/index.php?rest_route=%2Fwp%2Fv2%2Ftags&post=31180"}],"curies":[{"name":"wp","href":"https:\/\/api.w.org\/{rel}","templated":true}]}}