{"id":3505,"date":"2016-09-17T23:06:21","date_gmt":"2016-09-17T21:06:21","guid":{"rendered":"http:\/\/westwaerts-jakobsweg.at\/?p=3505"},"modified":"2017-03-01T15:57:42","modified_gmt":"2017-03-01T13:57:42","slug":"tag-5-5","status":"publish","type":"post","link":"http:\/\/westwaerts-jakobsweg.at\/?p=3505","title":{"rendered":"Tag 5"},"content":{"rendered":"<div>\n<p>17.09.2016<\/p>\n<p>Treis-Karden &#8211; Beilstein 17km (61km)<br \/>\nBeilstein &#8211; Bullay Schiff<\/p>\n<p>Nebel am Morgen, Regen war angesagt aber alles kam anders, n\u00e4mlich herrlich, sonniges Wanderwetter\u00a0.<br \/>\nNach dem Fr\u00fchst\u00fcck und eingepackter Jause, versuchten wir \u00fcber die Infostelle ein Zimmer in Bullay zu bekommen. Der Herr war nicht sehr hilfsbereit, es w\u00e4re nicht seine Zust\u00e4ndigkeit,\u00a0das fanden wir gar nicht nett.<br \/>\nAlso stapften wir trotzdem gut gelaunt, hinauf in den Wald und \u00fcber den ersten Berg. Wandern wie im Wienerwald, wahrscheinlich extra f\u00fcr uns damit wir nicht Heimweh bekommen.<br \/>\nHinunter zum Kloster Maria Engelport, wo wir uns einen Kaffe erhofften. Obwohl es dort angeblich 45 Zimmer gibt, sah das Kloster ziemlich verschlossen aus, nix Kaffee\u00a0.<br \/>\nWeiter ging es aufw\u00e4rts auf einem schmalen Waldweg, total sch\u00f6n, wie in einem M\u00e4rchenwald. Bemooste B\u00e4ume kreuz und quer, ein kleiner Bach und eine herrliche Ruhe.<br \/>\nAuf einer Lichtung hockten wir uns in die Wiese, schnabulierten unsere Jause und genossen den herrlichen Ausblick. Unglaublich viele Motorradfahrer waren unterwegs aber wir trafen keine\u00a0\u00a0Wanderer. Durch einem\u00a0Laubwald mit reichlich trockenem Laub, ging&#8217;s abw\u00e4rts nach Beilstein, wo \u00fcber dem Ort die Burg Metternich thront.<br \/>\nIm Kloster-Caf\u00e9 trafen wir die drei Pilgerinnen von gestern und endlich gab es f\u00fcr uns den verdienten Kaffee mit Kuchen.<br \/>\nBeilstein wird als besonders h\u00fcbsche Ortschaft beschrieben. F\u00fcr mich ein Ort, ausschlie\u00dflich f\u00fcr den Tourismus aber h\u00fcbsch ist er nat\u00fcrlich trotzdem :-).<br \/>\nF\u00fcr den restlichen Weg genehmigten wir uns eine Moselfahrt, die wir nicht bereuten. Vorbei bei kleinen kleinen D\u00f6rfern, kilometerlangen, unglaublich steilen Weinbergen, echt faszinierend.<br \/>\nZimmer hatten wir noch immer keins, irgendwie waren wir deshalb gar nicht beunruhigt, obwohl wir bereits zwei Absagen hatten.\u00a0Mit viel Gl\u00fcck und Helferleins, erwischten wir das letzte Doppelzimmer im Ort, juhu. Sehr humane \u20ac45 im Hotel Mosella, inclusive Fr\u00fchst\u00fccks und Abendessen-Buffet. Genau das Richtige f\u00fcr hungrige Pilger.<br \/>\nWau, wir sind vollgefuttert und angenehm m\u00fcde.<br \/>\nBis morgen sagen M + R<\/p>\n<p>PS.: St\u00e4ndig werden wir gefragt ob wir aus Bayern sind :-).<\/p>\n<p class=\"p1\"><img loading=\"lazy\" decoding=\"async\" class=\"alignnone size-full wp-image-3583\" src=\"http:\/\/westwaerts-jakobsweg.at\/wp-content\/uploads\/2016\/09\/image-22.jpeg\" alt=\"image\" width=\"240\" height=\"320\" srcset=\"http:\/\/westwaerts-jakobsweg.at\/wp-content\/uploads\/2016\/09\/image-22.jpeg 240w, http:\/\/westwaerts-jakobsweg.at\/wp-content\/uploads\/2016\/09\/image-22-225x300.jpeg 225w\" sizes=\"(max-width: 240px) 100vw, 240px\" \/><img loading=\"lazy\" decoding=\"async\" class=\"alignnone size-full wp-image-3585\" src=\"http:\/\/westwaerts-jakobsweg.at\/wp-content\/uploads\/2016\/09\/image-24.jpeg\" alt=\"image\" width=\"320\" height=\"240\" srcset=\"http:\/\/westwaerts-jakobsweg.at\/wp-content\/uploads\/2016\/09\/image-24.jpeg 320w, http:\/\/westwaerts-jakobsweg.at\/wp-content\/uploads\/2016\/09\/image-24-300x225.jpeg 300w\" sizes=\"(max-width: 320px) 100vw, 320px\" \/><img loading=\"lazy\" decoding=\"async\" class=\"alignnone size-full wp-image-3586\" src=\"http:\/\/westwaerts-jakobsweg.at\/wp-content\/uploads\/2016\/09\/image-25.jpeg\" alt=\"image\" width=\"320\" height=\"240\" srcset=\"http:\/\/westwaerts-jakobsweg.at\/wp-content\/uploads\/2016\/09\/image-25.jpeg 320w, http:\/\/westwaerts-jakobsweg.at\/wp-content\/uploads\/2016\/09\/image-25-300x225.jpeg 300w\" sizes=\"(max-width: 320px) 100vw, 320px\" \/><img loading=\"lazy\" decoding=\"async\" class=\"alignnone size-full wp-image-3589\" src=\"http:\/\/westwaerts-jakobsweg.at\/wp-content\/uploads\/2016\/09\/image-28.jpeg\" alt=\"image\" width=\"320\" height=\"240\" srcset=\"http:\/\/westwaerts-jakobsweg.at\/wp-content\/uploads\/2016\/09\/image-28.jpeg 320w, http:\/\/westwaerts-jakobsweg.at\/wp-content\/uploads\/2016\/09\/image-28-300x225.jpeg 300w\" sizes=\"(max-width: 320px) 100vw, 320px\" \/><img loading=\"lazy\" decoding=\"async\" class=\"alignnone size-full wp-image-3588\" src=\"http:\/\/westwaerts-jakobsweg.at\/wp-content\/uploads\/2016\/09\/image-27.jpeg\" alt=\"image\" width=\"320\" height=\"240\" srcset=\"http:\/\/westwaerts-jakobsweg.at\/wp-content\/uploads\/2016\/09\/image-27.jpeg 320w, http:\/\/westwaerts-jakobsweg.at\/wp-content\/uploads\/2016\/09\/image-27-300x225.jpeg 300w\" sizes=\"(max-width: 320px) 100vw, 320px\" \/><img loading=\"lazy\" decoding=\"async\" class=\"alignnone size-full wp-image-3584\" src=\"http:\/\/westwaerts-jakobsweg.at\/wp-content\/uploads\/2016\/09\/image-23.jpeg\" alt=\"image\" width=\"320\" height=\"240\" srcset=\"http:\/\/westwaerts-jakobsweg.at\/wp-content\/uploads\/2016\/09\/image-23.jpeg 320w, http:\/\/westwaerts-jakobsweg.at\/wp-content\/uploads\/2016\/09\/image-23-300x225.jpeg 300w\" sizes=\"(max-width: 320px) 100vw, 320px\" \/><img loading=\"lazy\" decoding=\"async\" class=\"alignnone size-full wp-image-3587\" src=\"http:\/\/westwaerts-jakobsweg.at\/wp-content\/uploads\/2016\/09\/image-26.jpeg\" alt=\"image\" width=\"320\" height=\"240\" srcset=\"http:\/\/westwaerts-jakobsweg.at\/wp-content\/uploads\/2016\/09\/image-26.jpeg 320w, http:\/\/westwaerts-jakobsweg.at\/wp-content\/uploads\/2016\/09\/image-26-300x225.jpeg 300w\" sizes=\"(max-width: 320px) 100vw, 320px\" \/><\/p>\n<p class=\"p1\">\n<\/div>\n<div><\/div>\n","protected":false},"excerpt":{"rendered":"<p>17.09.2016 Treis-Karden &#8211; Beilstein 17km (61km) Beilstein &#8211; Bullay Schiff Nebel am Morgen, Regen war angesagt aber alles kam anders, n\u00e4mlich herrlich, sonniges Wanderwetter\u00a0. Nach dem Fr\u00fchst\u00fcck und eingepackter Jause, versuchten wir \u00fcber die Infostelle ein Zimmer in Bullay zu bekommen. Der Herr war nicht sehr hilfsbereit, es w\u00e4re nicht seine Zust\u00e4ndigkeit,\u00a0das fanden wir gar nicht nett. Also stapften wir trotzdem gut gelaunt, hinauf in den Wald und \u00fcber den ersten Berg. Wandern wie im Wienerwald, wahrscheinlich extra f\u00fcr uns&#8230;<\/p>\n<p class=\"read-more\"><a class=\"btn btn-default\" href=\"http:\/\/westwaerts-jakobsweg.at\/?p=3505\">Weiterlesen<span class=\"screen-reader-text\"> Weiterlesen<\/span><\/a><\/p>\n","protected":false},"author":1,"featured_media":0,"comment_status":"open","ping_status":"open","sticky":false,"template":"","format":"standard","meta":{"footnotes":""},"categories":[9,11],"tags":[],"_links":{"self":[{"href":"http:\/\/westwaerts-jakobsweg.at\/index.php?rest_route=\/wp\/v2\/posts\/3505"}],"collection":[{"href":"http:\/\/westwaerts-jakobsweg.at\/index.php?rest_route=\/wp\/v2\/posts"}],"about":[{"href":"http:\/\/westwaerts-jakobsweg.at\/index.php?rest_route=\/wp\/v2\/types\/post"}],"author":[{"embeddable":true,"href":"http:\/\/westwaerts-jakobsweg.at\/index.php?rest_route=\/wp\/v2\/users\/1"}],"replies":[{"embeddable":true,"href":"http:\/\/westwaerts-jakobsweg.at\/index.php?rest_route=%2Fwp%2Fv2%2Fcomments&post=3505"}],"version-history":[{"count":0,"href":"http:\/\/westwaerts-jakobsweg.at\/index.php?rest_route=\/wp\/v2\/posts\/3505\/revisions"}],"wp:attachment":[{"href":"http:\/\/westwaerts-jakobsweg.at\/index.php?rest_route=%2Fwp%2Fv2%2Fmedia&parent=3505"}],"wp:term":[{"taxonomy":"category","embeddable":true,"href":"http:\/\/westwaerts-jakobsweg.at\/index.php?rest_route=%2Fwp%2Fv2%2Fcategories&post=3505"},{"taxonomy":"post_tag","embeddable":true,"href":"http:\/\/westwaerts-jakobsweg.at\/index.php?rest_route=%2Fwp%2Fv2%2Ftags&post=3505"}],"curies":[{"name":"wp","href":"https:\/\/api.w.org\/{rel}","templated":true}]}}