{"id":496,"date":"2013-08-27T18:49:01","date_gmt":"2013-08-27T16:49:01","guid":{"rendered":"http:\/\/westwaerts-jakobsweg.at\/?p=496"},"modified":"2017-02-28T19:08:25","modified_gmt":"2017-02-28T17:08:25","slug":"tag-107","status":"publish","type":"post","link":"http:\/\/westwaerts-jakobsweg.at\/?p=496","title":{"rendered":"Tag 107"},"content":{"rendered":"<p>Castrojeriz &#8211; Poblaci\u00f3n de Campos 28,8km (2779 km)<\/p>\n<p>Durch den l\u00e4ngsten Ort am Weg marschiert, \u00fcber den Berg Alto de Mostelares, danach wieder die herrliche Weite der endlosen Getreidefelder mit gutem R\u00fcckenwind.<br \/>\nKurz vor Fr\u00f3mista dann der wasserreiche und gr\u00fcn ges\u00e4umte Canal de Castella.<br \/>\nKaffeepause und in der Infostelle nach einem Sportgesch\u00e4ft gefragt. Gibt es erst morgen, nach 18km. Wir brauchen unbedingt neue Schuhe. Otto hat bereits Probleme mit den F\u00fc\u00dfen und meine fallen demn\u00e4chst auseinander (nicht die F\u00fc\u00dfe :-)).<br \/>\nWir haben wieder einen getroffen, der ging von Berlin nach Santiago und jetzt geht er zur\u00fcck, echt verr\u00fcckt.<br \/>\nDas letzte St\u00fcck ging dann parallel zur Landstra\u00dfe, in der Herberge war erst einer, der wollte wegen Einsamkeit weiterwandern. Das brauchte er nicht, binnen kurzer Zeit war die kleine Herberge lebendig.<br \/>\nHeut werden wir ein Pilgermen\u00fc verdr\u00fccken, haben wir beschlossen.<br \/>\nSch\u00f6nen Abend w\u00fcnschen O + R<\/p>\n<p>PS.: Die Schafe haben nat\u00fcrlich Vorrang \ud83d\ude42<br \/>\nHallo Isa!<br \/>\nDie Ohropax soft die wir haben, rutschen heraus. M\u00fcssen andere St\u00f6psel besorgen. Neeeiiiin, wir gehen nicht zur\u00fcck, wir fliegen.<\/p>\n<figure style=\"width: 300px\" class=\"wp-caption alignnone\"><a href=\"http:\/\/westwaerts-jakobsweg.at\/wp-content\/uploads\/2013\/08\/20130827-184748.jpg\"><img loading=\"lazy\" decoding=\"async\" src=\"http:\/\/westwaerts-jakobsweg.at\/wp-content\/uploads\/2013\/08\/20130827-184748.jpg\" alt=\"20130827-184748.jpg\" width=\"300\" height=\"225\" \/><\/a><figcaption class=\"wp-caption-text\">Kanal de Castella kurz vor Fr\u00f3mista<\/figcaption><\/figure>\n<p><a href=\"http:\/\/westwaerts-jakobsweg.at\/wp-content\/uploads\/2013\/08\/20130827-184801.jpg\"><img decoding=\"async\" class=\"alignnone size-full\" src=\"http:\/\/westwaerts-jakobsweg.at\/wp-content\/uploads\/2013\/08\/20130827-184801.jpg\" alt=\"20130827-184801.jpg\" \/><\/a><\/p>\n","protected":false},"excerpt":{"rendered":"<p>Castrojeriz &#8211; Poblaci\u00f3n de Campos 28,8km (2779 km) Durch den l\u00e4ngsten Ort am Weg marschiert, \u00fcber den Berg Alto de Mostelares, danach wieder die herrliche Weite der endlosen Getreidefelder mit gutem R\u00fcckenwind. Kurz vor Fr\u00f3mista dann der wasserreiche und gr\u00fcn ges\u00e4umte Canal de Castella. Kaffeepause und in der Infostelle nach einem Sportgesch\u00e4ft gefragt. Gibt es erst morgen, nach 18km. Wir brauchen unbedingt neue Schuhe. Otto hat bereits Probleme mit den F\u00fc\u00dfen und meine fallen demn\u00e4chst auseinander (nicht die F\u00fc\u00dfe :-))&#8230;.<\/p>\n<p class=\"read-more\"><a class=\"btn btn-default\" href=\"http:\/\/westwaerts-jakobsweg.at\/?p=496\">Weiterlesen<span class=\"screen-reader-text\"> Weiterlesen<\/span><\/a><\/p>\n","protected":false},"author":1,"featured_media":0,"comment_status":"open","ping_status":"open","sticky":false,"template":"","format":"standard","meta":{"footnotes":""},"categories":[1,17],"tags":[],"_links":{"self":[{"href":"http:\/\/westwaerts-jakobsweg.at\/index.php?rest_route=\/wp\/v2\/posts\/496"}],"collection":[{"href":"http:\/\/westwaerts-jakobsweg.at\/index.php?rest_route=\/wp\/v2\/posts"}],"about":[{"href":"http:\/\/westwaerts-jakobsweg.at\/index.php?rest_route=\/wp\/v2\/types\/post"}],"author":[{"embeddable":true,"href":"http:\/\/westwaerts-jakobsweg.at\/index.php?rest_route=\/wp\/v2\/users\/1"}],"replies":[{"embeddable":true,"href":"http:\/\/westwaerts-jakobsweg.at\/index.php?rest_route=%2Fwp%2Fv2%2Fcomments&post=496"}],"version-history":[{"count":0,"href":"http:\/\/westwaerts-jakobsweg.at\/index.php?rest_route=\/wp\/v2\/posts\/496\/revisions"}],"wp:attachment":[{"href":"http:\/\/westwaerts-jakobsweg.at\/index.php?rest_route=%2Fwp%2Fv2%2Fmedia&parent=496"}],"wp:term":[{"taxonomy":"category","embeddable":true,"href":"http:\/\/westwaerts-jakobsweg.at\/index.php?rest_route=%2Fwp%2Fv2%2Fcategories&post=496"},{"taxonomy":"post_tag","embeddable":true,"href":"http:\/\/westwaerts-jakobsweg.at\/index.php?rest_route=%2Fwp%2Fv2%2Ftags&post=496"}],"curies":[{"name":"wp","href":"https:\/\/api.w.org\/{rel}","templated":true}]}}