{"id":501,"date":"2013-08-28T18:40:49","date_gmt":"2013-08-28T16:40:49","guid":{"rendered":"http:\/\/westwaerts-jakobsweg.at\/?p=501"},"modified":"2017-03-03T16:28:16","modified_gmt":"2017-03-03T14:28:16","slug":"tag-108","status":"publish","type":"post","link":"http:\/\/westwaerts-jakobsweg.at\/?p=501","title":{"rendered":"Tag 108"},"content":{"rendered":"<p>Poblaci\u00f3n &#8211; Calcadilla de la Cueza 33,9km (2812,9km)<\/p>\n<p>Letzte Nacht gab es eine gro\u00dfe Aufregung, jemand hatte Viecher im Bett. Ich war schon f\u00fcr den Auszug bereit, es waren zum Gl\u00fcck &#8222;nur&#8220; Ameisen. Schon bl\u00f6d f\u00fcr denjenigen aber immer noch besser wie Wanzen oder Fl\u00f6he.<br \/>\nHaben uns heute Silikon-Ohropax gekauft, hoffentlich sind die besser.<br \/>\n\u00dcber den Weg gibt es nicht viel zu berichten, eine unglaubliche Ebene, nicht ein einziger H\u00fcgel.<br \/>\nBis Carri\u00f3 de los Condes ging es entlang einer Bundesstra\u00dfe jedoch ohne Autos?<br \/>\nOtto fand dort gl\u00fccklicherweise neue Schuhe, der Schmerz in seinen F\u00fc\u00dfen wird jetzt hoffentlich langsam abzuklingen. Nur eingehen muss er sie noch, das d\u00fcrfte ja kein Problem sein :-). In meiner Gr\u00f6\u00dfe war nix mehr da, bis Le\u00f3n werden meine treuen &#8222;Alten&#8220; wohl noch durchhalten m\u00fcssen.<br \/>\nHaben uns in der Stadt noch mit Jause und Wasser eingedeckt, die n\u00e4chsten 17km keine Aussicht auf irgendwas. Ein paar B\u00e4ume gab es zumindest und zwei nette Rastpl\u00e4tze.<br \/>\nDie letzten 5km haben sich gezogen wie Strudelteig. Wenn es den Wind nicht g\u00e4be, w\u00e4re es grausam.<br \/>\nEinen sch\u00f6nen Swimmingpool gibt es im Garten unserer heutigen Albergue, niemand n\u00fctzt ihn, der Wind ist daf\u00fcr wohl zu kalt, diese verweichlichten Pilger. Aber Beine hochlagern und den Tag noch einmal in Erinnerung rufen, ist auch nicht schlecht.<br \/>\nEin Oberschnarcher ist grad eingetroffen, er hat sich gefreut uns zu sehen. Naja, wir haben ja unsere neuen St\u00f6psel und freuen uns halt auch :-).<br \/>\nMelden uns morgen wieder, tsch\u00fcss\u00a0O + R<\/p>\n<p><a href=\"http:\/\/westwaerts-jakobsweg.at\/wp-content\/uploads\/2013\/08\/20130828-184022.jpg\"><img decoding=\"async\" class=\"alignnone size-full\" src=\"http:\/\/westwaerts-jakobsweg.at\/wp-content\/uploads\/2013\/08\/20130828-184022.jpg\" alt=\"20130828-184022.jpg\" \/><\/a><\/p>\n<figure style=\"width: 300px\" class=\"wp-caption alignnone\"><a href=\"http:\/\/westwaerts-jakobsweg.at\/wp-content\/uploads\/2013\/08\/20130828-184031.jpg\"><img loading=\"lazy\" decoding=\"async\" src=\"http:\/\/westwaerts-jakobsweg.at\/wp-content\/uploads\/2013\/08\/20130828-184031.jpg\" alt=\"20130828-184031.jpg\" width=\"300\" height=\"225\" \/><\/a><figcaption class=\"wp-caption-text\">Meseta &#8222;Himmel und Weg&#8220; sto\u00dfen zusammen \ud83d\ude42<\/figcaption><\/figure>\n","protected":false},"excerpt":{"rendered":"<p>Poblaci\u00f3n &#8211; Calcadilla de la Cueza 33,9km (2812,9km) Letzte Nacht gab es eine gro\u00dfe Aufregung, jemand hatte Viecher im Bett. Ich war schon f\u00fcr den Auszug bereit, es waren zum Gl\u00fcck &#8222;nur&#8220; Ameisen. Schon bl\u00f6d f\u00fcr denjenigen aber immer noch besser wie Wanzen oder Fl\u00f6he. Haben uns heute Silikon-Ohropax gekauft, hoffentlich sind die besser. \u00dcber den Weg gibt es nicht viel zu berichten, eine unglaubliche Ebene, nicht ein einziger H\u00fcgel. Bis Carri\u00f3 de los Condes ging es entlang einer Bundesstra\u00dfe&#8230;<\/p>\n<p class=\"read-more\"><a class=\"btn btn-default\" href=\"http:\/\/westwaerts-jakobsweg.at\/?p=501\">Weiterlesen<span class=\"screen-reader-text\"> Weiterlesen<\/span><\/a><\/p>\n","protected":false},"author":1,"featured_media":0,"comment_status":"open","ping_status":"open","sticky":false,"template":"","format":"standard","meta":{"footnotes":""},"categories":[1,17],"tags":[],"_links":{"self":[{"href":"http:\/\/westwaerts-jakobsweg.at\/index.php?rest_route=\/wp\/v2\/posts\/501"}],"collection":[{"href":"http:\/\/westwaerts-jakobsweg.at\/index.php?rest_route=\/wp\/v2\/posts"}],"about":[{"href":"http:\/\/westwaerts-jakobsweg.at\/index.php?rest_route=\/wp\/v2\/types\/post"}],"author":[{"embeddable":true,"href":"http:\/\/westwaerts-jakobsweg.at\/index.php?rest_route=\/wp\/v2\/users\/1"}],"replies":[{"embeddable":true,"href":"http:\/\/westwaerts-jakobsweg.at\/index.php?rest_route=%2Fwp%2Fv2%2Fcomments&post=501"}],"version-history":[{"count":0,"href":"http:\/\/westwaerts-jakobsweg.at\/index.php?rest_route=\/wp\/v2\/posts\/501\/revisions"}],"wp:attachment":[{"href":"http:\/\/westwaerts-jakobsweg.at\/index.php?rest_route=%2Fwp%2Fv2%2Fmedia&parent=501"}],"wp:term":[{"taxonomy":"category","embeddable":true,"href":"http:\/\/westwaerts-jakobsweg.at\/index.php?rest_route=%2Fwp%2Fv2%2Fcategories&post=501"},{"taxonomy":"post_tag","embeddable":true,"href":"http:\/\/westwaerts-jakobsweg.at\/index.php?rest_route=%2Fwp%2Fv2%2Ftags&post=501"}],"curies":[{"name":"wp","href":"https:\/\/api.w.org\/{rel}","templated":true}]}}