{"id":505,"date":"2013-08-29T21:42:35","date_gmt":"2013-08-29T19:42:35","guid":{"rendered":"http:\/\/westwaerts-jakobsweg.at\/?p=505"},"modified":"2017-02-23T01:43:34","modified_gmt":"2017-02-22T23:43:34","slug":"tag-109","status":"publish","type":"post","link":"http:\/\/westwaerts-jakobsweg.at\/?p=505","title":{"rendered":"Tag 109"},"content":{"rendered":"<p>Calcadilla de la Gueza &#8211; Bercianos del Real Camino 31,9km (2844,8km)<\/p>\n<p>An die Vorarlberger Fan-Gemeinschaft, die &#8222;Lowa Renegarde&#8220; haben nach 2000km aufgegeben und wurden schweren Herzens zur\u00fcckgelassen. Das rechte Gebein schmerzt wie H\u00f6lle.<\/p>\n<p>Die Ohropax halten, endlich eine ruhige Nacht. Daf\u00fcr die ersten, angeblichen Wanzen in der Herberge. Das Licht wird\u00a0ab jetzt in den Unterk\u00fcnften erst um 6 Uhr aufgedreht, super, nur leider gibt&#8217;s da ja noch die Stirnlampen \ud83d\ude41 !<br \/>\nAm Morgen ist es zur Zeit sehr frisch und der Wind weht ziemlich stark. Der Schatten wird auch immer l\u00e4nger. Der Camino nicht sehr anspruchsvoll, meist auf Sand bzw. Schotterwegen, parallel neben der 120er Bundesstra\u00dfe. Heute ging&#8217;s auch etwas rauf und runter, zur Abwechslung. In Sahag\u00fan eine Kaffeepause und einkaufen f\u00fcr unser Abendessen. Leider schleppten wir das Essen umsonst mit, denn in der Herberge gibt&#8217;s Nachtmahl und Fr\u00fchst\u00fcck. Unter Mithilfe der Pilger wird gekocht und das alles auf freiwillige Spende.<br \/>\nLiebe Gr\u00fc\u00dfe O + R<\/p>\n<p><a href=\"http:\/\/westwaerts-jakobsweg.at\/wp-content\/uploads\/2013\/08\/20130829-214214.jpg\"><img decoding=\"async\" class=\"alignnone size-full\" src=\"http:\/\/westwaerts-jakobsweg.at\/wp-content\/uploads\/2013\/08\/20130829-214214.jpg\" alt=\"20130829-214214.jpg\" \/><\/a><\/p>\n<p><a href=\"http:\/\/westwaerts-jakobsweg.at\/wp-content\/uploads\/2013\/08\/20130829-214222.jpg\"><img decoding=\"async\" class=\"alignnone size-full\" src=\"http:\/\/westwaerts-jakobsweg.at\/wp-content\/uploads\/2013\/08\/20130829-214222.jpg\" alt=\"20130829-214222.jpg\" \/><\/a><\/p>\n","protected":false},"excerpt":{"rendered":"<p>Calcadilla de la Gueza &#8211; Bercianos del Real Camino 31,9km (2844,8km) An die Vorarlberger Fan-Gemeinschaft, die &#8222;Lowa Renegarde&#8220; haben nach 2000km aufgegeben und wurden schweren Herzens zur\u00fcckgelassen. Das rechte Gebein schmerzt wie H\u00f6lle. Die Ohropax halten, endlich eine ruhige Nacht. Daf\u00fcr die ersten, angeblichen Wanzen in der Herberge. Das Licht wird\u00a0ab jetzt in den Unterk\u00fcnften erst um 6 Uhr aufgedreht, super, nur leider gibt&#8217;s da ja noch die Stirnlampen \ud83d\ude41 ! Am Morgen ist es zur Zeit sehr frisch und&#8230;<\/p>\n<p class=\"read-more\"><a class=\"btn btn-default\" href=\"http:\/\/westwaerts-jakobsweg.at\/?p=505\">Weiterlesen<span class=\"screen-reader-text\"> Weiterlesen<\/span><\/a><\/p>\n","protected":false},"author":1,"featured_media":0,"comment_status":"open","ping_status":"open","sticky":false,"template":"","format":"standard","meta":{"footnotes":""},"categories":[1,17],"tags":[],"_links":{"self":[{"href":"http:\/\/westwaerts-jakobsweg.at\/index.php?rest_route=\/wp\/v2\/posts\/505"}],"collection":[{"href":"http:\/\/westwaerts-jakobsweg.at\/index.php?rest_route=\/wp\/v2\/posts"}],"about":[{"href":"http:\/\/westwaerts-jakobsweg.at\/index.php?rest_route=\/wp\/v2\/types\/post"}],"author":[{"embeddable":true,"href":"http:\/\/westwaerts-jakobsweg.at\/index.php?rest_route=\/wp\/v2\/users\/1"}],"replies":[{"embeddable":true,"href":"http:\/\/westwaerts-jakobsweg.at\/index.php?rest_route=%2Fwp%2Fv2%2Fcomments&post=505"}],"version-history":[{"count":0,"href":"http:\/\/westwaerts-jakobsweg.at\/index.php?rest_route=\/wp\/v2\/posts\/505\/revisions"}],"wp:attachment":[{"href":"http:\/\/westwaerts-jakobsweg.at\/index.php?rest_route=%2Fwp%2Fv2%2Fmedia&parent=505"}],"wp:term":[{"taxonomy":"category","embeddable":true,"href":"http:\/\/westwaerts-jakobsweg.at\/index.php?rest_route=%2Fwp%2Fv2%2Fcategories&post=505"},{"taxonomy":"post_tag","embeddable":true,"href":"http:\/\/westwaerts-jakobsweg.at\/index.php?rest_route=%2Fwp%2Fv2%2Ftags&post=505"}],"curies":[{"name":"wp","href":"https:\/\/api.w.org\/{rel}","templated":true}]}}