{"id":6863,"date":"2017-04-25T18:42:07","date_gmt":"2017-04-25T16:42:07","guid":{"rendered":"http:\/\/westwaerts-jakobsweg.at\/?p=6863"},"modified":"2018-03-16T13:15:06","modified_gmt":"2018-03-16T11:15:06","slug":"wien-paris-vezelay","status":"publish","type":"post","link":"http:\/\/westwaerts-jakobsweg.at\/?p=6863","title":{"rendered":"Wieder ein Weg??"},"content":{"rendered":"<p>Sehr ungewiss war und ist es noch immer, ob und wie der Weg in diesem Jahr funktionieren wird.<br \/>\nEinige Wehwehchen wollen mir den Weg versauen aber das versuche ich nicht zuzulassen.<br \/>\nAm 17.05. fliegen wir nach Frankreich und am 18.05. starten wir den Jakobsweg Via Lemovicensis.<br \/>\nEr beginnt in V\u00e9zelay im Burgund, f\u00fchrt durch das Herz von Frankreich und endet in Saint-Jean-Pied-de-Port, bei den Pyren\u00e4en.<br \/>\nZum Abschluss wollen wir noch ein St\u00fcck entlang der Pyren\u00e4en, bis Irun wandern, wo es dann mir dem Flugzeug zur\u00fcck nach Wien geht.<br \/>\nSollte es mit dem Gehen nicht funktionieren, werde ich mir ein Rad kaufen und der arme Otto muss hinter mir herschnaufen ;-). Na hoffentlich nicht.<br \/>\nWarum wir diesen Weg gehen? 2013 in SJPdP, durften wir 2 Tage bei Huberta und Arno, in der Herberge &#8222;L&#8217;Esprit du Chemin verbringen. Die Beiden haben diese Herberge 2014 verkauft und in Le Chemin, auf der Via Lemovicensis, eine Neue er\u00f6ffnet. Ja, so entstand die Idee diesen Weg zu gehen.<br \/>\nBis zum Weg &#x1f60e; O + R<\/p>\n<p>&nbsp;<\/p>\n","protected":false},"excerpt":{"rendered":"<p>Sehr ungewiss war und ist es noch immer, ob und wie der Weg in diesem Jahr funktionieren wird. Einige Wehwehchen wollen mir den Weg versauen aber das versuche ich nicht zuzulassen. Am 17.05. fliegen wir nach Frankreich und am 18.05. starten wir den Jakobsweg Via Lemovicensis. Er beginnt in V\u00e9zelay im Burgund, f\u00fchrt durch das Herz von Frankreich und endet in Saint-Jean-Pied-de-Port, bei den Pyren\u00e4en. Zum Abschluss wollen wir noch ein St\u00fcck entlang der Pyren\u00e4en, bis Irun wandern, wo es&#8230;<\/p>\n<p class=\"read-more\"><a class=\"btn btn-default\" href=\"http:\/\/westwaerts-jakobsweg.at\/?p=6863\">Weiterlesen<span class=\"screen-reader-text\"> Weiterlesen<\/span><\/a><\/p>\n","protected":false},"author":1,"featured_media":8573,"comment_status":"open","ping_status":"open","sticky":false,"template":"","format":"standard","meta":{"footnotes":""},"categories":[21,20],"tags":[],"_links":{"self":[{"href":"http:\/\/westwaerts-jakobsweg.at\/index.php?rest_route=\/wp\/v2\/posts\/6863"}],"collection":[{"href":"http:\/\/westwaerts-jakobsweg.at\/index.php?rest_route=\/wp\/v2\/posts"}],"about":[{"href":"http:\/\/westwaerts-jakobsweg.at\/index.php?rest_route=\/wp\/v2\/types\/post"}],"author":[{"embeddable":true,"href":"http:\/\/westwaerts-jakobsweg.at\/index.php?rest_route=\/wp\/v2\/users\/1"}],"replies":[{"embeddable":true,"href":"http:\/\/westwaerts-jakobsweg.at\/index.php?rest_route=%2Fwp%2Fv2%2Fcomments&post=6863"}],"version-history":[{"count":0,"href":"http:\/\/westwaerts-jakobsweg.at\/index.php?rest_route=\/wp\/v2\/posts\/6863\/revisions"}],"wp:featuredmedia":[{"embeddable":true,"href":"http:\/\/westwaerts-jakobsweg.at\/index.php?rest_route=\/wp\/v2\/media\/8573"}],"wp:attachment":[{"href":"http:\/\/westwaerts-jakobsweg.at\/index.php?rest_route=%2Fwp%2Fv2%2Fmedia&parent=6863"}],"wp:term":[{"taxonomy":"category","embeddable":true,"href":"http:\/\/westwaerts-jakobsweg.at\/index.php?rest_route=%2Fwp%2Fv2%2Fcategories&post=6863"},{"taxonomy":"post_tag","embeddable":true,"href":"http:\/\/westwaerts-jakobsweg.at\/index.php?rest_route=%2Fwp%2Fv2%2Ftags&post=6863"}],"curies":[{"name":"wp","href":"https:\/\/api.w.org\/{rel}","templated":true}]}}