{"id":723,"date":"2014-05-20T18:00:50","date_gmt":"2014-05-20T16:00:50","guid":{"rendered":"http:\/\/westwaerts-jakobsweg.at\/?p=723"},"modified":"2017-03-06T20:14:22","modified_gmt":"2017-03-06T18:14:22","slug":"tag-15-2","status":"publish","type":"post","link":"http:\/\/westwaerts-jakobsweg.at\/?p=723","title":{"rendered":"Tag 15"},"content":{"rendered":"<p>Colombres &#8211; P\u00f3o 28,2km (395km)<\/p>\n<p>In der Nacht hat es ordentlich gesch\u00fcttet, bereits in der Fr\u00fch herrliche Sonne.<br \/>\nDer Weg zu Beginn \u00e4tzend, entlang einer stark frequentierten Bundesstra\u00dfe.<br \/>\nIn Buelna hat dann ein Vogel auf Ottos Kopf geschissen, haha :-), ab da war das Gl\u00fcck auf unserer Seite.<br \/>\nWanderwege wie auf der Alm, \u00fcber eine Anh\u00f6he hatten wir pl\u00f6tzlich das Meer vor uns mit einem einmaligen Naturph\u00e4nomen. Die &#8222;Bufones de arenillas&#8220;. Durch Verkarstungen an der Steilk\u00fcste sind Aush\u00f6hlungen im Felsboden entstanden. Die Wellen donnern in die Felsh\u00f6hlen und aus dem Loch&#8220; faucht&#8220; und &#8222;raucht&#8220; es, direkt be\u00e4ngstigend. Otto meint, es h\u00f6rt sich an als w\u00fcrde die Erde atmen. Bei starken Seegang schie\u00dfen die Wellen angeblich bis zu 20m hoch aus dem Krater.<br \/>\nWeiter ging&#8217;s durch einem Eukalyptuswald, unten l\u00e4uft ein Fluss ins Meer, alles ist verwachsen mit Farn. Fehlt nur noch der Hase von Alice im Wunderland.<br \/>\nPause und Magenf\u00fcllung in Andr\u00edn, weiter ging der sch\u00f6ne Weg bis Llanes. Rechts das Meer und links ganz nah die Berge.<br \/>\nCaro, wir k\u00f6nnen dich fast sehen :-), buen Camino, das Wetter passt heute f\u00fcr die Berge.<br \/>\nDrau\u00dfen von der Stadt, fragt Eduard eine Frau nach dem Weg nach P\u00f3o, sie begleitet uns fast bis zur Herberge, die wieder einmal sehr speziell ist.<br \/>\nSitzen im Garten bei einem Kaffeetscherl, Pilger haben echt einen Lenz :-).<br \/>\nZu John aus Manchester, der auch grad daher kommt: Er ist 72 Jahre und ist der reine Wahnsinn. Er lebt auf dem Camino richtig auf, marschiert t\u00e4glich gleich lange Strecken wie wir und ist immer gut drauf.<br \/>\nBuenas tardes sagen O + R<\/p>\n<p><a href=\"http:\/\/westwaerts-jakobsweg.at\/wp-content\/uploads\/2014\/05\/20140520-175955.jpg\"><img decoding=\"async\" class=\"alignnone size-full\" src=\"http:\/\/westwaerts-jakobsweg.at\/wp-content\/uploads\/2014\/05\/20140520-175955.jpg\" alt=\"20140520-175955.jpg\" \/><\/a><\/p>\n<p><a href=\"http:\/\/westwaerts-jakobsweg.at\/wp-content\/uploads\/2014\/05\/20140520-180010.jpg\"><img decoding=\"async\" class=\"alignnone size-full\" src=\"http:\/\/westwaerts-jakobsweg.at\/wp-content\/uploads\/2014\/05\/20140520-180010.jpg\" alt=\"20140520-180010.jpg\" \/><\/a><\/p>\n<figure style=\"width: 225px\" class=\"wp-caption alignnone\"><a href=\"http:\/\/westwaerts-jakobsweg.at\/wp-content\/uploads\/2014\/05\/20140520-180022.jpg\"><img loading=\"lazy\" decoding=\"async\" src=\"http:\/\/westwaerts-jakobsweg.at\/wp-content\/uploads\/2014\/05\/20140520-180022.jpg\" alt=\"20140520-180022.jpg\" width=\"225\" height=\"300\" \/><\/a><figcaption class=\"wp-caption-text\">Pilgerfreund John, Bar-Sp\u00e4her \ud83d\ude42<\/figcaption><\/figure>\n","protected":false},"excerpt":{"rendered":"<p>Colombres &#8211; P\u00f3o 28,2km (395km) In der Nacht hat es ordentlich gesch\u00fcttet, bereits in der Fr\u00fch herrliche Sonne. Der Weg zu Beginn \u00e4tzend, entlang einer stark frequentierten Bundesstra\u00dfe. In Buelna hat dann ein Vogel auf Ottos Kopf geschissen, haha :-), ab da war das Gl\u00fcck auf unserer Seite. Wanderwege wie auf der Alm, \u00fcber eine Anh\u00f6he hatten wir pl\u00f6tzlich das Meer vor uns mit einem einmaligen Naturph\u00e4nomen. Die &#8222;Bufones de arenillas&#8220;. Durch Verkarstungen an der Steilk\u00fcste sind Aush\u00f6hlungen im Felsboden&#8230;<\/p>\n<p class=\"read-more\"><a class=\"btn btn-default\" href=\"http:\/\/westwaerts-jakobsweg.at\/?p=723\">Weiterlesen<span class=\"screen-reader-text\"> Weiterlesen<\/span><\/a><\/p>\n","protected":false},"author":1,"featured_media":0,"comment_status":"open","ping_status":"open","sticky":false,"template":"","format":"standard","meta":{"footnotes":""},"categories":[5,16],"tags":[],"_links":{"self":[{"href":"http:\/\/westwaerts-jakobsweg.at\/index.php?rest_route=\/wp\/v2\/posts\/723"}],"collection":[{"href":"http:\/\/westwaerts-jakobsweg.at\/index.php?rest_route=\/wp\/v2\/posts"}],"about":[{"href":"http:\/\/westwaerts-jakobsweg.at\/index.php?rest_route=\/wp\/v2\/types\/post"}],"author":[{"embeddable":true,"href":"http:\/\/westwaerts-jakobsweg.at\/index.php?rest_route=\/wp\/v2\/users\/1"}],"replies":[{"embeddable":true,"href":"http:\/\/westwaerts-jakobsweg.at\/index.php?rest_route=%2Fwp%2Fv2%2Fcomments&post=723"}],"version-history":[{"count":0,"href":"http:\/\/westwaerts-jakobsweg.at\/index.php?rest_route=\/wp\/v2\/posts\/723\/revisions"}],"wp:attachment":[{"href":"http:\/\/westwaerts-jakobsweg.at\/index.php?rest_route=%2Fwp%2Fv2%2Fmedia&parent=723"}],"wp:term":[{"taxonomy":"category","embeddable":true,"href":"http:\/\/westwaerts-jakobsweg.at\/index.php?rest_route=%2Fwp%2Fv2%2Fcategories&post=723"},{"taxonomy":"post_tag","embeddable":true,"href":"http:\/\/westwaerts-jakobsweg.at\/index.php?rest_route=%2Fwp%2Fv2%2Ftags&post=723"}],"curies":[{"name":"wp","href":"https:\/\/api.w.org\/{rel}","templated":true}]}}